{"id":3991,"date":"2024-05-17T20:00:11","date_gmt":"2024-05-17T19:00:11","guid":{"rendered":"https:\/\/tenislastorres.com\/tenis\/?p=3991"},"modified":"2025-07-31T08:52:21","modified_gmt":"2025-07-31T07:52:21","slug":"xxiii-12-horas-de-tenis-2024-2","status":"publish","type":"post","link":"https:\/\/tenislastorres.com\/tenis\/2024\/05\/xxiii-12-horas-de-tenis-2024-2\/","title":{"rendered":"XXIII 12 horas de tenis-2024"},"content":{"rendered":"\n<p><a href=\"https:\/\/tenislastorres.com\/tenis\/wp-content\/uploads\/2024\/05\/Jesus-Carrasco-se-impone-en-la-23a-edicion-de-las-XII-Horas-de-Tenis.jpg\"><img loading=\"lazy\" decoding=\"async\" class=\"alignnone  wp-image-3992\" src=\"https:\/\/tenislastorres.com\/tenis\/wp-content\/uploads\/2024\/05\/Jesus-Carrasco-se-impone-en-la-23a-edicion-de-las-XII-Horas-de-Tenis-300x134.jpg\" alt=\"\" width=\"322\" height=\"144\" srcset=\"https:\/\/tenislastorres.com\/tenis\/wp-content\/uploads\/2024\/05\/Jesus-Carrasco-se-impone-en-la-23a-edicion-de-las-XII-Horas-de-Tenis-300x134.jpg 300w, https:\/\/tenislastorres.com\/tenis\/wp-content\/uploads\/2024\/05\/Jesus-Carrasco-se-impone-en-la-23a-edicion-de-las-XII-Horas-de-Tenis-1024x456.jpg 1024w, https:\/\/tenislastorres.com\/tenis\/wp-content\/uploads\/2024\/05\/Jesus-Carrasco-se-impone-en-la-23a-edicion-de-las-XII-Horas-de-Tenis-768x342.jpg 768w, https:\/\/tenislastorres.com\/tenis\/wp-content\/uploads\/2024\/05\/Jesus-Carrasco-se-impone-en-la-23a-edicion-de-las-XII-Horas-de-Tenis-1536x685.jpg 1536w, https:\/\/tenislastorres.com\/tenis\/wp-content\/uploads\/2024\/05\/Jesus-Carrasco-se-impone-en-la-23a-edicion-de-las-XII-Horas-de-Tenis-604x270.jpg 604w, https:\/\/tenislastorres.com\/tenis\/wp-content\/uploads\/2024\/05\/Jesus-Carrasco-se-impone-en-la-23a-edicion-de-las-XII-Horas-de-Tenis.jpg 1999w\" sizes=\"auto, (max-width: 322px) 100vw, 322px\" \/><\/a><\/p>\n<p><a href=\"https:\/\/tenislastorres.com\/tenis\/wp-content\/uploads\/2024\/05\/Jesus-Carrasco-1.jpg\"><img loading=\"lazy\" decoding=\"async\" class=\"alignnone size-medium wp-image-3994\" src=\"https:\/\/tenislastorres.com\/tenis\/wp-content\/uploads\/2024\/05\/Jesus-Carrasco-1-289x300.jpg\" alt=\"\" width=\"289\" height=\"300\" srcset=\"https:\/\/tenislastorres.com\/tenis\/wp-content\/uploads\/2024\/05\/Jesus-Carrasco-1-289x300.jpg 289w, https:\/\/tenislastorres.com\/tenis\/wp-content\/uploads\/2024\/05\/Jesus-Carrasco-1-768x796.jpg 768w, https:\/\/tenislastorres.com\/tenis\/wp-content\/uploads\/2024\/05\/Jesus-Carrasco-1.jpg 863w\" sizes=\"auto, (max-width: 289px) 100vw, 289px\" \/><\/a> <a href=\"https:\/\/tenislastorres.com\/tenis\/wp-content\/uploads\/2024\/05\/JJ-Breis.jpg\"><img loading=\"lazy\" decoding=\"async\" class=\"alignnone size-medium wp-image-3995\" src=\"https:\/\/tenislastorres.com\/tenis\/wp-content\/uploads\/2024\/05\/JJ-Breis-278x300.jpg\" alt=\"\" width=\"278\" height=\"300\" srcset=\"https:\/\/tenislastorres.com\/tenis\/wp-content\/uploads\/2024\/05\/JJ-Breis-278x300.jpg 278w, https:\/\/tenislastorres.com\/tenis\/wp-content\/uploads\/2024\/05\/JJ-Breis-768x829.jpg 768w, https:\/\/tenislastorres.com\/tenis\/wp-content\/uploads\/2024\/05\/JJ-Breis.jpg 843w\" sizes=\"auto, (max-width: 278px) 100vw, 278px\" \/><\/a> <a href=\"https:\/\/tenislastorres.com\/tenis\/wp-content\/uploads\/2024\/05\/Roman-Marti.jpg\"><img loading=\"lazy\" decoding=\"async\" class=\"alignnone size-medium wp-image-3996\" src=\"https:\/\/tenislastorres.com\/tenis\/wp-content\/uploads\/2024\/05\/Roman-Marti-285x300.jpg\" alt=\"\" width=\"285\" height=\"300\" srcset=\"https:\/\/tenislastorres.com\/tenis\/wp-content\/uploads\/2024\/05\/Roman-Marti-285x300.jpg 285w, https:\/\/tenislastorres.com\/tenis\/wp-content\/uploads\/2024\/05\/Roman-Marti-973x1024.jpg 973w, https:\/\/tenislastorres.com\/tenis\/wp-content\/uploads\/2024\/05\/Roman-Marti-768x809.jpg 768w, https:\/\/tenislastorres.com\/tenis\/wp-content\/uploads\/2024\/05\/Roman-Marti-1459x1536.jpg 1459w, https:\/\/tenislastorres.com\/tenis\/wp-content\/uploads\/2024\/05\/Roman-Marti.jpg 1800w\" sizes=\"auto, (max-width: 285px) 100vw, 285px\" \/><\/a> <a href=\"https:\/\/tenislastorres.com\/tenis\/wp-content\/uploads\/2024\/05\/Angel-Jimenez.jpg\"><img loading=\"lazy\" decoding=\"async\" class=\"alignnone size-medium wp-image-3997\" src=\"https:\/\/tenislastorres.com\/tenis\/wp-content\/uploads\/2024\/05\/Angel-Jimenez-300x292.jpg\" alt=\"\" width=\"300\" height=\"292\" srcset=\"https:\/\/tenislastorres.com\/tenis\/wp-content\/uploads\/2024\/05\/Angel-Jimenez-300x292.jpg 300w, https:\/\/tenislastorres.com\/tenis\/wp-content\/uploads\/2024\/05\/Angel-Jimenez-1024x998.jpg 1024w, https:\/\/tenislastorres.com\/tenis\/wp-content\/uploads\/2024\/05\/Angel-Jimenez-768x749.jpg 768w, https:\/\/tenislastorres.com\/tenis\/wp-content\/uploads\/2024\/05\/Angel-Jimenez-1536x1497.jpg 1536w, https:\/\/tenislastorres.com\/tenis\/wp-content\/uploads\/2024\/05\/Angel-Jimenez.jpg 1775w\" sizes=\"auto, (max-width: 300px) 100vw, 300px\" \/><\/a> <a href=\"https:\/\/tenislastorres.com\/tenis\/wp-content\/uploads\/2024\/05\/Pepe-Mtz.jpg\"><img loading=\"lazy\" decoding=\"async\" class=\"alignnone  wp-image-3998\" src=\"https:\/\/tenislastorres.com\/tenis\/wp-content\/uploads\/2024\/05\/Pepe-Mtz-280x300.jpg\" alt=\"\" width=\"273\" height=\"293\" srcset=\"https:\/\/tenislastorres.com\/tenis\/wp-content\/uploads\/2024\/05\/Pepe-Mtz-280x300.jpg 280w, https:\/\/tenislastorres.com\/tenis\/wp-content\/uploads\/2024\/05\/Pepe-Mtz-956x1024.jpg 956w, https:\/\/tenislastorres.com\/tenis\/wp-content\/uploads\/2024\/05\/Pepe-Mtz-768x823.jpg 768w, https:\/\/tenislastorres.com\/tenis\/wp-content\/uploads\/2024\/05\/Pepe-Mtz-1434x1536.jpg 1434w, https:\/\/tenislastorres.com\/tenis\/wp-content\/uploads\/2024\/05\/Pepe-Mtz.jpg 1800w\" sizes=\"auto, (max-width: 273px) 100vw, 273px\" \/><\/a> <a href=\"https:\/\/tenislastorres.com\/tenis\/wp-content\/uploads\/2024\/05\/Alfonso.jpg\"><img loading=\"lazy\" decoding=\"async\" class=\"alignnone  wp-image-3999\" src=\"https:\/\/tenislastorres.com\/tenis\/wp-content\/uploads\/2024\/05\/Alfonso-300x280.jpg\" alt=\"\" width=\"305\" height=\"285\" srcset=\"https:\/\/tenislastorres.com\/tenis\/wp-content\/uploads\/2024\/05\/Alfonso-300x280.jpg 300w, https:\/\/tenislastorres.com\/tenis\/wp-content\/uploads\/2024\/05\/Alfonso-1024x957.jpg 1024w, https:\/\/tenislastorres.com\/tenis\/wp-content\/uploads\/2024\/05\/Alfonso-768x718.jpg 768w, https:\/\/tenislastorres.com\/tenis\/wp-content\/uploads\/2024\/05\/Alfonso-1536x1435.jpg 1536w, https:\/\/tenislastorres.com\/tenis\/wp-content\/uploads\/2024\/05\/Alfonso.jpg 1800w\" sizes=\"auto, (max-width: 305px) 100vw, 305px\" \/> <\/a><a href=\"https:\/\/tenislastorres.com\/tenis\/wp-content\/uploads\/2024\/05\/J.A.-Granados.jpg\"><img loading=\"lazy\" decoding=\"async\" class=\"alignnone size-medium wp-image-4000\" src=\"https:\/\/tenislastorres.com\/tenis\/wp-content\/uploads\/2024\/05\/J.A.-Granados-284x300.jpg\" alt=\"\" width=\"284\" height=\"300\" srcset=\"https:\/\/tenislastorres.com\/tenis\/wp-content\/uploads\/2024\/05\/J.A.-Granados-284x300.jpg 284w, https:\/\/tenislastorres.com\/tenis\/wp-content\/uploads\/2024\/05\/J.A.-Granados-969x1024.jpg 969w, https:\/\/tenislastorres.com\/tenis\/wp-content\/uploads\/2024\/05\/J.A.-Granados-768x812.jpg 768w, https:\/\/tenislastorres.com\/tenis\/wp-content\/uploads\/2024\/05\/J.A.-Granados-1454x1536.jpg 1454w, https:\/\/tenislastorres.com\/tenis\/wp-content\/uploads\/2024\/05\/J.A.-Granados.jpg 1800w\" sizes=\"auto, (max-width: 284px) 100vw, 284px\" \/> <\/a><a href=\"https:\/\/tenislastorres.com\/tenis\/wp-content\/uploads\/2024\/05\/J.Ant-Lopez.jpg\"><img loading=\"lazy\" decoding=\"async\" class=\"alignnone size-medium wp-image-4001\" src=\"https:\/\/tenislastorres.com\/tenis\/wp-content\/uploads\/2024\/05\/J.Ant-Lopez-300x294.jpg\" alt=\"\" width=\"300\" height=\"294\" srcset=\"https:\/\/tenislastorres.com\/tenis\/wp-content\/uploads\/2024\/05\/J.Ant-Lopez-300x294.jpg 300w, https:\/\/tenislastorres.com\/tenis\/wp-content\/uploads\/2024\/05\/J.Ant-Lopez-1024x1004.jpg 1024w, https:\/\/tenislastorres.com\/tenis\/wp-content\/uploads\/2024\/05\/J.Ant-Lopez-768x753.jpg 768w, https:\/\/tenislastorres.com\/tenis\/wp-content\/uploads\/2024\/05\/J.Ant-Lopez-1536x1506.jpg 1536w, https:\/\/tenislastorres.com\/tenis\/wp-content\/uploads\/2024\/05\/J.Ant-Lopez.jpg 1800w\" sizes=\"auto, (max-width: 300px) 100vw, 300px\" \/> <\/a><a href=\"https:\/\/tenislastorres.com\/tenis\/wp-content\/uploads\/2024\/05\/Jesualdo-breis.jpg\"><img loading=\"lazy\" decoding=\"async\" class=\"alignnone  wp-image-4002\" src=\"https:\/\/tenislastorres.com\/tenis\/wp-content\/uploads\/2024\/05\/Jesualdo-breis-264x300.jpg\" alt=\"\" width=\"281\" height=\"319\" srcset=\"https:\/\/tenislastorres.com\/tenis\/wp-content\/uploads\/2024\/05\/Jesualdo-breis-264x300.jpg 264w, https:\/\/tenislastorres.com\/tenis\/wp-content\/uploads\/2024\/05\/Jesualdo-breis-768x872.jpg 768w, https:\/\/tenislastorres.com\/tenis\/wp-content\/uploads\/2024\/05\/Jesualdo-breis.jpg 860w\" sizes=\"auto, (max-width: 281px) 100vw, 281px\" \/> <\/a><a href=\"https:\/\/tenislastorres.com\/tenis\/wp-content\/uploads\/2024\/05\/Jose-Carlos-Samper-1.jpg\"><img loading=\"lazy\" decoding=\"async\" class=\"alignnone size-medium wp-image-4003\" src=\"https:\/\/tenislastorres.com\/tenis\/wp-content\/uploads\/2024\/05\/Jose-Carlos-Samper-1-290x300.jpg\" alt=\"\" width=\"290\" height=\"300\" srcset=\"https:\/\/tenislastorres.com\/tenis\/wp-content\/uploads\/2024\/05\/Jose-Carlos-Samper-1-290x300.jpg 290w, https:\/\/tenislastorres.com\/tenis\/wp-content\/uploads\/2024\/05\/Jose-Carlos-Samper-1-992x1024.jpg 992w, https:\/\/tenislastorres.com\/tenis\/wp-content\/uploads\/2024\/05\/Jose-Carlos-Samper-1-768x793.jpg 768w, https:\/\/tenislastorres.com\/tenis\/wp-content\/uploads\/2024\/05\/Jose-Carlos-Samper-1-1487x1536.jpg 1487w, https:\/\/tenislastorres.com\/tenis\/wp-content\/uploads\/2024\/05\/Jose-Carlos-Samper-1.jpg 1800w\" sizes=\"auto, (max-width: 290px) 100vw, 290px\" \/> <\/a><a href=\"https:\/\/tenislastorres.com\/tenis\/wp-content\/uploads\/2024\/05\/Jugadores-1.jpg\"><img loading=\"lazy\" decoding=\"async\" class=\"alignnone  wp-image-4004\" src=\"https:\/\/tenislastorres.com\/tenis\/wp-content\/uploads\/2024\/05\/Jugadores-1-217x300.jpg\" alt=\"\" width=\"245\" height=\"339\" srcset=\"https:\/\/tenislastorres.com\/tenis\/wp-content\/uploads\/2024\/05\/Jugadores-1-217x300.jpg 217w, https:\/\/tenislastorres.com\/tenis\/wp-content\/uploads\/2024\/05\/Jugadores-1-742x1024.jpg 742w, https:\/\/tenislastorres.com\/tenis\/wp-content\/uploads\/2024\/05\/Jugadores-1-768x1060.jpg 768w, https:\/\/tenislastorres.com\/tenis\/wp-content\/uploads\/2024\/05\/Jugadores-1-1113x1536.jpg 1113w, https:\/\/tenislastorres.com\/tenis\/wp-content\/uploads\/2024\/05\/Jugadores-1-1483x2048.jpg 1483w, https:\/\/tenislastorres.com\/tenis\/wp-content\/uploads\/2024\/05\/Jugadores-1.jpg 1800w\" sizes=\"auto, (max-width: 245px) 100vw, 245px\" \/><\/a><\/p>\n\n\n\n\n\n<p><span style=\"background-color: #ccffff;\"><strong><span style=\"color: #0000ff;\">XXIII 12 Horas de Tenis \u2013 11 mayo 2024<\/span><\/strong><\/span><\/p>\n<p><span style=\"color: #0000ff;\">El pasado s\u00e1bado 11 de mayo-24 se ha disputado la 23\u00aa edici\u00f3n del torneo de 12 horas de tenis, organizado por la Asociaci\u00f3n de Tenis Las Torres. Como en a\u00f1os precedentes, se ha contado con la colaboraci\u00f3n de la concejal\u00eda de Deportes del Ayto. de Las Torres de Cotillas.<\/span><\/p>\n<p><span style=\"color: #0000ff;\">La organizaci\u00f3n ha facilitado vales de consumici\u00f3n para todos los participantes, as\u00ed como bolas, agua y trofeos.<\/span><\/p>\n<p><span style=\"color: #0000ff;\">El torneo cont\u00f3 con una veintena de tenistas distribuidos en 4 grupos por nivel de juego, y en sistema liga, pasando una jornada completa de tenis y buena armon\u00eda entre todos los participantes.<\/span><\/p>\n<p><span style=\"color: #0000ff;\">Los 2 primeros clasificados de cada grupo fueron galardonados con trofeos, gentileza de la Asoc. Tenis Las Torres.<\/span><\/p>\n<p><span style=\"color: #0000ff;\"><strong><u>Categor\u00eda Diamante<\/u><\/strong>:<\/span><\/p>\n<p><span style=\"color: #0000ff;\">1\u00ba Jes\u00fas Carrasco<\/span><\/p>\n<p><span style=\"color: #0000ff;\">2\u00aa J. J. Breis<\/span><\/p>\n<p><span style=\"color: #0000ff;\"><strong><u>Categor\u00eda Rub\u00ed<\/u><\/strong>:<\/span><\/p>\n<p><span style=\"color: #0000ff;\">1\u00ba Rom\u00e1n Mart\u00ed<\/span><\/p>\n<p><span style=\"color: #0000ff;\">2\u00aa Angel Jim\u00e9nez<\/span><\/p>\n<p><span style=\"color: #0000ff;\"><strong><u>Categor\u00eda Zafiro:<\/u><\/strong><\/span><\/p>\n<p><span style=\"color: #0000ff;\">1\u00ba Alfonso Garc\u00eda<\/span><\/p>\n<p><span style=\"color: #0000ff;\">2\u00aa Pepe Mart\u00ednez<\/span><\/p>\n<p><span style=\"color: #0000ff;\"><strong><u>Categor\u00eda Esmeralda:<\/u><\/strong><\/span><\/p>\n<p><span style=\"color: #0000ff;\">1\u00ba Jos\u00e9 Antonio Granados Jr.<\/span><\/p>\n<p><span style=\"color: #0000ff;\">2\u00aa Jos\u00e9 Antonio L\u00f3pez<\/span><\/p>\n<p><span style=\"color: #0000ff;\">Adem\u00e1s, la Asociaci\u00f3n de Tenis Las Torres, tuvo a bien conceder 2 trofeos especiales:<\/span><\/p>\n<ul>\n<li><span style=\"color: #0000ff;\">Trofeo a la <u>Competitividad<\/u> concedido a <u>Jos\u00e9 Carlos Samper<\/u>, y el de la <u>Deportividad, a <\/u><u>Jesualdo Breis<\/u>.<\/span><\/li>\n<\/ul>\n<p><span style=\"color: #0000ff;\">Tambi\u00e9n se sorte\u00f3 un jam\u00f3n y botella de vino, cuyo agraciado fue Juan Antonio Liza.<\/span><\/p>\n<p><span style=\"color: #0000ff;\">Los trofeos fueron entregados por el Pte. de la Asoc. Tenis Las Torres, Pepe Mart\u00ednez, y los ediles Fco. Jos\u00e9 Torres (Deportes) y Fco. Juan Leal (Comercio).<\/span><\/p>\n<p>\u00a0<\/p>\n","protected":false},"excerpt":{"rendered":"<p>XXIII 12 Horas de Tenis \u2013 11 mayo 2024 El pasado s\u00e1bado 11 de mayo-24 se ha disputado la 23\u00aa edici\u00f3n del torneo de 12 horas de tenis, organizado por la Asociaci\u00f3n de Tenis Las Torres. Como en a\u00f1os precedentes, se ha contado con la colaboraci\u00f3n de la concejal\u00eda de Deportes del Ayto. de Las &hellip; <a href=\"https:\/\/tenislastorres.com\/tenis\/2024\/05\/xxiii-12-horas-de-tenis-2024-2\/\" class=\"more-link\">Seguir leyendo <span class=\"screen-reader-text\">XXIII 12 horas de tenis-2024<\/span> <span class=\"meta-nav\">&rarr;<\/span><\/a><\/p>\n","protected":false},"author":2,"featured_media":0,"comment_status":"closed","ping_status":"closed","sticky":false,"template":"","format":"standard","meta":{"footnotes":""},"categories":[7,3,1],"tags":[],"class_list":["post-3991","post","type-post","status-publish","format-standard","hentry","category-eventos","category-noticias","category-sin-categoria"],"_links":{"self":[{"href":"https:\/\/tenislastorres.com\/tenis\/wp-json\/wp\/v2\/posts\/3991","targetHints":{"allow":["GET"]}}],"collection":[{"href":"https:\/\/tenislastorres.com\/tenis\/wp-json\/wp\/v2\/posts"}],"about":[{"href":"https:\/\/tenislastorres.com\/tenis\/wp-json\/wp\/v2\/types\/post"}],"author":[{"embeddable":true,"href":"https:\/\/tenislastorres.com\/tenis\/wp-json\/wp\/v2\/users\/2"}],"replies":[{"embeddable":true,"href":"https:\/\/tenislastorres.com\/tenis\/wp-json\/wp\/v2\/comments?post=3991"}],"version-history":[{"count":2,"href":"https:\/\/tenislastorres.com\/tenis\/wp-json\/wp\/v2\/posts\/3991\/revisions"}],"predecessor-version":[{"id":4005,"href":"https:\/\/tenislastorres.com\/tenis\/wp-json\/wp\/v2\/posts\/3991\/revisions\/4005"}],"wp:attachment":[{"href":"https:\/\/tenislastorres.com\/tenis\/wp-json\/wp\/v2\/media?parent=3991"}],"wp:term":[{"taxonomy":"category","embeddable":true,"href":"https:\/\/tenislastorres.com\/tenis\/wp-json\/wp\/v2\/categories?post=3991"},{"taxonomy":"post_tag","embeddable":true,"href":"https:\/\/tenislastorres.com\/tenis\/wp-json\/wp\/v2\/tags?post=3991"}],"curies":[{"name":"wp","href":"https:\/\/api.w.org\/{rel}","templated":true}]}}