{"id":3332,"date":"2020-08-27T18:28:49","date_gmt":"2020-08-27T17:28:49","guid":{"rendered":"http:\/\/tenislastorres.com\/tenis\/?p=3332"},"modified":"2025-07-31T08:52:22","modified_gmt":"2025-07-31T07:52:22","slug":"la-xxx-edicion-de-la-liga-de-tenis-dara-comienzo-el-15-septbre-2020","status":"publish","type":"post","link":"https:\/\/tenislastorres.com\/tenis\/2020\/08\/la-xxx-edicion-de-la-liga-de-tenis-dara-comienzo-el-15-septbre-2020\/","title":{"rendered":"La XXX edici\u00f3n de la Liga de Tenis dar\u00e1 comienzo el 15 Septbre.2020"},"content":{"rendered":"\n<p>Una vez finalizada la edici\u00f3n 2019-20 con las dificultades que todos sabemos, motivado por la COVID&#8217;19, nos aventuramos a la XXX edici\u00f3n 2020-21 respetando y cumpliendo los protocolos desarrollados por el organismo competente.<br>Bien es cierto que debemos cumplir al m\u00e1ximo las condiciones marcadas por la Concejal\u00eda de Salud y Deporte del Ayuntamiento de Las Torres de Cotillas, a fin de preservar nuestra salud y la de los dem\u00e1s; para ello debemos de ser conscientes del riesgo, sin renunciar a practicar nuestro deporte con todas las precauciones y cautelas pertinentes.<br>Las reservas se har\u00e1n \u00fanica y exclusivamente por internet; a los partidos no pueden asistir acompa\u00f1antes, habr\u00e1 que llevar mascarilla, evitando tocar las puertas, vallas, redes o cualquier mobiliario urbano; los cambios de pista se har\u00e1n por lados opuestos, no se podr\u00e1 hacer uso de las duchas, y en los vestuarios se permite un m\u00e1ximo de 2 personas.<br>Deseamos a todos suerte y que podamos terminar lo que con mucha ilusi\u00f3n damos comienzo dentro de unos d\u00edas.<br><br><\/p>\n","protected":false},"excerpt":{"rendered":"<p>Una vez finalizada la edici\u00f3n 2019-20 con las dificultades que todos sabemos, motivado por la COVID&#8217;19, nos aventuramos a la XXX edici\u00f3n 2020-21 respetando y cumpliendo los protocolos desarrollados por el organismo competente.Bien es cierto que debemos cumplir al m\u00e1ximo las condiciones marcadas por la Concejal\u00eda de Salud y Deporte del Ayuntamiento de Las Torres &hellip; <a href=\"https:\/\/tenislastorres.com\/tenis\/2020\/08\/la-xxx-edicion-de-la-liga-de-tenis-dara-comienzo-el-15-septbre-2020\/\" class=\"more-link\">Seguir leyendo <span class=\"screen-reader-text\">La XXX edici\u00f3n de la Liga de Tenis dar\u00e1 comienzo el 15 Septbre.2020<\/span> <span class=\"meta-nav\">&rarr;<\/span><\/a><\/p>\n","protected":false},"author":2,"featured_media":0,"comment_status":"closed","ping_status":"closed","sticky":false,"template":"","format":"standard","meta":{"footnotes":""},"categories":[7,19,3],"tags":[],"class_list":["post-3332","post","type-post","status-publish","format-standard","hentry","category-eventos","category-liga-2020-2021","category-noticias"],"_links":{"self":[{"href":"https:\/\/tenislastorres.com\/tenis\/wp-json\/wp\/v2\/posts\/3332","targetHints":{"allow":["GET"]}}],"collection":[{"href":"https:\/\/tenislastorres.com\/tenis\/wp-json\/wp\/v2\/posts"}],"about":[{"href":"https:\/\/tenislastorres.com\/tenis\/wp-json\/wp\/v2\/types\/post"}],"author":[{"embeddable":true,"href":"https:\/\/tenislastorres.com\/tenis\/wp-json\/wp\/v2\/users\/2"}],"replies":[{"embeddable":true,"href":"https:\/\/tenislastorres.com\/tenis\/wp-json\/wp\/v2\/comments?post=3332"}],"version-history":[{"count":1,"href":"https:\/\/tenislastorres.com\/tenis\/wp-json\/wp\/v2\/posts\/3332\/revisions"}],"predecessor-version":[{"id":3333,"href":"https:\/\/tenislastorres.com\/tenis\/wp-json\/wp\/v2\/posts\/3332\/revisions\/3333"}],"wp:attachment":[{"href":"https:\/\/tenislastorres.com\/tenis\/wp-json\/wp\/v2\/media?parent=3332"}],"wp:term":[{"taxonomy":"category","embeddable":true,"href":"https:\/\/tenislastorres.com\/tenis\/wp-json\/wp\/v2\/categories?post=3332"},{"taxonomy":"post_tag","embeddable":true,"href":"https:\/\/tenislastorres.com\/tenis\/wp-json\/wp\/v2\/tags?post=3332"}],"curies":[{"name":"wp","href":"https:\/\/api.w.org\/{rel}","templated":true}]}}