{"id":3240,"date":"2019-10-19T00:29:56","date_gmt":"2019-10-18T23:29:56","guid":{"rendered":"http:\/\/tenislastorres.com\/tenis\/?p=3240"},"modified":"2025-07-31T08:52:22","modified_gmt":"2025-07-31T07:52:22","slug":"resultados-liga-tenis-octubre-2019","status":"publish","type":"post","link":"https:\/\/tenislastorres.com\/tenis\/2019\/10\/resultados-liga-tenis-octubre-2019\/","title":{"rendered":"Resultados Liga Tenis &#8211; Octubre 2019"},"content":{"rendered":"\n<ul class=\"wp-block-list\"><li>6\/7 6\/2 6\/1 &#8211; Paco Planes &amp; Olegario Breis (Veter.)<\/li><li>6\/1 6\/2 &#8211; C\u00e1ndido Osorio &amp; Pepe Fern\u00e1ndez (Veter.)<\/li><li>6\/1 6\/3 &#8211; Domingo Coronado &amp; Pepe Fern\u00e1ndez (Veter.)<\/li><li>6\/4 6\/0 &#8211; Jos\u00e9 Eduardo Mtez. &amp; Eduardo Ballesta (Honor)<\/li><li>3\/6 7\/6 6\/3 &#8211; Eduardo Jim\u00e9nez &amp; Gin\u00e9s Pern\u00edas (1\u00aa B)<\/li><li>6\/2 6\/2 &#8211; Jos\u00e9 David Mtez. &amp; Alvaro Saura (1\u00aa B)<\/li><li>7\/5 4\/6 6\/2 &#8211; Joaqu\u00edn Dar\u00edo G\u00f3mez &amp; Eustaquio Cascales (2\u00aa Catg)<\/li><li>6\/3 2\/6 6\/2 &#8211; Pedro Jos\u00e9 Gri\u00f1\u00e1n &amp; Sarmite Ludborza (3\u00aa Categ)<\/li><li>6\/2 6\/2 &#8211; Rom\u00e1n Mart\u00ed &amp; Pablo Leante (M\u00e1ster)<\/li><\/ul>\n\n\n\n<figure class=\"wp-block-image is-resized\"><img loading=\"lazy\" decoding=\"async\" src=\"https:\/\/tenislastorres.com\/tenis\/wp-content\/uploads\/2019\/10\/Edu-Jimenez-y-Kike-Siscar-768x1024.jpg\" alt=\"\" class=\"wp-image-3241\" width=\"335\" height=\"446\" srcset=\"https:\/\/tenislastorres.com\/tenis\/wp-content\/uploads\/2019\/10\/Edu-Jimenez-y-Kike-Siscar-768x1024.jpg 768w, https:\/\/tenislastorres.com\/tenis\/wp-content\/uploads\/2019\/10\/Edu-Jimenez-y-Kike-Siscar-225x300.jpg 225w, https:\/\/tenislastorres.com\/tenis\/wp-content\/uploads\/2019\/10\/Edu-Jimenez-y-Kike-Siscar.jpg 1200w\" sizes=\"auto, (max-width: 335px) 100vw, 335px\" \/><figcaption>Eduardo Jim\u00e9nez &amp; Kike Siscar (1\u00aaB)<br>Kike Siscar se ha proclamado recientemente campe\u00f3n de Espa\u00f1a de Tenis en silla de ruedas.<\/figcaption><\/figure>\n\n\n\n<ul class=\"wp-block-list\"><li>3\/6 6\/4 6\/3 &#8211; Kike Siscar &amp; Eduardo Jim\u00e9nez (1\u00aa B)<\/li><li>6\/2 7\/5 &#8211; Cipriano Garcia &amp; Jos\u00e9 Cutillas (1\u00aaB)<\/li><li>6\/1 6\/0 &#8211; V\u00edctor Martinez &amp; Pablo Casinnello (1\u00aaB)<\/li><li>6\/0 6\/1 &#8211; Paco Planes &amp; Jos\u00e9 Carlos Samper (Veter.)<\/li><li>6\/1 6\/0 &#8211; Jos\u00e9 Antonio Fuentes &amp; Juli\u00e1n G\u00f3mez (1\u00aa A)<\/li><li>6\/2 6\/3 &#8211; Jos\u00e9 Antonio D\u00f3lera &amp; Dami\u00e1n S\u00e1nchez (M\u00e1ster)<\/li><li>5\/7 6\/4 6\/3 &#8211; Jes\u00fas Angel Frutos &amp; Fco. Iniesta Plana (3\u00aa categ)<\/li><li>6\/4 6\/4 &#8211; Antonio Almagro &amp; Antonio Jos\u00e9 Mompe\u00e1n (3\u00aa Categ)<\/li><li>2\/6 6\/1 6\/2 &#8211; Manuel Mart\u00ednez &amp; Goyo Mar\u00edn (2\u00aa Ctg.)<\/li><li>6\/0 6\/1 &#8211; Joaqu\u00edn Dar\u00edo G\u00f3mez &amp; Pedro Jes\u00fas Fdez. (2\u00aa Catg)  <\/li><li>6\/3 6\/1 &#8211; Bartolo Ot\u00e1lora &amp; Agust\u00edn C\u00e1novas (Veter,)<\/li><li>6\/1 6\/1 &#8211; Bartolo Ot\u00e1lora &amp; Jes\u00fas Barquilla (Veter,) <\/li><li>6\/1 6\/0 &#8211; Jos\u00e9 Ant. Granados &amp; Alejandro Abell\u00e1n (1\u00aaA)<\/li><li>6\/4 6\/4 &#8211; Fran Tortosa &amp; Eduardo Ballesta (Honor)<\/li><li>6\/2 6\/4 &#8211; Joaqu\u00edn Moreno &amp; Nacho Aliaga (Honor)<\/li><li>6\/3 6\/4 &#8211; Pepe Mart\u00ednez &amp; Eustaquio Cascales (Veter.)<\/li><li>6\/3 6\/1 &#8211; Sergio Cerezo &amp; David Samper (2\u00aa Categ)<\/li><li>6\/3 6\/4 &#8211; Daniel Barber\u00e1 &amp; Sergio Cerezo (2\u00aa Categ)<\/li><li>6\/0 6\/1 &#8211; Manuel Mart\u00ednez &amp; Pedro Jes\u00fas Fdez (2\u00aa Categ)<\/li><li>5\/7 6\/1 6\/4 &#8211; Jes\u00fas Barquilla &amp; Carlos M. G\u00f3mez (Veter)<\/li><li>6\/3 6\/2 &#8211; V\u00edctor Mart\u00ednez &amp; Gustavo Guti\u00e9rrez (1\u00aaA)<\/li><li>6\/3 6\/4 &#8211; Jos\u00e9 Ant. Granados &amp; Isidoro Jes\u00fas Casan. (1\u00aaA)<\/li><li>6\/4 7\/5 &#8211; Jos\u00e9 Rub\u00e9n Mtez. &amp; Jos\u00e9 David Mtez ( 1\u00aaB)<\/li><li>6\/0 6\/2 &#8211; Antonio Jos\u00e9 Mompe\u00e1n &amp; Claudia C\u00e1novas (3\u00aa)<\/li><li>6\/2 6\/4 &#8211; Agust\u00edn C\u00e1novas &amp; Jos\u00e9 Carlos Samper (Veteranos)<\/li><li>6\/4 6\/0 &#8211; Jos\u00e9 Cutillas &amp; Pablo Cassinello (1\u00aa B)<\/li><li>6\/2 6\/1 &#8211; Abel Alfonso &amp; Bartolom\u00e9 Serrano (1\u00aaB)<\/li><li>6\/1 6\/1 &#8211; Jos\u00e9 Ant. Granados &amp; Jos\u00e9 Ant. Fuentes (1\u00aaA)<\/li><li>6\/0 6\/3 &#8211; Javier D\u00f3lera &amp; Pedro Angel Sales (1\u00aa A)<\/li><\/ul>\n\n\n\n<div class=\"wp-block-image\"><figure class=\"alignleft is-resized\"><img loading=\"lazy\" decoding=\"async\" src=\"https:\/\/tenislastorres.com\/tenis\/wp-content\/uploads\/2019\/10\/Isidoro-y-Javier-copia.jpg\" alt=\"\" class=\"wp-image-3247\" width=\"176\" height=\"259\"\/><figcaption>Javier D\u00f3lera<\/figcaption><\/figure><\/div>\n\n\n\n<figure class=\"wp-block-image is-resized\"><img loading=\"lazy\" decoding=\"async\" src=\"https:\/\/tenislastorres.com\/tenis\/wp-content\/uploads\/2019\/10\/Sales.jpg\" alt=\"\" class=\"wp-image-3248\" width=\"199\" height=\"261\" srcset=\"https:\/\/tenislastorres.com\/tenis\/wp-content\/uploads\/2019\/10\/Sales.jpg 566w, https:\/\/tenislastorres.com\/tenis\/wp-content\/uploads\/2019\/10\/Sales-229x300.jpg 229w\" sizes=\"auto, (max-width: 199px) 100vw, 199px\" \/><figcaption>Pedro Angel Sales<br><\/figcaption><\/figure>\n\n\n\n<ul class=\"wp-block-list\"><li>6\/2 6\/4 &#8211; Lorenzo Jim\u00e9nez &amp; Emilio Mart\u00ednez (M\u00e1ster)<\/li><li>6\/2 6\/2 &#8211; Javier Pascual &amp; Pedro Jos\u00e9 Ortu\u00f1o (1\u00aaB)<\/li><li>6\/3 7\/5 &#8211; Agust\u00edn C\u00e1novas &amp; Paco L\u00f3pez Planes (Veteranos)<\/li><li>6\/1 6\/0 &#8211; Alejandro Pozuelo &amp; M\u00aa Jos\u00e9 Calatayud (3\u00aa Categ)<\/li><li>6\/0 6\/2 &#8211; Joaqu\u00edn Moreno &amp; Jos\u00e9 Luis Leante (Honor)<\/li><li>6\/2 3\/6 7\/6 (5) &#8211; Jes\u00fas Barquilla &amp; Fernando Ord\u00f3\u00f1ez (2\u00aa Categ)<\/li><li>6\/1 6\/4 &#8211; Gregorio Mar\u00edn &amp; Antonio Ram\u00f3n Jim\u00e9nez (2\u00aa Categ)<\/li><li>6\/4 6\/1 &#8211; Manolo Navarro &amp; Ra\u00fal Navarro (M\u00e1ster)<\/li><li>6\/1 6\/1 &#8211; Domingo Coronado &amp; Eustaquio Cascales (Veteranos)<\/li><li>6\/4 7\/5 &#8211; Olegario Breis &amp; Eustaquio Cascales (2\u00aa Categ)<\/li><li>6\/2 6\/3 &#8211; Pepe Mart\u00ednez &amp; Jes\u00fas Barquilla (Veteranos)<\/li><li>6\/2 6\/4 &#8211; Paco Salas &amp; C\u00e9sar Ortega (Honor)<\/li><li>6\/1 6\/2 &#8211; Paco Salas &amp; Nacho Aliaga (Honor)<\/li><li>6\/4 7\/5 &#8211; Alejandro Pozuelo &amp; Jes\u00fas D\u00f3lera (3\u00aa Categ)<\/li><li>6\/4 6\/4 &#8211; Juli\u00e1n G\u00f3mez &amp; Antonio Fco. Mart\u00ednez (1\u00aaA)<\/li><li>6\/0 6\/4 &#8211; Lorenzo Jim\u00e9nez &amp; Jos\u00e9 Carlos Rico (M\u00e1ster)<br> <\/li><\/ul>\n\n\n\n<figure class=\"wp-block-image is-resized\"><img loading=\"lazy\" decoding=\"async\" src=\"https:\/\/tenislastorres.com\/tenis\/wp-content\/uploads\/2019\/10\/IMG-20191020-WA0000-1.jpg\" alt=\"\" class=\"wp-image-3258\" width=\"324\" height=\"573\" srcset=\"https:\/\/tenislastorres.com\/tenis\/wp-content\/uploads\/2019\/10\/IMG-20191020-WA0000-1.jpg 903w, https:\/\/tenislastorres.com\/tenis\/wp-content\/uploads\/2019\/10\/IMG-20191020-WA0000-1-169x300.jpg 169w, https:\/\/tenislastorres.com\/tenis\/wp-content\/uploads\/2019\/10\/IMG-20191020-WA0000-1-768x1361.jpg 768w, https:\/\/tenislastorres.com\/tenis\/wp-content\/uploads\/2019\/10\/IMG-20191020-WA0000-1-578x1024.jpg 578w\" sizes=\"auto, (max-width: 324px) 100vw, 324px\" \/><figcaption>Jos\u00e9 Carlos Rico y Lorenzo Jim\u00e9nez<\/figcaption><\/figure>\n\n\n\n<p><br><\/p>\n\n\n\n<ul class=\"wp-block-list\"><li>6\/3 6\/3 Carlos M. G\u00f3mez &amp; Luis Fern\u00e1ndez (Veteranos)<\/li><li>6\/1 6\/4 Isidoro Jes\u00fas Casanova &amp; Sebas Sep\u00falveda (1\u00aaB)<\/li><li>6\/1 6\/1 Antonio Almagro &amp; Jes\u00fas Angel Frutos (3\u00aa Catg)<\/li><li>6\/0 6\/3 Diego S\u00e1nchez &amp; M\u00aa Jos\u00e9 Calatayud (3\u00aa Categ)<\/li><li>6\/4 6\/4 Joaqu\u00edn Moreno &amp; C\u00e9sar Ortega (Honor)<\/li><li>6\/1 6\/0 Manolo Navarro &amp; Luis Fern\u00e1ndez (Veteranos)<\/li><li>3\/6 6\/0 6\/0 Edu Jim\u00e9nez &amp; Agust\u00edn C\u00e1novas (1\u00aaB)<\/li><\/ul>\n\n\n\n<p style=\"text-align:right\"><\/p>\n","protected":false},"excerpt":{"rendered":"<p>6\/7 6\/2 6\/1 &#8211; Paco Planes &amp; Olegario Breis (Veter.) 6\/1 6\/2 &#8211; C\u00e1ndido Osorio &amp; Pepe Fern\u00e1ndez (Veter.) 6\/1 6\/3 &#8211; Domingo Coronado &amp; Pepe Fern\u00e1ndez (Veter.) 6\/4 6\/0 &#8211; Jos\u00e9 Eduardo Mtez. &amp; Eduardo Ballesta (Honor) 3\/6 7\/6 6\/3 &#8211; Eduardo Jim\u00e9nez &amp; Gin\u00e9s Pern\u00edas (1\u00aa B) 6\/2 6\/2 &#8211; Jos\u00e9 David Mtez. &hellip; <a href=\"https:\/\/tenislastorres.com\/tenis\/2019\/10\/resultados-liga-tenis-octubre-2019\/\" class=\"more-link\">Seguir leyendo <span class=\"screen-reader-text\">Resultados Liga Tenis &#8211; Octubre 2019<\/span> <span class=\"meta-nav\">&rarr;<\/span><\/a><\/p>\n","protected":false},"author":2,"featured_media":0,"comment_status":"closed","ping_status":"closed","sticky":false,"template":"","format":"standard","meta":{"footnotes":""},"categories":[18,3],"tags":[],"class_list":["post-3240","post","type-post","status-publish","format-standard","hentry","category-liga-2019-2020","category-noticias"],"_links":{"self":[{"href":"https:\/\/tenislastorres.com\/tenis\/wp-json\/wp\/v2\/posts\/3240","targetHints":{"allow":["GET"]}}],"collection":[{"href":"https:\/\/tenislastorres.com\/tenis\/wp-json\/wp\/v2\/posts"}],"about":[{"href":"https:\/\/tenislastorres.com\/tenis\/wp-json\/wp\/v2\/types\/post"}],"author":[{"embeddable":true,"href":"https:\/\/tenislastorres.com\/tenis\/wp-json\/wp\/v2\/users\/2"}],"replies":[{"embeddable":true,"href":"https:\/\/tenislastorres.com\/tenis\/wp-json\/wp\/v2\/comments?post=3240"}],"version-history":[{"count":6,"href":"https:\/\/tenislastorres.com\/tenis\/wp-json\/wp\/v2\/posts\/3240\/revisions"}],"predecessor-version":[{"id":3262,"href":"https:\/\/tenislastorres.com\/tenis\/wp-json\/wp\/v2\/posts\/3240\/revisions\/3262"}],"wp:attachment":[{"href":"https:\/\/tenislastorres.com\/tenis\/wp-json\/wp\/v2\/media?parent=3240"}],"wp:term":[{"taxonomy":"category","embeddable":true,"href":"https:\/\/tenislastorres.com\/tenis\/wp-json\/wp\/v2\/categories?post=3240"},{"taxonomy":"post_tag","embeddable":true,"href":"https:\/\/tenislastorres.com\/tenis\/wp-json\/wp\/v2\/tags?post=3240"}],"curies":[{"name":"wp","href":"https:\/\/api.w.org\/{rel}","templated":true}]}}