{"id":3160,"date":"2019-07-09T00:00:01","date_gmt":"2019-07-08T23:00:01","guid":{"rendered":"http:\/\/tenislastorres.com\/tenis\/?p=3160"},"modified":"2025-07-31T08:52:22","modified_gmt":"2025-07-31T07:52:22","slug":"la-liga-de-tenis-se-despide-con-la-entrega-de-trofeos","status":"publish","type":"post","link":"https:\/\/tenislastorres.com\/tenis\/2019\/07\/la-liga-de-tenis-se-despide-con-la-entrega-de-trofeos\/","title":{"rendered":"La Liga de Tenis se despide con la entrega de Trofeos"},"content":{"rendered":"\n<p>El pasado mi\u00e9rcoles, 3 de Julio, tuvo lugar la entrega de trofeos de la XXVIII edici\u00f3n de la Liga de Tenis 2018-19, que desde Septiembre del a\u00f1o pasado se viene disputando en las pistas de Tenis del Polideportivo Municipal de Las Torres de Cotillas. Fueron galardonados los 3 primeros clasificados de cada grupo, reconocimiento que les acredita como los m\u00e1s regulares del torneo, con el plus del ascenso de categor\u00eda para el a\u00f1o pr\u00f3ximo.<br>A Pepe Mart\u00ednez, Pte. de la Asociaci\u00f3n de Tenis Las Torres, le acompa\u00f1aron en el acto de entrega el Sr. Alcalde del municipio, Joaqu\u00edn Vela, y la edil de Actividad F\u00edsica y Deportes, Alberta Mart\u00ednez V\u00e1zquez.<br>Una vez fueron entregados los premios, la Asociaci\u00f3n ofreci\u00f3 un refrigerio a todos los asistentes, sirviendo de colof\u00f3n a esta edici\u00f3n.<br><br><\/p>\n\n\n\n<ul class=\"wp-block-gallery columns-1 is-cropped wp-block-gallery-1 is-layout-flex wp-block-gallery-is-layout-flex\"><li class=\"blocks-gallery-item\"><figure><img loading=\"lazy\" decoding=\"async\" width=\"1024\" height=\"760\" src=\"https:\/\/tenislastorres.com\/tenis\/wp-content\/uploads\/2019\/07\/Rom\u00e1n-1-1024x760.jpg\" alt=\"\" data-id=\"3167\" data-link=\"https:\/\/tenislastorres.com\/tenis\/?attachment_id=3167\" class=\"wp-image-3167\" srcset=\"https:\/\/tenislastorres.com\/tenis\/wp-content\/uploads\/2019\/07\/Rom\u00e1n-1-1024x760.jpg 1024w, https:\/\/tenislastorres.com\/tenis\/wp-content\/uploads\/2019\/07\/Rom\u00e1n-1-300x223.jpg 300w, https:\/\/tenislastorres.com\/tenis\/wp-content\/uploads\/2019\/07\/Rom\u00e1n-1-768x570.jpg 768w, https:\/\/tenislastorres.com\/tenis\/wp-content\/uploads\/2019\/07\/Rom\u00e1n-1-404x300.jpg 404w\" sizes=\"auto, (max-width: 1024px) 100vw, 1024px\" \/><figcaption>Rom\u00e1n Mart\u00ed (campe\u00f3n M\u00e1ster)<\/figcaption><\/figure><\/li><\/ul>\n\n\n\n<figure class=\"wp-block-image is-resized\"><img loading=\"lazy\" decoding=\"async\" src=\"https:\/\/tenislastorres.com\/tenis\/wp-content\/uploads\/2019\/07\/Manolo-Navarro-I-1-1024x749.jpg\" alt=\"\" class=\"wp-image-3168\" width=\"577\" height=\"422\" srcset=\"https:\/\/tenislastorres.com\/tenis\/wp-content\/uploads\/2019\/07\/Manolo-Navarro-I-1-1024x749.jpg 1024w, https:\/\/tenislastorres.com\/tenis\/wp-content\/uploads\/2019\/07\/Manolo-Navarro-I-1-300x219.jpg 300w, https:\/\/tenislastorres.com\/tenis\/wp-content\/uploads\/2019\/07\/Manolo-Navarro-I-1-768x562.jpg 768w, https:\/\/tenislastorres.com\/tenis\/wp-content\/uploads\/2019\/07\/Manolo-Navarro-I-1-410x300.jpg 410w\" sizes=\"auto, (max-width: 577px) 100vw, 577px\" \/><figcaption><strong><em>Manolo Navarro (3\u00ba M\u00e1ster)<\/em><\/strong><\/figcaption><\/figure>\n\n\n\n<ul class=\"wp-block-gallery columns-0 is-cropped wp-block-gallery-2 is-layout-flex wp-block-gallery-is-layout-flex\"><\/ul>\n\n\n\n<ul class=\"wp-block-gallery columns-1 is-cropped wp-block-gallery-3 is-layout-flex wp-block-gallery-is-layout-flex\"><li class=\"blocks-gallery-item\"><figure><img loading=\"lazy\" decoding=\"async\" width=\"1024\" height=\"860\" src=\"https:\/\/tenislastorres.com\/tenis\/wp-content\/uploads\/2019\/07\/Emilio-1-1024x860.jpg\" alt=\"\" data-id=\"3164\" data-link=\"https:\/\/tenislastorres.com\/tenis\/?attachment_id=3164\" class=\"wp-image-3164\" srcset=\"https:\/\/tenislastorres.com\/tenis\/wp-content\/uploads\/2019\/07\/Emilio-1-1024x860.jpg 1024w, https:\/\/tenislastorres.com\/tenis\/wp-content\/uploads\/2019\/07\/Emilio-1-300x252.jpg 300w, https:\/\/tenislastorres.com\/tenis\/wp-content\/uploads\/2019\/07\/Emilio-1-768x645.jpg 768w, https:\/\/tenislastorres.com\/tenis\/wp-content\/uploads\/2019\/07\/Emilio-1-357x300.jpg 357w\" sizes=\"auto, (max-width: 1024px) 100vw, 1024px\" \/><figcaption>Emilio Mart\u00ednez (campe\u00f3n Honor)<\/figcaption><\/figure><\/li><\/ul>\n\n\n\n<figure class=\"wp-block-image is-resized\"><img loading=\"lazy\" decoding=\"async\" src=\"https:\/\/tenislastorres.com\/tenis\/wp-content\/uploads\/2019\/07\/Ra%C3%BAl-638x1024.jpg\" alt=\"\" width=\"477\" height=\"764\"\/><figcaption><em><strong>Ra\u00fal Navarro ( Subcampe\u00f3n Honor)<\/strong><\/em><br><br><br><\/figcaption><\/figure>\n\n\n\n<ul class=\"wp-block-gallery columns-1 is-cropped wp-block-gallery-4 is-layout-flex wp-block-gallery-is-layout-flex\"><li class=\"blocks-gallery-item\"><figure><img loading=\"lazy\" decoding=\"async\" width=\"1024\" height=\"881\" src=\"https:\/\/tenislastorres.com\/tenis\/wp-content\/uploads\/2019\/07\/Jos\u00e9-Javier-Moreno-1-1024x881.jpg\" alt=\"\" data-id=\"3169\" data-link=\"https:\/\/tenislastorres.com\/tenis\/?attachment_id=3169\" class=\"wp-image-3169\" srcset=\"https:\/\/tenislastorres.com\/tenis\/wp-content\/uploads\/2019\/07\/Jos\u00e9-Javier-Moreno-1-1024x881.jpg 1024w, https:\/\/tenislastorres.com\/tenis\/wp-content\/uploads\/2019\/07\/Jos\u00e9-Javier-Moreno-1-300x258.jpg 300w, https:\/\/tenislastorres.com\/tenis\/wp-content\/uploads\/2019\/07\/Jos\u00e9-Javier-Moreno-1-768x660.jpg 768w, https:\/\/tenislastorres.com\/tenis\/wp-content\/uploads\/2019\/07\/Jos\u00e9-Javier-Moreno-1-349x300.jpg 349w\" sizes=\"auto, (max-width: 1024px) 100vw, 1024px\" \/><figcaption>Jos\u00e9 Javier Moreno (Subcampe\u00f3n 1\u00aa B)<\/figcaption><\/figure><\/li><\/ul>\n\n\n\n<ul class=\"wp-block-gallery columns-1 is-cropped wp-block-gallery-5 is-layout-flex wp-block-gallery-is-layout-flex\"><li class=\"blocks-gallery-item\"><figure><img loading=\"lazy\" decoding=\"async\" width=\"1024\" height=\"852\" src=\"https:\/\/tenislastorres.com\/tenis\/wp-content\/uploads\/2019\/07\/Fran-1024x852.jpg\" alt=\"\" data-id=\"3170\" data-link=\"https:\/\/tenislastorres.com\/tenis\/?attachment_id=3170\" class=\"wp-image-3170\" srcset=\"https:\/\/tenislastorres.com\/tenis\/wp-content\/uploads\/2019\/07\/Fran-1024x852.jpg 1024w, https:\/\/tenislastorres.com\/tenis\/wp-content\/uploads\/2019\/07\/Fran-300x250.jpg 300w, https:\/\/tenislastorres.com\/tenis\/wp-content\/uploads\/2019\/07\/Fran-768x639.jpg 768w, https:\/\/tenislastorres.com\/tenis\/wp-content\/uploads\/2019\/07\/Fran-361x300.jpg 361w\" sizes=\"auto, (max-width: 1024px) 100vw, 1024px\" \/><figcaption>Fran Tortosa (3\u00ba Clasif. 1\u00aaB)<\/figcaption><\/figure><\/li><\/ul>\n\n\n\n<ul class=\"wp-block-gallery columns-1 is-cropped wp-block-gallery-6 is-layout-flex wp-block-gallery-is-layout-flex\"><li class=\"blocks-gallery-item\"><figure><img loading=\"lazy\" decoding=\"async\" width=\"1024\" height=\"837\" src=\"https:\/\/tenislastorres.com\/tenis\/wp-content\/uploads\/2019\/07\/Javier-Pascual-1024x837.jpg\" alt=\"\" data-id=\"3171\" data-link=\"https:\/\/tenislastorres.com\/tenis\/?attachment_id=3171\" class=\"wp-image-3171\" srcset=\"https:\/\/tenislastorres.com\/tenis\/wp-content\/uploads\/2019\/07\/Javier-Pascual-1024x837.jpg 1024w, https:\/\/tenislastorres.com\/tenis\/wp-content\/uploads\/2019\/07\/Javier-Pascual-300x245.jpg 300w, https:\/\/tenislastorres.com\/tenis\/wp-content\/uploads\/2019\/07\/Javier-Pascual-768x628.jpg 768w, https:\/\/tenislastorres.com\/tenis\/wp-content\/uploads\/2019\/07\/Javier-Pascual-367x300.jpg 367w\" sizes=\"auto, (max-width: 1024px) 100vw, 1024px\" \/><figcaption>Javier Pascual (campe\u00f3n 2\u00aa categ)<\/figcaption><\/figure><\/li><\/ul>\n\n\n\n<ul class=\"wp-block-gallery columns-1 is-cropped wp-block-gallery-7 is-layout-flex wp-block-gallery-is-layout-flex\"><li class=\"blocks-gallery-item\"><figure><img loading=\"lazy\" decoding=\"async\" width=\"1024\" height=\"964\" src=\"https:\/\/tenislastorres.com\/tenis\/wp-content\/uploads\/2019\/07\/Julian-Lozano-1024x964.jpg\" alt=\"\" data-id=\"3172\" data-link=\"https:\/\/tenislastorres.com\/tenis\/?attachment_id=3172\" class=\"wp-image-3172\" srcset=\"https:\/\/tenislastorres.com\/tenis\/wp-content\/uploads\/2019\/07\/Julian-Lozano-1024x964.jpg 1024w, https:\/\/tenislastorres.com\/tenis\/wp-content\/uploads\/2019\/07\/Julian-Lozano-300x282.jpg 300w, https:\/\/tenislastorres.com\/tenis\/wp-content\/uploads\/2019\/07\/Julian-Lozano-768x723.jpg 768w, https:\/\/tenislastorres.com\/tenis\/wp-content\/uploads\/2019\/07\/Julian-Lozano-319x300.jpg 319w\" sizes=\"auto, (max-width: 1024px) 100vw, 1024px\" \/><figcaption>Juli\u00e1n Lozano ( Subcampe\u00f3n 2\u00aa Categ)<\/figcaption><\/figure><\/li><\/ul>\n\n\n\n<ul class=\"wp-block-gallery columns-1 is-cropped wp-block-gallery-8 is-layout-flex wp-block-gallery-is-layout-flex\"><li class=\"blocks-gallery-item\"><figure><img loading=\"lazy\" decoding=\"async\" width=\"1024\" height=\"973\" src=\"https:\/\/tenislastorres.com\/tenis\/wp-content\/uploads\/2019\/07\/Eustaquio-1024x973.jpg\" alt=\"\" data-id=\"3173\" data-link=\"https:\/\/tenislastorres.com\/tenis\/?attachment_id=3173\" class=\"wp-image-3173\" srcset=\"https:\/\/tenislastorres.com\/tenis\/wp-content\/uploads\/2019\/07\/Eustaquio-1024x973.jpg 1024w, https:\/\/tenislastorres.com\/tenis\/wp-content\/uploads\/2019\/07\/Eustaquio-300x285.jpg 300w, https:\/\/tenislastorres.com\/tenis\/wp-content\/uploads\/2019\/07\/Eustaquio-768x730.jpg 768w, https:\/\/tenislastorres.com\/tenis\/wp-content\/uploads\/2019\/07\/Eustaquio-316x300.jpg 316w\" sizes=\"auto, (max-width: 1024px) 100vw, 1024px\" \/><figcaption>Eustaquio Cascales (Campe\u00f3n 3\u00aa catg)<\/figcaption><\/figure><\/li><\/ul>\n\n\n\n<ul class=\"wp-block-gallery columns-1 is-cropped wp-block-gallery-9 is-layout-flex wp-block-gallery-is-layout-flex\"><li class=\"blocks-gallery-item\"><figure><img loading=\"lazy\" decoding=\"async\" width=\"1024\" height=\"905\" src=\"https:\/\/tenislastorres.com\/tenis\/wp-content\/uploads\/2019\/07\/Bartolo-1024x905.jpg\" alt=\"\" data-id=\"3174\" data-link=\"https:\/\/tenislastorres.com\/tenis\/?attachment_id=3174\" class=\"wp-image-3174\" srcset=\"https:\/\/tenislastorres.com\/tenis\/wp-content\/uploads\/2019\/07\/Bartolo-1024x905.jpg 1024w, https:\/\/tenislastorres.com\/tenis\/wp-content\/uploads\/2019\/07\/Bartolo-300x265.jpg 300w, https:\/\/tenislastorres.com\/tenis\/wp-content\/uploads\/2019\/07\/Bartolo-768x679.jpg 768w, https:\/\/tenislastorres.com\/tenis\/wp-content\/uploads\/2019\/07\/Bartolo-339x300.jpg 339w\" sizes=\"auto, (max-width: 1024px) 100vw, 1024px\" \/><figcaption>Bartolo Ot\u00e1lora (campe\u00f3n Veteranos)<\/figcaption><\/figure><\/li><\/ul>\n\n\n\n<ul class=\"wp-block-gallery columns-1 is-cropped wp-block-gallery-10 is-layout-flex wp-block-gallery-is-layout-flex\"><li class=\"blocks-gallery-item\"><figure><img loading=\"lazy\" decoding=\"async\" width=\"1024\" height=\"851\" src=\"https:\/\/tenislastorres.com\/tenis\/wp-content\/uploads\/2019\/07\/C\u00e1ndido-Osorio-1024x851.jpg\" alt=\"\" data-id=\"3175\" data-link=\"https:\/\/tenislastorres.com\/tenis\/?attachment_id=3175\" class=\"wp-image-3175\" srcset=\"https:\/\/tenislastorres.com\/tenis\/wp-content\/uploads\/2019\/07\/C\u00e1ndido-Osorio-1024x851.jpg 1024w, https:\/\/tenislastorres.com\/tenis\/wp-content\/uploads\/2019\/07\/C\u00e1ndido-Osorio-300x249.jpg 300w, https:\/\/tenislastorres.com\/tenis\/wp-content\/uploads\/2019\/07\/C\u00e1ndido-Osorio-768x639.jpg 768w, https:\/\/tenislastorres.com\/tenis\/wp-content\/uploads\/2019\/07\/C\u00e1ndido-Osorio-361x300.jpg 361w\" sizes=\"auto, (max-width: 1024px) 100vw, 1024px\" \/><figcaption>C\u00e1ndido Osorio (subcampe\u00f3n Veteranos)<\/figcaption><\/figure><\/li><\/ul>\n\n\n\n<ul class=\"wp-block-gallery columns-1 is-cropped wp-block-gallery-11 is-layout-flex wp-block-gallery-is-layout-flex\"><li class=\"blocks-gallery-item\"><figure><img loading=\"lazy\" decoding=\"async\" width=\"981\" height=\"1024\" src=\"https:\/\/tenislastorres.com\/tenis\/wp-content\/uploads\/2019\/07\/Pepe-Mart\u00ednez-981x1024.jpg\" alt=\"\" data-id=\"3176\" data-link=\"https:\/\/tenislastorres.com\/tenis\/?attachment_id=3176\" class=\"wp-image-3176\" srcset=\"https:\/\/tenislastorres.com\/tenis\/wp-content\/uploads\/2019\/07\/Pepe-Mart\u00ednez-981x1024.jpg 981w, https:\/\/tenislastorres.com\/tenis\/wp-content\/uploads\/2019\/07\/Pepe-Mart\u00ednez-287x300.jpg 287w, https:\/\/tenislastorres.com\/tenis\/wp-content\/uploads\/2019\/07\/Pepe-Mart\u00ednez-768x802.jpg 768w, https:\/\/tenislastorres.com\/tenis\/wp-content\/uploads\/2019\/07\/Pepe-Mart\u00ednez.jpg 1987w\" sizes=\"auto, (max-width: 981px) 100vw, 981px\" \/><figcaption>Pepe Mart\u00ednez (3\u00ba clasif. Veteranos)<\/figcaption><\/figure><\/li><\/ul>\n\n\n\n<ul class=\"wp-block-gallery columns-1 is-cropped wp-block-gallery-12 is-layout-flex wp-block-gallery-is-layout-flex\"><li class=\"blocks-gallery-item\"><figure><img loading=\"lazy\" decoding=\"async\" width=\"1024\" height=\"545\" src=\"https:\/\/tenislastorres.com\/tenis\/wp-content\/uploads\/2019\/07\/Premiados-I-1024x545.jpg\" alt=\"\" data-id=\"3177\" data-link=\"https:\/\/tenislastorres.com\/tenis\/?attachment_id=3177\" class=\"wp-image-3177\" srcset=\"https:\/\/tenislastorres.com\/tenis\/wp-content\/uploads\/2019\/07\/Premiados-I-1024x545.jpg 1024w, https:\/\/tenislastorres.com\/tenis\/wp-content\/uploads\/2019\/07\/Premiados-I-300x160.jpg 300w, https:\/\/tenislastorres.com\/tenis\/wp-content\/uploads\/2019\/07\/Premiados-I-768x409.jpg 768w, https:\/\/tenislastorres.com\/tenis\/wp-content\/uploads\/2019\/07\/Premiados-I-500x266.jpg 500w\" sizes=\"auto, (max-width: 1024px) 100vw, 1024px\" \/><figcaption>Jugadores premiados<\/figcaption><\/figure><\/li><\/ul>\n\n\n\n<p>El cuadro de ganadores ha sido el siguiente:<br>Categor\u00eda M\u00e1ster: 1\u00ba Rom\u00e1n Mart\u00ed &#8211; 2\u00ba Juan S. P\u00e1rraga &#8211; 3\u00ba Manolo Navarro<br>Categor\u00eda Honor: 1\u00ba Emilio Mart\u00ednez &#8211; 2\u00ba Ra\u00fal Navarro &#8211; 3\u00ba Dani T\u00e9var.<br>Categor\u00eda 1\u00aa A: 1\u00ba Paco Salas &#8211; 2\u00ba Bibiano Conesa &#8211; 3\u00ba Mois\u00e9s Juan<br>Categor\u00eda 1\u00aa B: 1\u00ba Joaqu\u00edn Moreno &#8211; 2\u00ba Jos\u00e9 Javier Moreno &#8211; 3\u00ba Fran Tortosa.<br>Categor\u00eda 2\u00aa: 1\u00ba Javier Pascual &#8211; 2\u00ba Juli\u00e1n Lozano &#8211; 3\u00ba Jos\u00e9 Cutillas.<br>Categor\u00eda 3\u00aa: 1\u00ba Eustaquio Cascales &#8211; 2\u00ba David Samper &#8211; 3\u00aa Eduardo Mtez.<br>Categor\u00eda Veteranos: 1\u00ba Bartolo Ot\u00e1lora &#8211; 2\u00ba C\u00e1ndido Osorio &#8211; 3\u00ba Pepe Mtez.<br>Categor\u00eda Infantil: 1\u00ba Miguel Pi\u00f1era &#8211; 2\u00ba Juan Fco. Pi\u00f1era &#8211; 3\u00ba Pedro Gri\u00f1\u00e1n<\/p>\n\n\n\n<p>En esta edici\u00f3n de la Liga se ha contado con 118 jugadores (2 mujeres), con la participaci\u00f3n del campe\u00f3n nacional en silla de ruedas, Kike Siscar, demostrando unos grandes valores a lo largo del campeonato, sin faltar la ilusi\u00f3n y el esfuerzo en cada partido; adem\u00e1s, se han dado cita unos j\u00f3venes tenistas en categor\u00eda infantil, siendo los ganadores los hermanos ciezanos Miguel Angel y Juanfran Pi\u00f1era &#8211; 1\u00ba y 2\u00ba respectivamente- y como 3\u00ba clasificado, Pedro Gri\u00f1\u00e1n.<br>Con lo cual se han dado cita 3 generaciones de jugadores (Infantil, senior y veteranos) con un mismo objetivo: hacer deporte con la diversi\u00f3n por delante, haciendo m\u00e1s grande nuestro colectivo ten\u00edstico al amparo de la Asociaci\u00f3n de Tenis Las Torres.<br>Con la entrega del \u00faltimo trofeo ya se ha empezado a organizar la siguiente edici\u00f3n, con la pre-inscripci\u00f3n de nuevos jugadores y la confirmaci\u00f3n de una gran parte que quieren repetir experiencia un a\u00f1o m\u00e1s.<br>Con unas palabras de agradecimiento por parte del Alcalde, Joaqu\u00edn Vela, a la Asociaci\u00f3n en general, y a Pepe Mart\u00ednez en particular por su labor incansable en pro del tenis en nuestro pueblo, ech\u00f3 el tel\u00f3n la edici\u00f3n n\u00famero 28.<\/p>\n\n\n\n<p><\/p>\n","protected":false},"excerpt":{"rendered":"<p>El pasado mi\u00e9rcoles, 3 de Julio, tuvo lugar la entrega de trofeos de la XXVIII edici\u00f3n de la Liga de Tenis 2018-19, que desde Septiembre del a\u00f1o pasado se viene disputando en las pistas de Tenis del Polideportivo Municipal de Las Torres de Cotillas. Fueron galardonados los 3 primeros clasificados de cada grupo, reconocimiento que &hellip; <a href=\"https:\/\/tenislastorres.com\/tenis\/2019\/07\/la-liga-de-tenis-se-despide-con-la-entrega-de-trofeos\/\" class=\"more-link\">Seguir leyendo <span class=\"screen-reader-text\">La Liga de Tenis se despide con la entrega de Trofeos<\/span> <span class=\"meta-nav\">&rarr;<\/span><\/a><\/p>\n","protected":false},"author":2,"featured_media":0,"comment_status":"closed","ping_status":"closed","sticky":false,"template":"","format":"standard","meta":{"footnotes":""},"categories":[17,3,1],"tags":[],"class_list":["post-3160","post","type-post","status-publish","format-standard","hentry","category-liga-2018-2019","category-noticias","category-sin-categoria"],"_links":{"self":[{"href":"https:\/\/tenislastorres.com\/tenis\/wp-json\/wp\/v2\/posts\/3160","targetHints":{"allow":["GET"]}}],"collection":[{"href":"https:\/\/tenislastorres.com\/tenis\/wp-json\/wp\/v2\/posts"}],"about":[{"href":"https:\/\/tenislastorres.com\/tenis\/wp-json\/wp\/v2\/types\/post"}],"author":[{"embeddable":true,"href":"https:\/\/tenislastorres.com\/tenis\/wp-json\/wp\/v2\/users\/2"}],"replies":[{"embeddable":true,"href":"https:\/\/tenislastorres.com\/tenis\/wp-json\/wp\/v2\/comments?post=3160"}],"version-history":[{"count":3,"href":"https:\/\/tenislastorres.com\/tenis\/wp-json\/wp\/v2\/posts\/3160\/revisions"}],"predecessor-version":[{"id":3183,"href":"https:\/\/tenislastorres.com\/tenis\/wp-json\/wp\/v2\/posts\/3160\/revisions\/3183"}],"wp:attachment":[{"href":"https:\/\/tenislastorres.com\/tenis\/wp-json\/wp\/v2\/media?parent=3160"}],"wp:term":[{"taxonomy":"category","embeddable":true,"href":"https:\/\/tenislastorres.com\/tenis\/wp-json\/wp\/v2\/categories?post=3160"},{"taxonomy":"post_tag","embeddable":true,"href":"https:\/\/tenislastorres.com\/tenis\/wp-json\/wp\/v2\/tags?post=3160"}],"curies":[{"name":"wp","href":"https:\/\/api.w.org\/{rel}","templated":true}]}}