{"id":2898,"date":"2018-08-29T00:01:15","date_gmt":"2018-08-28T23:01:15","guid":{"rendered":"http:\/\/tenislastorres.com\/tenis\/?p=2898"},"modified":"2025-07-31T08:52:22","modified_gmt":"2025-07-31T07:52:22","slug":"los-hermanos-aledo-en-oro-y-emilio-roberto-carlos-en-plata-se-meten-en-la-final","status":"publish","type":"post","link":"https:\/\/tenislastorres.com\/tenis\/2018\/08\/los-hermanos-aledo-en-oro-y-emilio-roberto-carlos-en-plata-se-meten-en-la-final\/","title":{"rendered":"Los hermanos Aledo en Oro y Emilio \/ Roberto Carlos en Plata se meten en la final"},"content":{"rendered":"<p style=\"text-align: justify;\"><span style=\"color: #333300;\"><strong>Paco Aledo y Jaime Aledo<\/strong> ( Categ. Oro ) disputar\u00e1n la final del Trofeo Fiestas de Tenis 2018, el pr\u00f3ximo <strong>Jueves, 30, a las 19:30<\/strong> horas, despu\u00e9s de vencer en semifinales a <strong>Luis Fern\u00e1ndez y Dami\u00e1n S\u00e1nchez<\/strong> respectivamente.<\/span><br \/>\n<span style=\"color: #333300;\">Luis Fern\u00e1ndez tuvo que retirarse en el primer set por molestias en el brazo, impidiendo as\u00ed ver un gran partido entre dos j\u00f3venes promesas del tenis torre\u00f1o.<\/span><br \/>\n<span style=\"color: #333300;\">En la otra semifinal, <strong>Jaime Aledo<\/strong> no dio tregua al santomerano <strong>Dami\u00e1n S\u00e1nchez,<\/strong> liquidando el partido por 6\/1 6\/3, despu\u00e9s de intercambios de gran calidad.<\/span><br \/>\n<span style=\"color: #333300;\">En categor\u00eda Plata, <strong>Roberto Carlos Espinosa<\/strong> se impuso a <strong>Pepe Mart\u00ednez<\/strong> por 6\/1 6\/7 (7) 6\/1, mientras <strong>Emilio Mart\u00ednez<\/strong> hizo lo propio contra el archenero <strong>Jos\u00e9 Javier<\/strong> <strong>Moreno<\/strong> por 6\/3 3\/6 6\/2 en un partido de m\u00e1xima igualdad y alto nivel ten\u00edstico.<\/span><br \/>\n<span style=\"color: #333300;\"><a style=\"color: #333300;\" href=\"https:\/\/tenislastorres.com\/tenis\/wp-content\/uploads\/2018\/08\/Luis-y-Paco-Aledo.jpg\"><img loading=\"lazy\" decoding=\"async\" class=\"alignnone  wp-image-2893\" src=\"https:\/\/tenislastorres.com\/tenis\/wp-content\/uploads\/2018\/08\/Luis-y-Paco-Aledo-169x300.jpg\" alt=\"\" width=\"250\" height=\"435\" \/>\u00a0\u00a0<\/a><a style=\"color: #333300;\" href=\"https:\/\/tenislastorres.com\/tenis\/wp-content\/uploads\/2018\/08\/Dami\u00e1n-y-Jaime.jpg\"><img loading=\"lazy\" decoding=\"async\" class=\"alignnone  wp-image-2892\" src=\"https:\/\/tenislastorres.com\/tenis\/wp-content\/uploads\/2018\/08\/Dami\u00e1n-y-Jaime-169x300.jpg\" alt=\"\" width=\"254\" height=\"442\" \/><\/a><\/span><br \/>\nLuis Fern\u00e1ndez y Paco Aledo\u00a0 \u00a0 \u00a0 \u00a0 \u00a0 \u00a0 \u00a0 \u00a0 \u00a0 \u00a0 \u00a0 \u00a0 \u00a0Dami\u00e1n S\u00e1nchez y Jaime Aledo<br \/>\n<a href=\"https:\/\/tenislastorres.com\/tenis\/wp-content\/uploads\/2018\/08\/Emilio-y-Jos\u00e9-Javier.jpg\"><img loading=\"lazy\" decoding=\"async\" class=\"alignnone  wp-image-2894\" src=\"https:\/\/tenislastorres.com\/tenis\/wp-content\/uploads\/2018\/08\/Emilio-y-Jos\u00e9-Javier-169x300.jpg\" alt=\"\" width=\"240\" height=\"418\" \/>\u00a0<\/a><a href=\"https:\/\/tenislastorres.com\/tenis\/wp-content\/uploads\/2018\/08\/Roberto-y-Pepe.-I.jpg\"><img loading=\"lazy\" decoding=\"async\" class=\"alignnone  wp-image-2899\" src=\"https:\/\/tenislastorres.com\/tenis\/wp-content\/uploads\/2018\/08\/Roberto-y-Pepe.-I-169x300.jpg\" alt=\"\" width=\"237\" height=\"413\" \/><\/a><br \/>\nEmilio Mart\u00ednez y Jos\u00e9 Javier Moreno\u00a0 \u00a0Roberto Carlos Espinosa y Pepe Mtez.<\/p>\n","protected":false},"excerpt":{"rendered":"<p>Paco Aledo y Jaime Aledo ( Categ. Oro ) disputar\u00e1n la final del Trofeo Fiestas de Tenis 2018, el pr\u00f3ximo Jueves, 30, a las 19:30 horas, despu\u00e9s de vencer en semifinales a Luis Fern\u00e1ndez y Dami\u00e1n S\u00e1nchez respectivamente. Luis Fern\u00e1ndez tuvo que retirarse en el primer set por molestias en el brazo, impidiendo as\u00ed ver &hellip; <a href=\"https:\/\/tenislastorres.com\/tenis\/2018\/08\/los-hermanos-aledo-en-oro-y-emilio-roberto-carlos-en-plata-se-meten-en-la-final\/\" class=\"more-link\">Seguir leyendo <span class=\"screen-reader-text\">Los hermanos Aledo en Oro y Emilio \/ Roberto Carlos en Plata se meten en la final<\/span> <span class=\"meta-nav\">&rarr;<\/span><\/a><\/p>\n","protected":false},"author":2,"featured_media":0,"comment_status":"closed","ping_status":"closed","sticky":false,"template":"","format":"standard","meta":{"footnotes":""},"categories":[3],"tags":[],"class_list":["post-2898","post","type-post","status-publish","format-standard","hentry","category-noticias"],"_links":{"self":[{"href":"https:\/\/tenislastorres.com\/tenis\/wp-json\/wp\/v2\/posts\/2898","targetHints":{"allow":["GET"]}}],"collection":[{"href":"https:\/\/tenislastorres.com\/tenis\/wp-json\/wp\/v2\/posts"}],"about":[{"href":"https:\/\/tenislastorres.com\/tenis\/wp-json\/wp\/v2\/types\/post"}],"author":[{"embeddable":true,"href":"https:\/\/tenislastorres.com\/tenis\/wp-json\/wp\/v2\/users\/2"}],"replies":[{"embeddable":true,"href":"https:\/\/tenislastorres.com\/tenis\/wp-json\/wp\/v2\/comments?post=2898"}],"version-history":[{"count":1,"href":"https:\/\/tenislastorres.com\/tenis\/wp-json\/wp\/v2\/posts\/2898\/revisions"}],"predecessor-version":[{"id":2900,"href":"https:\/\/tenislastorres.com\/tenis\/wp-json\/wp\/v2\/posts\/2898\/revisions\/2900"}],"wp:attachment":[{"href":"https:\/\/tenislastorres.com\/tenis\/wp-json\/wp\/v2\/media?parent=2898"}],"wp:term":[{"taxonomy":"category","embeddable":true,"href":"https:\/\/tenislastorres.com\/tenis\/wp-json\/wp\/v2\/categories?post=2898"},{"taxonomy":"post_tag","embeddable":true,"href":"https:\/\/tenislastorres.com\/tenis\/wp-json\/wp\/v2\/tags?post=2898"}],"curies":[{"name":"wp","href":"https:\/\/api.w.org\/{rel}","templated":true}]}}