{"id":2276,"date":"2016-09-17T12:24:38","date_gmt":"2016-09-17T11:24:38","guid":{"rendered":"http:\/\/tenislastorres.com\/tenis\/?p=2276"},"modified":"2025-07-31T08:52:22","modified_gmt":"2025-07-31T07:52:22","slug":"resultados-liga-tenis-mes-septiembre16","status":"publish","type":"post","link":"https:\/\/tenislastorres.com\/tenis\/2016\/09\/resultados-liga-tenis-mes-septiembre16\/","title":{"rendered":"Resultados Liga Tenis -Septbre-Octubre&#8217;16"},"content":{"rendered":"<p><span style=\"color: #800000;\">Resultados de la Liga de Tenis 2016-17 de partidos jugados en el mes de Septiembre y Octubre&#8217;16, por orden de llegada a la organizaci\u00f3n:<\/span><\/p>\n<ol>\n<li><span style=\"color: #000080;\">3\u00aa Categ. &#8211; Fran Tortosa &amp; Eduardo Jim\u00e9nez . . . . . . 6\/4 7\/5<\/span><\/li>\n<li><span style=\"color: #000080;\">3\u00aa Categ. &#8211; Javi Pujol &amp; Luigi Doto . . . . . . . . . . . . . . .6\/1 6\/7 6\/1<\/span><\/li>\n<li><span style=\"color: #000080;\">3\u00aa Categ. &#8211; Gregorio Mar\u00edn &amp; Alejandro Pozuelo . . . \u00a06\/4 6\/0<\/span><\/li>\n<li><span style=\"color: #000080;\">Master &#8211; Luis Fdez. Corb.&amp; Jos\u00e9 Tom\u00e1s Blaya . . . . .6\/3 6\/3<\/span><\/li>\n<li><span style=\"color: #000080;\">Master &#8211; Juan Salvador &amp; Fco. Gin\u00e9s Iniesta . . . . . . 6\/2 6\/4<\/span><\/li>\n<li><span style=\"color: #000080;\">1\u00aaA &#8211; Fco. Javier Molt\u00f3 &amp; Gin\u00e9s Pern\u00edas . . . . . . . . . .6\/1 6\/3<\/span><\/li>\n<li><span style=\"color: #000080;\">Veter. 2\u00aa &#8211; Paco Ros &amp; Jes\u00fas D\u00f3lera . . . . . . . . . . . ..6\/1 6\/3<\/span><\/li>\n<li><span style=\"color: #000080;\">Veter. 2\u00aa &#8211; Olegario Breis &amp; Pedro Valera . . . . . . . . . 6\/0 6\/2<\/span><\/li>\n<li><span style=\"color: #000080;\">Veter. 1\u00aa &#8211; Pepe Mart\u00ednez &amp; Jos\u00e9 Carlos Samper . . .6\/1 6\/2<\/span><\/li>\n<li><span style=\"color: #000080;\">1\u00aa B &#8211; Eduardo C\u00e1mara &amp; Juan Ant. Esparza . . . . . .6\/1 6\/1<\/span><\/li>\n<li><span style=\"color: #000080;\">1\u00aa B &#8211; Ra\u00fal Navarro &amp; Jos\u00e9 L\u00f3pez Balibrea . . . . . . . 6\/2 6\/1<\/span><\/li>\n<li><span style=\"color: #000080;\">2\u00aa A &#8211; Sergio Pay &amp; Pedro Jos\u00e9 Ortu\u00f1o . . . . . . . . . . 5\/7 7\/6 (5) 6\/3<\/span><\/li>\n<li><span style=\"color: #000080;\">Veter. 1\u00aa &#8211; Pepe Ferr\u00e1ndiz &amp; Antonio Revenga . . . . .4\/6 6\/2 7\/6 (4)<\/span><\/li>\n<li><span style=\"color: #000080;\">Honor &#8211; Pepe Mart\u00ednez &amp; Fco. Hdez. And\u00fagar . . . . .1\/6 6\/1 7\/5<br \/>\n<\/span><\/li>\n<li><span style=\"color: #000080;\">Veter. 2\u00aa &#8211; Olegario Breis &amp; Pepe Fern\u00e1ndez . . . . . . 6\/2 6\/2<\/span><\/li>\n<li><span style=\"color: #000080;\">Master &#8211; Rom\u00e1n Mart\u00ed &amp; Paco Ruiz \u00a0(J-3) . . . . . . . . . 6\/4 7\/6 (5)<\/span><br \/>\n<a href=\"https:\/\/tenislastorres.com\/tenis\/wp-content\/uploads\/2016\/09\/Paco-Ruiz-y-Rom\u00e1n.jpg\"><img loading=\"lazy\" decoding=\"async\" class=\"alignnone wp-image-2290 \" src=\"https:\/\/tenislastorres.com\/tenis\/wp-content\/uploads\/2016\/09\/Paco-Ruiz-y-Rom\u00e1n-768x1024.jpg\" alt=\"paco-ruiz-y-roman\" width=\"410\" height=\"543\" \/><br \/>\n<\/a>\u00a0<span style=\"color: #800000;\"><span style=\"color: #800000;\"><em>Paco Ruiz y Rom\u00e1n Mart\u00ed (Master)<br \/>\n<\/em><\/span><\/span><\/li>\n<li><span style=\"color: #000080;\">1\u00aa A &#8211; C\u00e9sar Ortega &amp; Raimundo Morales . . . . . . . . . . 7\/5 3\/6 7\/5<\/span><\/li>\n<li><span style=\"color: #000080;\">2\u00aa A &#8211; Sergio Guerrero &amp; Pablo Cassinello . . . . . . . . . .6\/4 6\/3<\/span><\/li>\n<li><span style=\"color: #000080;\">2\u00aa A &#8211; Pedro Jos\u00e9 Ortu\u00f1o &amp; Sergio Belda . . . . . . . . . . .7\/6 6\/0<\/span><\/li>\n<li><span style=\"color: #000080;\">2\u00aa B &#8211; Isidoro Jes\u00fas Casanova &amp; Gustavo Guti\u00e9rrez . 6\/7 6\/4 7\/5<\/span><\/li>\n<li><span style=\"color: #000080;\">Honor &#8211; Jos\u00e9 Ant. D\u00f3lera &amp; Angel Abell\u00e1n . . . . . . . . . . 6\/1 6\/3<\/span><\/li>\n<li><span style=\"color: #000080;\">3\u00aa Categ. Pepe Rubio &amp; Javi Pujol . . . . . . . . . . . . . . . . 6\/2 6\/3<\/span><\/li>\n<li><span style=\"color: #000080;\">2\u00aa B &#8211; Gustavo Guti\u00e9rrez &amp; Alberto L\u00f3pez . . . . . . . . . .4\/6 7\/5 6\/0<br \/>\n<a href=\"https:\/\/tenislastorres.com\/tenis\/wp-content\/uploads\/2016\/09\/Alberto-y-Gustavo.jpg\"><br \/>\n<\/a><a href=\"https:\/\/tenislastorres.com\/tenis\/wp-content\/uploads\/2016\/09\/Alberto-y-Gustavo.jpg\"><img loading=\"lazy\" decoding=\"async\" class=\"alignnone wp-image-2292\" src=\"https:\/\/tenislastorres.com\/tenis\/wp-content\/uploads\/2016\/09\/Alberto-y-Gustavo-768x1024.jpg\" alt=\"alberto-y-gustavo\" width=\"405\" height=\"537\" \/><\/a><br \/>\n<\/span><span style=\"color: #000080;\"><span style=\"color: #000080;\"><span style=\"color: #000080;\"><em><span style=\"color: #800000;\">Alberto L\u00f3pez y Gustavo Guti\u00e9rrez (2\u00aa B)<\/span><\/em><\/span><\/span><\/span><\/li>\n<li><span style=\"color: #000080;\">Honor &#8211; V\u00edctor Manuel N\u00fa\u00f1ez &amp; Eduardo Ballesta . . . . . 6\/2 6\/1<\/span><\/li>\n<li><span style=\"color: #000080;\">2\u00aa B &#8211; Jos\u00e9 Eduardo Mtez &amp; Paco Iniesta . . . . . . . . . . . \u00a06\/2 6\/2<\/span><\/li>\n<li><span style=\"color: #000080;\">1\u00aa A &#8211; Juan Jos\u00e9 S\u00e1nchez &amp; Javier Ortiz . . . . . . . . . . . .6\/3 6\/1<\/span><\/li>\n<li><span style=\"color: #000080;\">Honor &#8211; Paco Planes &amp; Nacho Aliaga . . . . . . . . . . . . . . .7\/6 6\/1<\/span><\/li>\n<li><span style=\"color: #000080;\">1\u00aa A &#8211; Gin\u00e9s Pern\u00edas &amp; C\u00e9sar Ortega . . . . . . . . . . . . . . .6\/3 6\/4<\/span><\/li>\n<li><span style=\"color: #000080;\">Honor &#8211; Jos\u00e9 Ant. Granados &amp; Francisco Hern\u00e1ndez . . 7\/5 6\/1<\/span><\/li>\n<li><span style=\"color: #000080;\">Veter. 1\u00aa &#8211; Bartolo Ot\u00e1lora &amp; Roque Guill\u00e9n . . . . . . . . . . 6\/2 6\/0<\/span><\/li>\n<li><span style=\"color: #000080;\">3\u00aa Categ &#8211; Alejandro Pozuelo &amp; Sarmite Ludborza . . . . 6\/1 6\/1<\/span><\/li>\n<li><span style=\"color: #000080;\">3\u00aa Categ &#8211; Gregorio Mar\u00edn &amp; David Samper . . . . . . . . . .6\/2 6\/0<\/span><\/li>\n<li><span style=\"color: #000080;\">Veter. 2\u00aa &#8211; Pepe Fern\u00e1ndez &amp; Luis Fern\u00e1ndez . . . . . . . .6\/1 7\/6 (5)<\/span><\/li>\n<li><span style=\"color: #000080;\">2\u00aa A &#8211; Sergio Guerrero &amp; Dani G\u00f3mez . . . . . . . . . . . . . .6\/7 (6) 6\/4 6\/0<\/span><\/li>\n<li><span style=\"color: #000080;\">Master &#8211; Luis Fdez.Corbal\u00e1n &amp; Paco Ruiz . . . . . . . . . . .6\/0 6\/1<\/span><\/li>\n<li><span style=\"color: #000080;\">2\u00aa A &#8211; Sergio Belda &amp; Dani G\u00f3mez . . . . . . . . . . . . . . . . 7\/5 6\/4<\/span><\/li>\n<li><span style=\"color: #000080;\">2\u00aa B &#8211; Emilio Mart\u00ednez &amp; Isidoro Jes\u00fas Casanova J.3. \u00a06\/2 6\/0<\/span><\/li>\n<li><span style=\"color: #000080;\">2\u00aa A &#8211; Dani G\u00f3mez &amp; Diego Pacheco . . . . . . . . . . . . . . 6\/3 6\/3<\/span><\/li>\n<li><span style=\"color: #000080;\">1\u00aa A &#8211; Eustaquio Cascales &amp; David Pablo Garrido . . . . 6\/3 3\/6 7\/6 (5)<\/span><\/li>\n<li><span style=\"color: #000080;\">3\u00aa Categ. &#8211; David Samper &amp; Luigi Dotto . . . . . . . . . . . . .6\/4 6\/1<\/span><\/li>\n<li><span style=\"color: #000080;\">2\u00aa B &#8211; Emilio Mart\u00ednez &amp; Alberto L\u00f3pez . . . . . . . . . . . . . .6\/1 6\/3<\/span><br \/>\n<a href=\"https:\/\/tenislastorres.com\/tenis\/wp-content\/uploads\/2016\/09\/Luigi-y-David-Samper-1.jpg\"><img loading=\"lazy\" decoding=\"async\" class=\"alignnone wp-image-2301 \" src=\"https:\/\/tenislastorres.com\/tenis\/wp-content\/uploads\/2016\/09\/Luigi-y-David-Samper-1-768x1024.jpg\" alt=\"luigi-y-david-samper-1\" width=\"425\" height=\"563\" \/><\/a><br \/>\n<span style=\"color: #800000;\"> Luigi Dotto y David Samper (3\u00aa Categ.)<\/span><br \/>\n<a href=\"https:\/\/tenislastorres.com\/tenis\/wp-content\/uploads\/2016\/09\/Alberto-y-Emilio.jpg\"><img loading=\"lazy\" decoding=\"async\" class=\"alignnone wp-image-2302 \" src=\"https:\/\/tenislastorres.com\/tenis\/wp-content\/uploads\/2016\/09\/Alberto-y-Emilio-768x1024.jpg\" alt=\"alberto-y-emilio\" width=\"422\" height=\"559\" \/><br \/>\n<\/a>\u00a0 \u00a0<span style=\"color: #800000;\"><span style=\"color: #800000;\"><span style=\"color: #800000;\">Alberto L\u00f3pez y Emilio Mart\u00ednez (2\u00aa Categ)<\/span><\/span><\/span><\/li>\n<li><span style=\"color: #000080;\">1\u00aa A &#8211; Antonio Revenga &amp; Pablo Leante (ret) . . . . . . . . 6\/4 3\/6 3\/1 (lesi\u00f3n)<\/span><\/li>\n<li><span style=\"color: #000080;\">Honor &#8211; Dami\u00e1n S\u00e1nchez &amp; Nacho Aliaga . . . . . . . . . . 6\/0 6\/2<\/span><\/li>\n<li><span style=\"color: #000080;\">2\u00aa B &#8211; Emilio Mart\u00ednez &amp; David Mar\u00edn . . . . . . . . . . . . . . 6\/2 6\/0<\/span><\/li>\n<li><span style=\"color: #000080;\">2\u00aa A &#8211; Sergio Guerrero &amp; Sergio Belda . . . . . . . . . . . . . 7\/5 6\/4<\/span><\/li>\n<li><span style=\"color: #000080;\">3\u00aa Categ. Gregorio Mar\u00edn &amp; V\u00edctor Garc\u00eda . . . . . . . . . . 6\/0 6\/1<\/span><\/li>\n<li><span style=\"color: #000080;\">Veter. 2\u00aa &#8211; Luis Fern\u00e1ndez &amp; Paco Ros . . . . . . . . . . . . 1\/6 6\/2 6\/2<\/span><\/li>\n<li><span style=\"color: #000080;\">M\u00e1ster &#8211; Manolo Navarro &amp; Alfonso Gamb\u00edn . . . . . . . . 6\/3 6\/2<\/span><\/li>\n<li><span style=\"color: #000080;\">3\u00aa Categ. &#8211; Pablo Cerd\u00e1 &amp; Sarmite Ludborza . . . . . . . .6\/3 6\/3<\/span><\/li>\n<li><span style=\"color: #000080;\">1\u00aa B &#8211; Jos\u00e9 Ant. Fuentes &amp; Jos\u00e9 Luis Leante . . . . . . . \u00a06\/1 6\/2<\/span><\/li>\n<li><span style=\"color: #000080;\">2\u00aa B &#8211; Paco Iniesta &amp; Pedro Angel Sales . . . . . . . . . . . 6\/4 2\/6 6\/2<\/span><\/li>\n<li><span style=\"color: #000080;\">Veter. 1\u00aa &#8211; Pepe Mart\u00ednez &amp; Roque Guill\u00e9n (J-4) \u00a0. . . . .6\/1 6\/7 (5) 7\/6 (1)<\/span><\/li>\n<li><span style=\"color: #000080;\">1\u00aa A &#8211; Pablo Leante &amp; Raimundo Morales . . . . . . . . . . .6\/3 6\/3<\/span><\/li>\n<li><span style=\"color: #000080;\">1\u00aa A &#8211; Fco. Javier Molt\u00f3 &amp; Fco. Jos\u00e9 Breis . . . . . . . . . .6\/1 6\/4<\/span><\/li>\n<li><span style=\"color: #000080;\">M\u00e1ster &#8211; Juan Salvador P\u00e1rraga &amp; Silvio A. Carrillo . . .6\/0 6\/4<\/span><\/li>\n<li><span style=\"color: #000080;\">Veter. 2\u00aa &#8211; Jes\u00fas Barquilla &amp; Jes\u00fas D\u00f3lera . . . . . . . . . .6\/1 6\/4<\/span><\/li>\n<li><span style=\"color: #000080;\">1\u00aa B &#8211; Jos\u00e9 Manuel Parejo &amp; Antonio Fco. Mtez. . . . . . 6\/2 6\/1<\/span><\/li>\n<li><span style=\"color: #000080;\"><span style=\"color: #000080;\">Honor &#8211; V\u00edctor Manuel N\u00fa\u00f1ez &amp; Jos\u00e9 Ignacio Mtez. . . 6\/3 6\/0<br \/>\n<a href=\"https:\/\/tenislastorres.com\/tenis\/wp-content\/uploads\/2016\/09\/Ito-y-Parejo-1.jpg\"><img loading=\"lazy\" decoding=\"async\" class=\"alignnone wp-image-2306 \" src=\"https:\/\/tenislastorres.com\/tenis\/wp-content\/uploads\/2016\/09\/Ito-y-Parejo-1-768x1024.jpg\" alt=\"ito-y-parejo-1\" width=\"410\" height=\"543\" \/><br \/>\n<\/a>\u00a0 <span style=\"color: #800000;\"><em>Antonio Fco. Mart\u00ednez y Jos\u00e9 Manuel Parejo (1\u00aaB)<\/em><\/span><\/span><\/span><a href=\"https:\/\/tenislastorres.com\/tenis\/wp-content\/uploads\/2016\/09\/V\u00edctor-y-Jos\u00e9-Ignacio.jpg\"><img loading=\"lazy\" decoding=\"async\" class=\"alignnone wp-image-2307 \" src=\"https:\/\/tenislastorres.com\/tenis\/wp-content\/uploads\/2016\/09\/V\u00edctor-y-Jos\u00e9-Ignacio-768x1024.jpg\" alt=\"victor-y-jose-ignacio\" width=\"412\" height=\"546\" \/><br \/>\n<\/a>\u00a0 <span style=\"color: #800000;\"><span style=\"color: #800000;\">V\u00edctor Manuel N\u00fa\u00f1ez y Jos\u00e9 Ignacio Mart\u00ednez (Honor)<br \/>\n<\/span><\/span><\/li>\n<li><span style=\"color: #000080;\">Honor &#8211; Paco Planes &amp; Pepe Mart\u00ednez (J-4) . . . . . . . . . . . . 6\/4 6\/2<\/span><\/li>\n<li><span style=\"color: #000080;\">1\u00aa B &#8211; Jos\u00e9 Luis Leante &amp; Dani T\u00e9var . . . . . . . . . . . . . . . . . 6\/3 6\/4<\/span><\/li>\n<li><span style=\"color: #000080;\">2\u00aa B &#8211; Isidoro Jes\u00fas Casanova &amp; Gustavo Guti\u00e9rrez . . . . . 6\/7 6\/4 7\/5<\/span><\/li>\n<li><span style=\"color: #000080;\">Veter. 1\u00aa &#8211; Bartolo Ot\u00e1lora &amp; Agust\u00edn C\u00e1novas. . . . . . . . . . . 6\/2 6\/1<\/span><\/li>\n<li><span style=\"color: #000080;\">Honor &#8211; Sergio L\u00f3pez &amp; Eduardo Ballesta . . . . . . . . . . . . . . 6\/1 6\/2<\/span><\/li>\n<li><span style=\"color: #000080;\">1\u00aa B &#8211; Ra\u00fal Navarro &amp; Miguel Pay . . . . . . . . . . . . . . . . . . . . 6\/2 5\/7 6\/3<\/span><\/li>\n<li><span style=\"color: #000080;\">2\u00aa A &#8211; Cipri Garc\u00eda &amp; Sergio Pay . . . . . . . . . . . . . . . . . . . . . 7\/6 6\/2<\/span><\/li>\n<li><span style=\"color: #000080;\">3\u00aa Categ. &#8211; Fran Tortosa &amp; V\u00edctor Garc\u00eda . . . . . . . . . . . . . . .6\/2 6\/1<\/span><\/li>\n<li><span style=\"color: #000080;\">2\u00aa A &#8211; Cipri Garc\u00eda &amp; Miguel Gonz\u00e1lez . . . . . . . . . . . . . . . . .6\/3 6\/0<\/span><br \/>\n<a href=\"https:\/\/tenislastorres.com\/tenis\/wp-content\/uploads\/2016\/09\/Cipri-y-Miguel-Rosa.jpg\"><img loading=\"lazy\" decoding=\"async\" class=\"alignnone wp-image-2309 \" src=\"https:\/\/tenislastorres.com\/tenis\/wp-content\/uploads\/2016\/09\/Cipri-y-Miguel-Rosa-768x1024.jpg\" alt=\"cipri-y-miguel-rosa\" width=\"421\" height=\"558\" \/><br \/>\n<\/a>\u00a0 <span style=\"color: #800000;\"><span style=\"color: #800000;\">Cipri Garc\u00eda y Miguel Glez. Rosa (Retirado) &#8211; 2\u00aa A<br \/>\n<\/span><\/span><\/li>\n<li><span style=\"color: #000080;\">1\u00aa A &#8211; David Pablo Garrido &amp; Antonio Revenga . . . . . . . . . . .3\/6 6\/3 7\/6<\/span><\/li>\n<li><span style=\"color: #000080;\">1\u00aa B &#8211; Jos\u00e9 Manuel Parejo &amp; Jos\u00e9 L\u00f3pez Balibrea . . . . . . . . 6\/0 6\/2<\/span><\/li>\n<li><span style=\"color: #000080;\">Veter. 1\u00aa &#8211; Jes\u00fas Bermejo &amp; Jos\u00e9 Carlos Samper . . . . . . . . .6\/1 6\/0<\/span><\/li>\n<li><span style=\"color: #000080;\">3\u00aa Categ. &#8211; Fran Tortosa &amp; Gregorio Mar\u00edn (J.6) . . . . . . . . . . 7\/5 6\/1<\/span><\/li>\n<li><span style=\"color: #000080;\">M\u00e1ster &#8211; Fco. Gin\u00e9s Iniesta &amp; Jos\u00e9 Luis G\u00f3mez (ret) . . . . . . 6\/3 3\/0 (lesi\u00f3n)<\/span><\/li>\n<li><span style=\"color: #000080;\">1\u00aa A &#8211; Juan Jos\u00e9 S\u00e1nchez &amp; Eustaquio Cascales . . . . . . . . .6\/4 4\/6 6\/4<\/span><\/li>\n<li><span style=\"color: #000080;\">1\u00aa A &#8211; Sergio Mart\u00ed &amp; Javier Ortiz . . . . . . . . . . . . . . . . . . . . . . 7\/5 6\/0<\/span><\/li>\n<li><span style=\"color: #000080;\">Honor &#8211; Dami\u00e1n S\u00e1nchez &amp; Jos\u00e9 Ignacio Mart\u00ednez . . . . . . . . 7\/5 6\/1<\/span><\/li>\n<li><span style=\"color: #000080;\">Veter. 1\u00aa &#8211; Pepe Mart\u00ednez &amp; Agust\u00edn C\u00e1novas . . . . . . . . . . . . 7\/6 (6) 6\/3<\/span><\/li>\n<li><span style=\"color: #000080;\">3\u00aa Categ. &#8211; Pepe Rubio &amp; Juan Carlos Jim\u00e9nez . . . . . . . . . . .6\/3 6\/2<\/span><br \/>\n<a href=\"https:\/\/tenislastorres.com\/tenis\/wp-content\/uploads\/2016\/09\/Pepe-Rubio-y-Juan-Carlos.jpg\"><img loading=\"lazy\" decoding=\"async\" class=\"alignnone wp-image-2312 \" src=\"https:\/\/tenislastorres.com\/tenis\/wp-content\/uploads\/2016\/09\/Pepe-Rubio-y-Juan-Carlos-768x1024.jpg\" alt=\"pepe-rubio-y-juan-carlos\" width=\"421\" height=\"558\" \/><br \/>\n<\/a>\u00a0 \u00a0<span style=\"color: #800000;\"><span style=\"color: #800000;\">Pepe Rubio y Juan Carlos Jim\u00e9nez (3\u00aa Categor\u00eda)<\/span><\/span><\/li>\n<li><span style=\"color: #000080;\">2\u00aa A &#8211; Javier Ja\u00e9n &amp; Pablo Cassinello . . . . . . . . . . . . . . . . . .6\/4 7\/5<\/span><\/li>\n<li><span style=\"color: #000080;\">2\u00aa A &#8211; Pedro Jos\u00e9 Ortu\u00f1o &amp; Jos\u00e9 L\u00f3pez Hell\u00edn . . . . . . . . . . .6\/2 6\/2<\/span><\/li>\n<li><span style=\"color: #000080;\">2\u00aa A &#8211; Jos\u00e9 Tom\u00e1s Capel &amp; Diego Pacheco . . . . . . . . . . . . . 6\/0 6\/2<\/span><\/li>\n<li><span style=\"color: #000080;\">Honor &#8211; Sergio L\u00f3pez &amp; Angel Abell\u00e1n . . . . . . . . . . . . . . . . . 6\/0 6\/2<\/span><\/li>\n<li><span style=\"color: #000080;\">Veter. 1\u00aa &#8211; Antonio Revenga &amp; Jes\u00fas Bermejo . . . . . . . . . . . 7\/5 6\/0<\/span><\/li>\n<li><span style=\"color: #000080;\">3\u00aa Categ. &#8211; V\u00edctor Garc\u00eda &amp; Pablo Cerd\u00e1 . . . . . . . . . . . . . . . .6\/4 6\/3<\/span><\/li>\n<li><span style=\"color: #000080;\">2\u00aa B &#8211; Jos\u00e9 Eduardo Mtez. &amp; Jos\u00e9 Miguel Pina . . . . . . . . . . .6\/4 6\/1<\/span><\/li>\n<li><span style=\"color: #000080;\">1\u00aa B &#8211; Eduardo C\u00e1mara &amp; Jos\u00e9 Hdez. Salinas . . . . . . . . . . . 6\/2 4\/6 6\/1<\/span><\/li>\n<li><span style=\"color: #000080;\">3\u00aa Categ. &#8211; Pepe Rubio &amp; Alejandro Pozuelo (J-4). . . . . . . . .6\/4 6\/4<\/span><\/li>\n<li><span style=\"color: #000080;\">Master &#8211; Lorenzo Jim\u00e9nez &amp; Jos\u00e9 Carlos Rico . . . . . . . . . . .6\/3 3\/6 6\/3<\/span><\/li>\n<li><span style=\"color: #000080;\">1\u00aa B &#8211; Jos\u00e9 Antonio Fuentes &amp; Jos\u00e9 Carlos Samper . . . . . . 6\/2 6\/2<\/span><\/li>\n<li><span style=\"color: #000080;\">1\u00aa A &#8211; Juan Jos\u00e9 S\u00e1nchez &amp; Antonio Revenga . . . . . . . . . . 6\/4 6\/3<br \/>\n<\/span><\/li>\n<li><span style=\"color: #000080;\">3\u00aa Categ. &#8211; Eduardo Jim\u00e9nez &amp; Javi Pujol . . . . . . . . . . . . . . 6\/1 6\/2<\/span><\/li>\n<\/ol>\n","protected":false},"excerpt":{"rendered":"<p>Resultados de la Liga de Tenis 2016-17 de partidos jugados en el mes de Septiembre y Octubre&#8217;16, por orden de llegada a la organizaci\u00f3n: 3\u00aa Categ. &#8211; Fran Tortosa &amp; Eduardo Jim\u00e9nez . . . . . . 6\/4 7\/5 3\u00aa Categ. &#8211; Javi Pujol &amp; Luigi Doto . . . . . . . &hellip; <a href=\"https:\/\/tenislastorres.com\/tenis\/2016\/09\/resultados-liga-tenis-mes-septiembre16\/\" class=\"more-link\">Seguir leyendo <span class=\"screen-reader-text\">Resultados Liga Tenis -Septbre-Octubre&#8217;16<\/span> <span class=\"meta-nav\">&rarr;<\/span><\/a><\/p>\n","protected":false},"author":2,"featured_media":0,"comment_status":"closed","ping_status":"closed","sticky":false,"template":"","format":"standard","meta":{"footnotes":""},"categories":[15,3],"tags":[],"class_list":["post-2276","post","type-post","status-publish","format-standard","hentry","category-liga-2016-2017","category-noticias"],"_links":{"self":[{"href":"https:\/\/tenislastorres.com\/tenis\/wp-json\/wp\/v2\/posts\/2276","targetHints":{"allow":["GET"]}}],"collection":[{"href":"https:\/\/tenislastorres.com\/tenis\/wp-json\/wp\/v2\/posts"}],"about":[{"href":"https:\/\/tenislastorres.com\/tenis\/wp-json\/wp\/v2\/types\/post"}],"author":[{"embeddable":true,"href":"https:\/\/tenislastorres.com\/tenis\/wp-json\/wp\/v2\/users\/2"}],"replies":[{"embeddable":true,"href":"https:\/\/tenislastorres.com\/tenis\/wp-json\/wp\/v2\/comments?post=2276"}],"version-history":[{"count":19,"href":"https:\/\/tenislastorres.com\/tenis\/wp-json\/wp\/v2\/posts\/2276\/revisions"}],"predecessor-version":[{"id":2324,"href":"https:\/\/tenislastorres.com\/tenis\/wp-json\/wp\/v2\/posts\/2276\/revisions\/2324"}],"wp:attachment":[{"href":"https:\/\/tenislastorres.com\/tenis\/wp-json\/wp\/v2\/media?parent=2276"}],"wp:term":[{"taxonomy":"category","embeddable":true,"href":"https:\/\/tenislastorres.com\/tenis\/wp-json\/wp\/v2\/categories?post=2276"},{"taxonomy":"post_tag","embeddable":true,"href":"https:\/\/tenislastorres.com\/tenis\/wp-json\/wp\/v2\/tags?post=2276"}],"curies":[{"name":"wp","href":"https:\/\/api.w.org\/{rel}","templated":true}]}}