{"id":2264,"date":"2016-08-25T01:17:42","date_gmt":"2016-08-25T00:17:42","guid":{"rendered":"http:\/\/tenislastorres.com\/tenis\/?p=2264"},"modified":"2025-07-31T08:52:22","modified_gmt":"2025-07-31T07:52:22","slug":"quesada-y-david-pablo-ganan-el-fiestas-de-tenis","status":"publish","type":"post","link":"https:\/\/tenislastorres.com\/tenis\/2016\/08\/quesada-y-david-pablo-ganan-el-fiestas-de-tenis\/","title":{"rendered":"Quesada y David Pablo ganan el Fiestas de Tenis"},"content":{"rendered":"<p style=\"text-align: justify;\"><span style=\"color: #000080;\">El espigado <strong>Jes\u00fas Quesada<\/strong> (1) se ha impuesto a <strong>Pedro Bernab\u00e9<\/strong> (2) por 6\/3 6\/2 en la final absoluta del torneo de Tenis Fiestas&#8217;16 de Las Torres de Cotillas, en partido disputado ayer Mi\u00e9rcoles en la pista n\u00ba 1 del Polideportivo Municipal. Los dos primeros cabezas de serie han ofrecido un buen partido, pese a las notables molestias que presentaba Pedro Bernab\u00e9 en su brazo derecho; el murciano aguant\u00f3 con esfuerzo hasta el final sin poder desplegar un buen tenis, pero dej\u00f3 constancia de su potente saque y de un m\u00e1s que aceptable drive.<\/span><br \/>\n<span style=\"color: #000080;\"> El de Guardamar hizo un partido bastante completo, muy seguro en el fondo de la pista, y dominando en la mayor\u00eda de los juegos a su rival; ha demostrado tener un nivel por encima del resto de participantes, pese a su inactividad en los \u00faltimos meses. Un jugador con una gran proyecci\u00f3n, y que horas despu\u00e9s marchaba a Estados Unidos a disfrutar de su beca y a seguir form\u00e1ndose como tenista.<\/span><br \/>\n<span style=\"color: #000080;\"> <a style=\"color: #000080;\" href=\"https:\/\/tenislastorres.com\/tenis\/wp-content\/uploads\/2016\/08\/Pedro-Bernab\u00e9-y-Quesada.jpg\" rel=\"attachment wp-att-2265\"><img loading=\"lazy\" decoding=\"async\" class=\"alignnone wp-image-2265 size-large\" src=\"https:\/\/tenislastorres.com\/tenis\/wp-content\/uploads\/2016\/08\/Pedro-Bernab\u00e9-y-Quesada-768x1024.jpg\" alt=\"Pedro Bernab\u00e9 y Quesada\" width=\"584\" height=\"779\" srcset=\"https:\/\/tenislastorres.com\/tenis\/wp-content\/uploads\/2016\/08\/Pedro-Bernab\u00e9-y-Quesada-768x1024.jpg 768w, https:\/\/tenislastorres.com\/tenis\/wp-content\/uploads\/2016\/08\/Pedro-Bernab\u00e9-y-Quesada-225x300.jpg 225w, https:\/\/tenislastorres.com\/tenis\/wp-content\/uploads\/2016\/08\/Pedro-Bernab\u00e9-y-Quesada.jpg 1944w\" sizes=\"auto, (max-width: 584px) 100vw, 584px\" \/><\/a><\/span><br \/>\n<span style=\"color: #ff0000;\">Pedro Bernab\u00e9 y Jes\u00fas Quesada<\/span><br \/>\n<a href=\"https:\/\/tenislastorres.com\/tenis\/wp-content\/uploads\/2016\/08\/Quesada.Trofeo.jpg\" rel=\"attachment wp-att-2266\"><img loading=\"lazy\" decoding=\"async\" class=\"alignnone wp-image-2266 size-large\" src=\"https:\/\/tenislastorres.com\/tenis\/wp-content\/uploads\/2016\/08\/Quesada.Trofeo-1024x768.jpg\" alt=\"Quesada.Trofeo\" width=\"584\" height=\"438\" srcset=\"https:\/\/tenislastorres.com\/tenis\/wp-content\/uploads\/2016\/08\/Quesada.Trofeo-1024x768.jpg 1024w, https:\/\/tenislastorres.com\/tenis\/wp-content\/uploads\/2016\/08\/Quesada.Trofeo-300x225.jpg 300w, https:\/\/tenislastorres.com\/tenis\/wp-content\/uploads\/2016\/08\/Quesada.Trofeo-768x576.jpg 768w, https:\/\/tenislastorres.com\/tenis\/wp-content\/uploads\/2016\/08\/Quesada.Trofeo-400x300.jpg 400w\" sizes=\"auto, (max-width: 584px) 100vw, 584px\" \/><br \/>\n<span style=\"color: #ff0000;\">Jes\u00fas Quesada (campe\u00f3n) junto a Pepe Mart\u00ednez, Pte. Asoc. Tenis Las Torres<\/span><br \/>\n<\/a><a href=\"https:\/\/tenislastorres.com\/tenis\/wp-content\/uploads\/2016\/08\/Pedro-Bernab\u00e9.Trofeo.jpg\" rel=\"attachment wp-att-2267\"><img loading=\"lazy\" decoding=\"async\" class=\"alignnone wp-image-2267 size-large\" src=\"https:\/\/tenislastorres.com\/tenis\/wp-content\/uploads\/2016\/08\/Pedro-Bernab\u00e9.Trofeo-1024x768.jpg\" alt=\"Pedro Bernab\u00e9.Trofeo\" width=\"584\" height=\"438\" srcset=\"https:\/\/tenislastorres.com\/tenis\/wp-content\/uploads\/2016\/08\/Pedro-Bernab\u00e9.Trofeo-1024x768.jpg 1024w, https:\/\/tenislastorres.com\/tenis\/wp-content\/uploads\/2016\/08\/Pedro-Bernab\u00e9.Trofeo-300x225.jpg 300w, https:\/\/tenislastorres.com\/tenis\/wp-content\/uploads\/2016\/08\/Pedro-Bernab\u00e9.Trofeo-768x576.jpg 768w, https:\/\/tenislastorres.com\/tenis\/wp-content\/uploads\/2016\/08\/Pedro-Bernab\u00e9.Trofeo-400x300.jpg 400w\" sizes=\"auto, (max-width: 584px) 100vw, 584px\" \/><br \/>\n<\/a>\u00a0<span style=\"color: #ff0000;\">Pedro Bernab\u00e9 (subcampe\u00f3n)<\/span><\/p>\n<p style=\"text-align: justify;\"><span style=\"color: #000080;\">En la final de Consolaci\u00f3n, <strong>David Pablo Garrido<\/strong> se impuso por un doble 6\/2 al santomerano <strong>Eduardo C\u00e1mara<\/strong> en un entretenido partido, donde Garrido llev\u00f3 la iniciativa en la mayor parte del encuentro, demostrando ser el m\u00e1s regular de esta modalidad.<br \/>\nEl ganador consigui\u00f3 hace un par de meses el ascenso a 1\u00aa categor\u00eda en la liga local, y Eduardo debutar\u00e1 este a\u00f1o en la misma.<\/span><br \/>\n<a href=\"https:\/\/tenislastorres.com\/tenis\/wp-content\/uploads\/2016\/08\/David-Pabl-y-Eduardo.jpg\" rel=\"attachment wp-att-2268\"><img loading=\"lazy\" decoding=\"async\" class=\"alignnone wp-image-2268 size-large\" src=\"https:\/\/tenislastorres.com\/tenis\/wp-content\/uploads\/2016\/08\/David-Pabl-y-Eduardo-1024x768.jpg\" alt=\"David Pabl y Eduardo\" width=\"584\" height=\"438\" srcset=\"https:\/\/tenislastorres.com\/tenis\/wp-content\/uploads\/2016\/08\/David-Pabl-y-Eduardo-1024x768.jpg 1024w, https:\/\/tenislastorres.com\/tenis\/wp-content\/uploads\/2016\/08\/David-Pabl-y-Eduardo-300x225.jpg 300w, https:\/\/tenislastorres.com\/tenis\/wp-content\/uploads\/2016\/08\/David-Pabl-y-Eduardo-768x576.jpg 768w, https:\/\/tenislastorres.com\/tenis\/wp-content\/uploads\/2016\/08\/David-Pabl-y-Eduardo-400x300.jpg 400w, https:\/\/tenislastorres.com\/tenis\/wp-content\/uploads\/2016\/08\/David-Pabl-y-Eduardo.jpg 1600w\" sizes=\"auto, (max-width: 584px) 100vw, 584px\" \/><\/a><br \/>\n<span style=\"color: #ff0000;\">David Pablo Garrido y Eduardo C\u00e1mara<\/span><\/p>\n<p style=\"text-align: justify;\"><span style=\"color: #000000;\"><span style=\"color: #000080;\">Una vez acabado el partido, el edil del Ayto. de Las Torres de Cotillas, <strong>Angel Palaz\u00f3n,<\/strong> hizo entrega de los trofeos a los ganadores, clausurando as\u00ed el torneo organizado por la Asociaci\u00f3n de Tenis Las Torres, con <strong>Pepe Mart\u00ednez<\/strong>, Pte. de la ATT, como Juez \u00c1rbitro del mismo.<\/span><br \/>\n<span style=\"color: #000080;\"> Adem\u00e1s de los finalistas, tambi\u00e9n obtuvieron premio los semifinalistas de ambas modalidades, consistente en vales canjeables por material deportivo, que en esta ocasi\u00f3n han sido, <strong>Juan Salvador P\u00e1rraga y David Navarro<\/strong> en absoluto, y <strong>Sergio Guerrero y Jos\u00e9 Antonio Contreras <\/strong>en Consolaci\u00f3n.<br \/>\nEl torneo ha estado marcado por el alto nivel <strong>ten\u00edstico<\/strong> de sus jugadores, unido al gran <strong>valor<\/strong> <strong>humano<\/strong> de los mismos, lo cual ha facilitado que el torneo transcurriera dentro de la m\u00e1s absoluta normalidad.<\/span><br \/>\n<strong><a href=\"https:\/\/tenislastorres.com\/tenis\/wp-content\/uploads\/2016\/08\/Camara-y-David-Pablo.Trofeo.jpg\" rel=\"attachment wp-att-2269\"><img loading=\"lazy\" decoding=\"async\" class=\"alignnone wp-image-2269 size-large\" src=\"https:\/\/tenislastorres.com\/tenis\/wp-content\/uploads\/2016\/08\/Camara-y-David-Pablo.Trofeo-768x1024.jpg\" alt=\"Camara y David Pablo.Trofeo\" width=\"584\" height=\"779\" srcset=\"https:\/\/tenislastorres.com\/tenis\/wp-content\/uploads\/2016\/08\/Camara-y-David-Pablo.Trofeo-768x1024.jpg 768w, https:\/\/tenislastorres.com\/tenis\/wp-content\/uploads\/2016\/08\/Camara-y-David-Pablo.Trofeo-225x300.jpg 225w, https:\/\/tenislastorres.com\/tenis\/wp-content\/uploads\/2016\/08\/Camara-y-David-Pablo.Trofeo.jpg 1944w\" sizes=\"auto, (max-width: 584px) 100vw, 584px\" \/><br \/>\n<\/a><\/strong><\/span>\u00a0<span style=\"color: #ff0000;\"> Pepe Mart\u00ednez, Eduardo C\u00e1mara, David Pablo y Angel Palaz\u00f3n<\/span><\/p>\n<p><a href=\"https:\/\/tenislastorres.com\/tenis\/wp-content\/uploads\/2016\/08\/Sergio.Trofeo.jpg\" rel=\"attachment wp-att-2270\"><img loading=\"lazy\" decoding=\"async\" class=\"alignnone wp-image-2270 size-large\" src=\"https:\/\/tenislastorres.com\/tenis\/wp-content\/uploads\/2016\/08\/Sergio.Trofeo-1024x768.jpg\" alt=\"Sergio.Trofeo\" width=\"584\" height=\"438\" srcset=\"https:\/\/tenislastorres.com\/tenis\/wp-content\/uploads\/2016\/08\/Sergio.Trofeo-1024x768.jpg 1024w, https:\/\/tenislastorres.com\/tenis\/wp-content\/uploads\/2016\/08\/Sergio.Trofeo-300x225.jpg 300w, https:\/\/tenislastorres.com\/tenis\/wp-content\/uploads\/2016\/08\/Sergio.Trofeo-768x576.jpg 768w, https:\/\/tenislastorres.com\/tenis\/wp-content\/uploads\/2016\/08\/Sergio.Trofeo-400x300.jpg 400w\" sizes=\"auto, (max-width: 584px) 100vw, 584px\" \/><br \/>\n<\/a>\u00a0 <span style=\"color: #ff0000;\">Pepe Mart\u00ednez y Sergio Guerrero (semifinalista consolaci\u00f3n)<\/span><\/p>\n<p><a href=\"https:\/\/tenislastorres.com\/tenis\/wp-content\/uploads\/2016\/08\/Trofeos-Fiestas16.jpg\" rel=\"attachment wp-att-2271\"><img loading=\"lazy\" decoding=\"async\" class=\"alignnone wp-image-2271 size-large\" src=\"https:\/\/tenislastorres.com\/tenis\/wp-content\/uploads\/2016\/08\/Trofeos-Fiestas16-1024x768.jpg\" alt=\"Trofeos Fiestas16\" width=\"584\" height=\"438\" srcset=\"https:\/\/tenislastorres.com\/tenis\/wp-content\/uploads\/2016\/08\/Trofeos-Fiestas16-1024x768.jpg 1024w, https:\/\/tenislastorres.com\/tenis\/wp-content\/uploads\/2016\/08\/Trofeos-Fiestas16-300x225.jpg 300w, https:\/\/tenislastorres.com\/tenis\/wp-content\/uploads\/2016\/08\/Trofeos-Fiestas16-768x576.jpg 768w, https:\/\/tenislastorres.com\/tenis\/wp-content\/uploads\/2016\/08\/Trofeos-Fiestas16-400x300.jpg 400w\" sizes=\"auto, (max-width: 584px) 100vw, 584px\" \/><\/a><\/p>\n<p>&nbsp;<\/p>\n","protected":false},"excerpt":{"rendered":"<p>El espigado Jes\u00fas Quesada (1) se ha impuesto a Pedro Bernab\u00e9 (2) por 6\/3 6\/2 en la final absoluta del torneo de Tenis Fiestas&#8217;16 de Las Torres de Cotillas, en partido disputado ayer Mi\u00e9rcoles en la pista n\u00ba 1 del Polideportivo Municipal. Los dos primeros cabezas de serie han ofrecido un buen partido, pese a &hellip; <a href=\"https:\/\/tenislastorres.com\/tenis\/2016\/08\/quesada-y-david-pablo-ganan-el-fiestas-de-tenis\/\" class=\"more-link\">Seguir leyendo <span class=\"screen-reader-text\">Quesada y David Pablo ganan el Fiestas de Tenis<\/span> <span class=\"meta-nav\">&rarr;<\/span><\/a><\/p>\n","protected":false},"author":2,"featured_media":0,"comment_status":"closed","ping_status":"closed","sticky":false,"template":"","format":"standard","meta":{"footnotes":""},"categories":[3],"tags":[],"class_list":["post-2264","post","type-post","status-publish","format-standard","hentry","category-noticias"],"_links":{"self":[{"href":"https:\/\/tenislastorres.com\/tenis\/wp-json\/wp\/v2\/posts\/2264","targetHints":{"allow":["GET"]}}],"collection":[{"href":"https:\/\/tenislastorres.com\/tenis\/wp-json\/wp\/v2\/posts"}],"about":[{"href":"https:\/\/tenislastorres.com\/tenis\/wp-json\/wp\/v2\/types\/post"}],"author":[{"embeddable":true,"href":"https:\/\/tenislastorres.com\/tenis\/wp-json\/wp\/v2\/users\/2"}],"replies":[{"embeddable":true,"href":"https:\/\/tenislastorres.com\/tenis\/wp-json\/wp\/v2\/comments?post=2264"}],"version-history":[{"count":3,"href":"https:\/\/tenislastorres.com\/tenis\/wp-json\/wp\/v2\/posts\/2264\/revisions"}],"predecessor-version":[{"id":2274,"href":"https:\/\/tenislastorres.com\/tenis\/wp-json\/wp\/v2\/posts\/2264\/revisions\/2274"}],"wp:attachment":[{"href":"https:\/\/tenislastorres.com\/tenis\/wp-json\/wp\/v2\/media?parent=2264"}],"wp:term":[{"taxonomy":"category","embeddable":true,"href":"https:\/\/tenislastorres.com\/tenis\/wp-json\/wp\/v2\/categories?post=2264"},{"taxonomy":"post_tag","embeddable":true,"href":"https:\/\/tenislastorres.com\/tenis\/wp-json\/wp\/v2\/tags?post=2264"}],"curies":[{"name":"wp","href":"https:\/\/api.w.org\/{rel}","templated":true}]}}