{"id":2255,"date":"2016-08-24T10:07:04","date_gmt":"2016-08-24T09:07:04","guid":{"rendered":"http:\/\/tenislastorres.com\/tenis\/?p=2255"},"modified":"2025-07-31T08:52:22","modified_gmt":"2025-07-31T07:52:22","slug":"jesus-quesada-y-pedro-bernabe-finalistas","status":"publish","type":"post","link":"https:\/\/tenislastorres.com\/tenis\/2016\/08\/jesus-quesada-y-pedro-bernabe-finalistas\/","title":{"rendered":"Jes\u00fas Quesada y Pedro Bernab\u00e9, finalistas"},"content":{"rendered":"<p style=\"text-align: justify;\">Esta tarde a las 19,30 h va a tener lugar la final del torneo Fiestas de Tenis en las Pistas de Tenis del Polideportivo Municipal de Las Torres de Cotillas, entre el cabeza de serie n\u00ba 1, <strong>Jes\u00fas Quesada<\/strong>, y el n\u00ba 2, <strong>Pedro Bernab\u00e9.<\/strong><br \/>\n<strong>Quesada<\/strong> venci\u00f3 en semifinales al santomerano <strong>David Navarro<\/strong> en un apretado e igualado partido, con alternativas por parte de ambos jugadores, y que el de Guardamar se llev\u00f3 en el tie-break del segundo set (4), despu\u00e9s de ganar la primera manga por 6\/3.<br \/>\nEn la otra semis, <strong>Pedro Bernab\u00e9<\/strong> remont\u00f3 un partido que se le puso cuesta arriba en el primer set, donde <strong>Juan Salvador P\u00e1rraga<\/strong> se lo adjudic\u00f3 con un juego muy seguro y acertado por 6\/3; Bernab\u00e9 supo sobreponerse a la adversidad y se llev\u00f3\u00a0los dos siguientes set por 6\/3, no sin trabajo y concentraci\u00f3n. P\u00e1rraga ha sido la revelaci\u00f3n del torneo, venciendo a 2 cabezas de serie, y poni\u00e9ndoselo m\u00e1s que dif\u00edcil a Bernab\u00e9 en semifinales.<br \/>\n<a href=\"https:\/\/tenislastorres.com\/tenis\/wp-content\/uploads\/2016\/08\/IMG-20160824-WA0001.jpg\" rel=\"attachment wp-att-2256\"><img loading=\"lazy\" decoding=\"async\" class=\"alignnone wp-image-2256 size-large\" src=\"https:\/\/tenislastorres.com\/tenis\/wp-content\/uploads\/2016\/08\/IMG-20160824-WA0001-574x1024.jpg\" alt=\"IMG-20160824-WA0001\" width=\"574\" height=\"1024\" srcset=\"https:\/\/tenislastorres.com\/tenis\/wp-content\/uploads\/2016\/08\/IMG-20160824-WA0001-574x1024.jpg 574w, https:\/\/tenislastorres.com\/tenis\/wp-content\/uploads\/2016\/08\/IMG-20160824-WA0001-168x300.jpg 168w, https:\/\/tenislastorres.com\/tenis\/wp-content\/uploads\/2016\/08\/IMG-20160824-WA0001-768x1371.jpg 768w, https:\/\/tenislastorres.com\/tenis\/wp-content\/uploads\/2016\/08\/IMG-20160824-WA0001.jpg 896w\" sizes=\"auto, (max-width: 574px) 100vw, 574px\" \/><br \/>\n<\/a>\u00a0 David Navarro y Jes\u00fas Quesada<\/p>\n<p><a href=\"https:\/\/tenislastorres.com\/tenis\/wp-content\/uploads\/2016\/08\/IMG-20160824-WA0002.jpg\" rel=\"attachment wp-att-2257\"><img loading=\"lazy\" decoding=\"async\" class=\"alignnone wp-image-2257 size-large\" src=\"https:\/\/tenislastorres.com\/tenis\/wp-content\/uploads\/2016\/08\/IMG-20160824-WA0002-1024x574.jpg\" alt=\"IMG-20160824-WA0002\" width=\"584\" height=\"327\" srcset=\"https:\/\/tenislastorres.com\/tenis\/wp-content\/uploads\/2016\/08\/IMG-20160824-WA0002-1024x574.jpg 1024w, https:\/\/tenislastorres.com\/tenis\/wp-content\/uploads\/2016\/08\/IMG-20160824-WA0002-300x168.jpg 300w, https:\/\/tenislastorres.com\/tenis\/wp-content\/uploads\/2016\/08\/IMG-20160824-WA0002-768x430.jpg 768w, https:\/\/tenislastorres.com\/tenis\/wp-content\/uploads\/2016\/08\/IMG-20160824-WA0002-500x280.jpg 500w, https:\/\/tenislastorres.com\/tenis\/wp-content\/uploads\/2016\/08\/IMG-20160824-WA0002.jpg 1599w\" sizes=\"auto, (max-width: 584px) 100vw, 584px\" \/><br \/>\n<\/a>\u00a0 Juan Salvador P\u00e1rraga y Pedro Bernab\u00e9<\/p>\n<p>En la modalidad de Consolaci\u00f3n, <strong>Eduardo C\u00e1mara<\/strong> se impuso al torre\u00f1o <strong>Jos\u00e9 Antonio<\/strong> <strong>Contreras<\/strong> por un doble 6\/2, y <strong>David Pablo Garrido<\/strong> no tuvo problemas ante <strong>Sergio<\/strong> <strong>Guerrero<\/strong> al que venci\u00f3 6\/1 6\/1; ambos disputar\u00e1n la final de consolaci\u00f3n a partir de las 20.30 h., la cual se presenta muy emocionante.<br \/>\n<a href=\"https:\/\/tenislastorres.com\/tenis\/wp-content\/uploads\/2016\/08\/IMG-20160824-WA0000.jpg\" rel=\"attachment wp-att-2258\"><img loading=\"lazy\" decoding=\"async\" class=\"alignnone wp-image-2258 size-large\" src=\"https:\/\/tenislastorres.com\/tenis\/wp-content\/uploads\/2016\/08\/IMG-20160824-WA0000-574x1024.jpg\" alt=\"IMG-20160824-WA0000\" width=\"574\" height=\"1024\" srcset=\"https:\/\/tenislastorres.com\/tenis\/wp-content\/uploads\/2016\/08\/IMG-20160824-WA0000-574x1024.jpg 574w, https:\/\/tenislastorres.com\/tenis\/wp-content\/uploads\/2016\/08\/IMG-20160824-WA0000-168x300.jpg 168w, https:\/\/tenislastorres.com\/tenis\/wp-content\/uploads\/2016\/08\/IMG-20160824-WA0000-768x1371.jpg 768w, https:\/\/tenislastorres.com\/tenis\/wp-content\/uploads\/2016\/08\/IMG-20160824-WA0000.jpg 896w\" sizes=\"auto, (max-width: 574px) 100vw, 574px\" \/><br \/>\n<\/a>\u00a0 <span style=\"color: #ff0000;\">David Pablo Garrido y Sergio Guerrero<\/span><\/p>\n<p><a href=\"https:\/\/tenislastorres.com\/tenis\/wp-content\/uploads\/2016\/08\/Eduardo.Contreras.jpg\" rel=\"attachment wp-att-2260\"><img loading=\"lazy\" decoding=\"async\" class=\"alignnone wp-image-2260 size-large\" src=\"https:\/\/tenislastorres.com\/tenis\/wp-content\/uploads\/2016\/08\/Eduardo.Contreras-574x1024.jpg\" alt=\"Eduardo.Contreras\" width=\"574\" height=\"1024\" srcset=\"https:\/\/tenislastorres.com\/tenis\/wp-content\/uploads\/2016\/08\/Eduardo.Contreras-574x1024.jpg 574w, https:\/\/tenislastorres.com\/tenis\/wp-content\/uploads\/2016\/08\/Eduardo.Contreras-168x300.jpg 168w, https:\/\/tenislastorres.com\/tenis\/wp-content\/uploads\/2016\/08\/Eduardo.Contreras-768x1371.jpg 768w, https:\/\/tenislastorres.com\/tenis\/wp-content\/uploads\/2016\/08\/Eduardo.Contreras.jpg 896w\" sizes=\"auto, (max-width: 574px) 100vw, 574px\" \/><br \/>\n<\/a>\u00a0 \u00a0<span style=\"color: #ff0000;\">Eduardo C\u00e1mara y Jos\u00e9 Antonio Contreras<\/span><\/p>\n","protected":false},"excerpt":{"rendered":"<p>Esta tarde a las 19,30 h va a tener lugar la final del torneo Fiestas de Tenis en las Pistas de Tenis del Polideportivo Municipal de Las Torres de Cotillas, entre el cabeza de serie n\u00ba 1, Jes\u00fas Quesada, y el n\u00ba 2, Pedro Bernab\u00e9. Quesada venci\u00f3 en semifinales al santomerano David Navarro en un &hellip; <a href=\"https:\/\/tenislastorres.com\/tenis\/2016\/08\/jesus-quesada-y-pedro-bernabe-finalistas\/\" class=\"more-link\">Seguir leyendo <span class=\"screen-reader-text\">Jes\u00fas Quesada y Pedro Bernab\u00e9, finalistas<\/span> <span class=\"meta-nav\">&rarr;<\/span><\/a><\/p>\n","protected":false},"author":2,"featured_media":2260,"comment_status":"closed","ping_status":"closed","sticky":false,"template":"","format":"standard","meta":{"footnotes":""},"categories":[3],"tags":[],"class_list":["post-2255","post","type-post","status-publish","format-standard","has-post-thumbnail","hentry","category-noticias"],"_links":{"self":[{"href":"https:\/\/tenislastorres.com\/tenis\/wp-json\/wp\/v2\/posts\/2255","targetHints":{"allow":["GET"]}}],"collection":[{"href":"https:\/\/tenislastorres.com\/tenis\/wp-json\/wp\/v2\/posts"}],"about":[{"href":"https:\/\/tenislastorres.com\/tenis\/wp-json\/wp\/v2\/types\/post"}],"author":[{"embeddable":true,"href":"https:\/\/tenislastorres.com\/tenis\/wp-json\/wp\/v2\/users\/2"}],"replies":[{"embeddable":true,"href":"https:\/\/tenislastorres.com\/tenis\/wp-json\/wp\/v2\/comments?post=2255"}],"version-history":[{"count":3,"href":"https:\/\/tenislastorres.com\/tenis\/wp-json\/wp\/v2\/posts\/2255\/revisions"}],"predecessor-version":[{"id":2262,"href":"https:\/\/tenislastorres.com\/tenis\/wp-json\/wp\/v2\/posts\/2255\/revisions\/2262"}],"wp:featuredmedia":[{"embeddable":true,"href":"https:\/\/tenislastorres.com\/tenis\/wp-json\/wp\/v2\/media\/2260"}],"wp:attachment":[{"href":"https:\/\/tenislastorres.com\/tenis\/wp-json\/wp\/v2\/media?parent=2255"}],"wp:term":[{"taxonomy":"category","embeddable":true,"href":"https:\/\/tenislastorres.com\/tenis\/wp-json\/wp\/v2\/categories?post=2255"},{"taxonomy":"post_tag","embeddable":true,"href":"https:\/\/tenislastorres.com\/tenis\/wp-json\/wp\/v2\/tags?post=2255"}],"curies":[{"name":"wp","href":"https:\/\/api.w.org\/{rel}","templated":true}]}}