{"id":2242,"date":"2016-08-22T23:54:56","date_gmt":"2016-08-22T22:54:56","guid":{"rendered":"http:\/\/tenislastorres.com\/tenis\/?p=2242"},"modified":"2025-07-31T08:52:22","modified_gmt":"2025-07-31T07:52:22","slug":"el-torneo-de-tenis-ya-tiene-semifinalistas","status":"publish","type":"post","link":"https:\/\/tenislastorres.com\/tenis\/2016\/08\/el-torneo-de-tenis-ya-tiene-semifinalistas\/","title":{"rendered":"El torneo de tenis ya tiene semifinalistas"},"content":{"rendered":"<figure id=\"attachment_2243\" aria-describedby=\"caption-attachment-2243\" style=\"width: 584px\" class=\"wp-caption alignnone\"><a href=\"https:\/\/tenislastorres.com\/tenis\/wp-content\/uploads\/2016\/08\/IMG_20160822_190329.jpg\" rel=\"attachment wp-att-2243\"><img loading=\"lazy\" decoding=\"async\" class=\"wp-image-2243 size-large\" src=\"https:\/\/tenislastorres.com\/tenis\/wp-content\/uploads\/2016\/08\/IMG_20160822_190329-768x1024.jpg\" alt=\"IMG_20160822_190329\" width=\"584\" height=\"779\" srcset=\"https:\/\/tenislastorres.com\/tenis\/wp-content\/uploads\/2016\/08\/IMG_20160822_190329-768x1024.jpg 768w, https:\/\/tenislastorres.com\/tenis\/wp-content\/uploads\/2016\/08\/IMG_20160822_190329-225x300.jpg 225w, https:\/\/tenislastorres.com\/tenis\/wp-content\/uploads\/2016\/08\/IMG_20160822_190329.jpg 1944w\" sizes=\"auto, (max-width: 584px) 100vw, 584px\" \/><\/a><figcaption id=\"caption-attachment-2243\" class=\"wp-caption-text\">Juan Salvador P\u00e1rraga y Pablo Garc\u00eda<\/figcaption><\/figure>\n<figure id=\"attachment_2244\" aria-describedby=\"caption-attachment-2244\" style=\"width: 584px\" class=\"wp-caption alignnone\"><a href=\"https:\/\/tenislastorres.com\/tenis\/wp-content\/uploads\/2016\/08\/IMG_20160822_195217.jpg\" rel=\"attachment wp-att-2244\"><img loading=\"lazy\" decoding=\"async\" class=\"wp-image-2244 size-large\" src=\"https:\/\/tenislastorres.com\/tenis\/wp-content\/uploads\/2016\/08\/IMG_20160822_195217-768x1024.jpg\" alt=\"IMG_20160822_195217\" width=\"584\" height=\"779\" srcset=\"https:\/\/tenislastorres.com\/tenis\/wp-content\/uploads\/2016\/08\/IMG_20160822_195217-768x1024.jpg 768w, https:\/\/tenislastorres.com\/tenis\/wp-content\/uploads\/2016\/08\/IMG_20160822_195217-225x300.jpg 225w, https:\/\/tenislastorres.com\/tenis\/wp-content\/uploads\/2016\/08\/IMG_20160822_195217.jpg 1944w\" sizes=\"auto, (max-width: 584px) 100vw, 584px\" \/><\/a><figcaption id=\"caption-attachment-2244\" class=\"wp-caption-text\">Dani Ca\u00f1ete y Pedro Bernab\u00e9<\/figcaption><\/figure>\n<p style=\"text-align: justify;\">Despu\u00e9s de la intensa jornada de tenis de hoy Lunes, donde se han disputado los 1\/4 de final en ambas modalidades de absoluto y consolaci\u00f3n, han quedado definidas las semifinales que se disputar\u00e1n ma\u00f1ana martes a partir de las 7 de la tarde.<br \/>\n<strong>Juan Salvador P\u00e1rraga<\/strong>, y contra pron\u00f3stico, dobleg\u00f3 al joven <strong>Pablo Garc\u00eda<\/strong> por un doble 6\/1, donde llev\u00f3 la iniciativa del encuentro en todo momento, no dejando a Garc\u00eda\u00a0que desarrollara su juego; buenas maneras las mostradas por Pablo, con un rev\u00e9s muy seguro y efectivo. De esta manera, Juan Salvador P\u00e1rraga venc\u00eda a otro cabeza de serie, (3), pues el viernes ya se deshizo de Alvaro Alarc\u00f3n (5), convirti\u00e9ndose as\u00ed en el jugador revelaci\u00f3n del torneo.<br \/>\n<strong>Pedro Bernab\u00e9<\/strong> se impuso a Dani Ca\u00f1ete (6\/4 6\/4) en un partido intenso e igualado, ofreciendo un gran tenis y de mucha calidad; el murciano\u00a0se clasific\u00f3 finalmente convirti\u00e9ndose as\u00ed en el\u00a0rival de P\u00e1rraga en semifinales. Buenas maneras las mostradas por Dani Ca\u00f1ete, quien se se ve crecer ten\u00edsticamente d\u00eda a d\u00eda, siendo junto a Paco Aledo, los dos benjamines del torneo.<\/p>\n<p><a href=\"https:\/\/tenislastorres.com\/tenis\/wp-content\/uploads\/2016\/08\/IMG_20160822_212716.jpg\" rel=\"attachment wp-att-2245\"><img loading=\"lazy\" decoding=\"async\" class=\"alignnone wp-image-2245 size-large\" src=\"https:\/\/tenislastorres.com\/tenis\/wp-content\/uploads\/2016\/08\/IMG_20160822_212716-768x1024.jpg\" alt=\"IMG_20160822_212716\" width=\"584\" height=\"779\" srcset=\"https:\/\/tenislastorres.com\/tenis\/wp-content\/uploads\/2016\/08\/IMG_20160822_212716-768x1024.jpg 768w, https:\/\/tenislastorres.com\/tenis\/wp-content\/uploads\/2016\/08\/IMG_20160822_212716-225x300.jpg 225w, https:\/\/tenislastorres.com\/tenis\/wp-content\/uploads\/2016\/08\/IMG_20160822_212716.jpg 1944w\" sizes=\"auto, (max-width: 584px) 100vw, 584px\" \/><br \/>\n<\/a>\u00a0 <span style=\"color: #ff0000;\">\u00a0Paco Aledo y Jes\u00fas Quesada<\/span><\/p>\n<p><a href=\"https:\/\/tenislastorres.com\/tenis\/wp-content\/uploads\/2016\/08\/IMG_20160822_190713.jpg\" rel=\"attachment wp-att-2246\"><img loading=\"lazy\" decoding=\"async\" class=\"alignnone wp-image-2246 size-large\" src=\"https:\/\/tenislastorres.com\/tenis\/wp-content\/uploads\/2016\/08\/IMG_20160822_190713-768x1024.jpg\" alt=\"IMG_20160822_190713\" width=\"584\" height=\"779\" srcset=\"https:\/\/tenislastorres.com\/tenis\/wp-content\/uploads\/2016\/08\/IMG_20160822_190713-768x1024.jpg 768w, https:\/\/tenislastorres.com\/tenis\/wp-content\/uploads\/2016\/08\/IMG_20160822_190713-225x300.jpg 225w, https:\/\/tenislastorres.com\/tenis\/wp-content\/uploads\/2016\/08\/IMG_20160822_190713.jpg 1944w\" sizes=\"auto, (max-width: 584px) 100vw, 584px\" \/><br \/>\n<\/a>\u00a0 \u00a0<span style=\"color: #ff0000;\">David Navarro y David Beltr\u00e1n<\/span><\/p>\n<p style=\"text-align: justify;\">En los otros dos partidos de 1\/4, el cabeza de serie n\u00ba 1, <strong>Jes\u00fas Quesada<\/strong>, venci\u00f3 al joven torre\u00f1o, <strong>Paco Aledo<\/strong>, por 6\/2 6\/3 en un entretenido partido, mostrando el de Guardamar su gran categor\u00eda y buen hacer dentro de la pista, y el local Aledo una buena proyecci\u00f3n dada su juventud; ven\u00eda de ganar los \u00faltimos tres torneos infantiles en los que hab\u00eda participado.<br \/>\nY simult\u00e1neamente a este partido, se disputaba el cuarto\u00a0m\u00e1s igualado y emocionante entre los santomeranos <strong>David Navarro y David Beltr\u00e1n<\/strong>; \u00a0despu\u00e9s de imponerse Beltr\u00e1n en la primera manga en el tie-breck, sucumbi\u00f3 en las dos mangas restantes por 7\/5 6\/1. Igualdad m\u00e1xima entre ambos jugadores, con largos intercambios y golpes de alta calidad. Es un honor y un orgullo para esta Asociaci\u00f3n, el contar con estos jugadores, -m\u00e1s alguno que otro que se ha quedado en el camino- los cuales nos est\u00e1n ofreciendo un tenis de gran brillantez.<br \/>\nEn los 1\/4 de Consolaci\u00f3n, el molinense <strong>Sergio Guerrero<\/strong> venci\u00f3 a Dani G\u00f3mez por 6\/1 6\/1, en un partido c\u00f3modo y seguro, y que le enfrentar\u00e1 a <strong>David Pablo Garrido<\/strong> tras vencer a Pepe Fern\u00e1ndez Ferr\u00e1ndiz por 7\/5 6\/0.<br \/>\nPor otro lado, \u00a0<strong>Eduardo C\u00e1mara<\/strong> se impuso a Pedro Sales (6\/4 6\/2) en partido adelantado el pasado Jueves, y se medir\u00e1\u00a0a <strong>Jos\u00e9 Antonio Contreras<\/strong>, una vez que se deshizo del zurdo Jos\u00e9 Antonio Fuentes en tres set, 3\/6 6\/3 6\/1.<br \/>\n<a href=\"https:\/\/tenislastorres.com\/tenis\/wp-content\/uploads\/2016\/08\/IMG_20160822_190217.jpg\" rel=\"attachment wp-att-2247\"><img loading=\"lazy\" decoding=\"async\" class=\"alignnone wp-image-2247 size-large\" src=\"https:\/\/tenislastorres.com\/tenis\/wp-content\/uploads\/2016\/08\/IMG_20160822_190217-768x1024.jpg\" alt=\"IMG_20160822_190217\" width=\"584\" height=\"779\" srcset=\"https:\/\/tenislastorres.com\/tenis\/wp-content\/uploads\/2016\/08\/IMG_20160822_190217-768x1024.jpg 768w, https:\/\/tenislastorres.com\/tenis\/wp-content\/uploads\/2016\/08\/IMG_20160822_190217-225x300.jpg 225w, https:\/\/tenislastorres.com\/tenis\/wp-content\/uploads\/2016\/08\/IMG_20160822_190217.jpg 1944w\" sizes=\"auto, (max-width: 584px) 100vw, 584px\" \/><br \/>\n<\/a>\u00a0 <span style=\"color: #ff0000;\">Sergio Guerrero y Dani G\u00f3mez<\/span><\/p>\n<p><a href=\"https:\/\/tenislastorres.com\/tenis\/wp-content\/uploads\/2016\/08\/IMG_20160822_213245.jpg\" rel=\"attachment wp-att-2248\"><img loading=\"lazy\" decoding=\"async\" class=\"alignnone wp-image-2248 size-large\" src=\"https:\/\/tenislastorres.com\/tenis\/wp-content\/uploads\/2016\/08\/IMG_20160822_213245-768x1024.jpg\" alt=\"IMG_20160822_213245\" width=\"584\" height=\"779\" srcset=\"https:\/\/tenislastorres.com\/tenis\/wp-content\/uploads\/2016\/08\/IMG_20160822_213245-768x1024.jpg 768w, https:\/\/tenislastorres.com\/tenis\/wp-content\/uploads\/2016\/08\/IMG_20160822_213245-225x300.jpg 225w, https:\/\/tenislastorres.com\/tenis\/wp-content\/uploads\/2016\/08\/IMG_20160822_213245.jpg 1944w\" sizes=\"auto, (max-width: 584px) 100vw, 584px\" \/><br \/>\n<\/a>\u00a0 \u00a0<span style=\"color: #ff0000;\">Pepe Fdez. Ferr\u00e1ndiz y David Pablo Garrido<\/span><br \/>\n<a href=\"https:\/\/tenislastorres.com\/tenis\/wp-content\/uploads\/2016\/08\/IMG_20160822_195217.jpg\" rel=\"attachment wp-att-2244\"><br \/>\n<\/a><\/p>\n","protected":false},"excerpt":{"rendered":"<p>Despu\u00e9s de la intensa jornada de tenis de hoy Lunes, donde se han disputado los 1\/4 de final en ambas modalidades de absoluto y consolaci\u00f3n, han quedado definidas las semifinales que se disputar\u00e1n ma\u00f1ana martes a partir de las 7 de la tarde. Juan Salvador P\u00e1rraga, y contra pron\u00f3stico, dobleg\u00f3 al joven Pablo Garc\u00eda por &hellip; <a href=\"https:\/\/tenislastorres.com\/tenis\/2016\/08\/el-torneo-de-tenis-ya-tiene-semifinalistas\/\" class=\"more-link\">Seguir leyendo <span class=\"screen-reader-text\">El torneo de tenis ya tiene semifinalistas<\/span> <span class=\"meta-nav\">&rarr;<\/span><\/a><\/p>\n","protected":false},"author":2,"featured_media":0,"comment_status":"closed","ping_status":"closed","sticky":false,"template":"","format":"standard","meta":{"footnotes":""},"categories":[3],"tags":[],"class_list":["post-2242","post","type-post","status-publish","format-standard","hentry","category-noticias"],"_links":{"self":[{"href":"https:\/\/tenislastorres.com\/tenis\/wp-json\/wp\/v2\/posts\/2242","targetHints":{"allow":["GET"]}}],"collection":[{"href":"https:\/\/tenislastorres.com\/tenis\/wp-json\/wp\/v2\/posts"}],"about":[{"href":"https:\/\/tenislastorres.com\/tenis\/wp-json\/wp\/v2\/types\/post"}],"author":[{"embeddable":true,"href":"https:\/\/tenislastorres.com\/tenis\/wp-json\/wp\/v2\/users\/2"}],"replies":[{"embeddable":true,"href":"https:\/\/tenislastorres.com\/tenis\/wp-json\/wp\/v2\/comments?post=2242"}],"version-history":[{"count":4,"href":"https:\/\/tenislastorres.com\/tenis\/wp-json\/wp\/v2\/posts\/2242\/revisions"}],"predecessor-version":[{"id":2252,"href":"https:\/\/tenislastorres.com\/tenis\/wp-json\/wp\/v2\/posts\/2242\/revisions\/2252"}],"wp:attachment":[{"href":"https:\/\/tenislastorres.com\/tenis\/wp-json\/wp\/v2\/media?parent=2242"}],"wp:term":[{"taxonomy":"category","embeddable":true,"href":"https:\/\/tenislastorres.com\/tenis\/wp-json\/wp\/v2\/categories?post=2242"},{"taxonomy":"post_tag","embeddable":true,"href":"https:\/\/tenislastorres.com\/tenis\/wp-json\/wp\/v2\/tags?post=2242"}],"curies":[{"name":"wp","href":"https:\/\/api.w.org\/{rel}","templated":true}]}}