{"id":2224,"date":"2016-07-19T17:38:30","date_gmt":"2016-07-19T16:38:30","guid":{"rendered":"http:\/\/tenislastorres.com\/tenis\/?p=2224"},"modified":"2025-07-31T08:52:22","modified_gmt":"2025-07-31T07:52:22","slug":"granados-y-quesada-se-imponen-en-guardamar","status":"publish","type":"post","link":"https:\/\/tenislastorres.com\/tenis\/2016\/07\/granados-y-quesada-se-imponen-en-guardamar\/","title":{"rendered":"Granados y Quesada se imponen en Guardamar"},"content":{"rendered":"<figure id=\"attachment_2226\" aria-describedby=\"caption-attachment-2226\" style=\"width: 584px\" class=\"wp-caption alignnone\"><a href=\"https:\/\/tenislastorres.com\/tenis\/wp-content\/uploads\/2016\/07\/Guardamar.jpg\" rel=\"attachment wp-att-2226\"><img loading=\"lazy\" decoding=\"async\" class=\"wp-image-2226 size-large\" src=\"https:\/\/tenislastorres.com\/tenis\/wp-content\/uploads\/2016\/07\/Guardamar-1024x576.jpg\" alt=\"Guardamar\" width=\"584\" height=\"329\" srcset=\"https:\/\/tenislastorres.com\/tenis\/wp-content\/uploads\/2016\/07\/Guardamar-1024x576.jpg 1024w, https:\/\/tenislastorres.com\/tenis\/wp-content\/uploads\/2016\/07\/Guardamar-300x169.jpg 300w, https:\/\/tenislastorres.com\/tenis\/wp-content\/uploads\/2016\/07\/Guardamar-768x432.jpg 768w, https:\/\/tenislastorres.com\/tenis\/wp-content\/uploads\/2016\/07\/Guardamar-500x281.jpg 500w, https:\/\/tenislastorres.com\/tenis\/wp-content\/uploads\/2016\/07\/Guardamar.jpg 1600w\" sizes=\"auto, (max-width: 584px) 100vw, 584px\" \/><\/a><figcaption id=\"caption-attachment-2226\" class=\"wp-caption-text\">Luis, Rico, Quesada y Granados<\/figcaption><\/figure>\n<p>Los tenistas del equipo absoluto de la Asociaci\u00f3n de Tenis, <strong>Jos\u00e9 Antonio Granados y<\/strong> <strong>Jes\u00fas Quesada<\/strong>, se han impuesto en la final a<strong> Luis Fern\u00e1ndez y Jos\u00e9 Carlos Rico<\/strong>, tambi\u00e9n componentes del equipo ATT, en el Torneo de dobles que se ha disputado el pasado fin de semana en Guardamar. El partido ha sido muy igualado y se ha decidido en el tie.breack, despu\u00e9s de llevar los perdedores una ventaja de 6-1.<br \/>\nGran temporada de estos jugadores, quienes hace poco m\u00e1s de un mes se proclamaron campeones absolutos regionales por equipos, ante al CT Cordillera. Adem\u00e1s, <strong>Luis<\/strong> <strong>Fern\u00e1ndez y Jos\u00e9 Carlos Rico<\/strong> han ascendido a la categor\u00eda <strong>Master<\/strong> de la Liga de Tenis.<br \/>\n<strong>Jos\u00e9 Antonio Granados<\/strong> tendr\u00e1 que esperar de momento para conseguir el ascenso a Honor, categor\u00eda que se merece por su constancia y compromiso, aunque no queda descartado su ascenso de cara a la pr\u00f3xima edici\u00f3n.<\/p>\n","protected":false},"excerpt":{"rendered":"<p>Los tenistas del equipo absoluto de la Asociaci\u00f3n de Tenis, Jos\u00e9 Antonio Granados y Jes\u00fas Quesada, se han impuesto en la final a Luis Fern\u00e1ndez y Jos\u00e9 Carlos Rico, tambi\u00e9n componentes del equipo ATT, en el Torneo de dobles que se ha disputado el pasado fin de semana en Guardamar. El partido ha sido muy &hellip; <a href=\"https:\/\/tenislastorres.com\/tenis\/2016\/07\/granados-y-quesada-se-imponen-en-guardamar\/\" class=\"more-link\">Seguir leyendo <span class=\"screen-reader-text\">Granados y Quesada se imponen en Guardamar<\/span> <span class=\"meta-nav\">&rarr;<\/span><\/a><\/p>\n","protected":false},"author":2,"featured_media":0,"comment_status":"closed","ping_status":"closed","sticky":false,"template":"","format":"standard","meta":{"footnotes":""},"categories":[3],"tags":[],"class_list":["post-2224","post","type-post","status-publish","format-standard","hentry","category-noticias"],"_links":{"self":[{"href":"https:\/\/tenislastorres.com\/tenis\/wp-json\/wp\/v2\/posts\/2224","targetHints":{"allow":["GET"]}}],"collection":[{"href":"https:\/\/tenislastorres.com\/tenis\/wp-json\/wp\/v2\/posts"}],"about":[{"href":"https:\/\/tenislastorres.com\/tenis\/wp-json\/wp\/v2\/types\/post"}],"author":[{"embeddable":true,"href":"https:\/\/tenislastorres.com\/tenis\/wp-json\/wp\/v2\/users\/2"}],"replies":[{"embeddable":true,"href":"https:\/\/tenislastorres.com\/tenis\/wp-json\/wp\/v2\/comments?post=2224"}],"version-history":[{"count":1,"href":"https:\/\/tenislastorres.com\/tenis\/wp-json\/wp\/v2\/posts\/2224\/revisions"}],"predecessor-version":[{"id":2227,"href":"https:\/\/tenislastorres.com\/tenis\/wp-json\/wp\/v2\/posts\/2224\/revisions\/2227"}],"wp:attachment":[{"href":"https:\/\/tenislastorres.com\/tenis\/wp-json\/wp\/v2\/media?parent=2224"}],"wp:term":[{"taxonomy":"category","embeddable":true,"href":"https:\/\/tenislastorres.com\/tenis\/wp-json\/wp\/v2\/categories?post=2224"},{"taxonomy":"post_tag","embeddable":true,"href":"https:\/\/tenislastorres.com\/tenis\/wp-json\/wp\/v2\/tags?post=2224"}],"curies":[{"name":"wp","href":"https:\/\/api.w.org\/{rel}","templated":true}]}}