{"id":2195,"date":"2016-07-13T23:17:24","date_gmt":"2016-07-13T22:17:24","guid":{"rendered":"http:\/\/tenislastorres.com\/tenis\/?p=2195"},"modified":"2025-07-31T08:52:22","modified_gmt":"2025-07-31T07:52:22","slug":"la-xxv-liga-de-tenis-entrega-sus-trofeos","status":"publish","type":"post","link":"https:\/\/tenislastorres.com\/tenis\/2016\/07\/la-xxv-liga-de-tenis-entrega-sus-trofeos\/","title":{"rendered":"La XXV Liga de Tenis entrega sus trofeos"},"content":{"rendered":"<p>La<strong> Asociaci\u00f3n de Tenis Las Torres<\/strong> hizo entrega de los trofeos a los 3 primeros clasificados por grupo y categor\u00eda, clausurando as\u00ed esta edici\u00f3n de plata de la liga de tenis. Los 27 afortunados recibieron los trofeos de manos del Pte. de la ATT,<strong> Pepe<\/strong> <strong>Mart\u00ednez<\/strong>, y del Concejal de Deportes del Ayto. de Las Torres de Cotillas, <strong>Gin\u00e9s P\u00e9rez,<\/strong> qui\u00e9n tuvo palabras de agradecimiento, tanto para la organizaci\u00f3n como para todos los participantes.<br \/>\nLa Asociaci\u00f3n concedi\u00f3 un premio especial a la <strong>deportividad y af\u00e1n de superaci\u00f3n,<\/strong> en la persona del tricampe\u00f3n local, <strong>Pascual Mero\u00f1o<\/strong>,<br \/>\nPosteriormente se sirvi\u00f3 un refrigerio para todos los\u00a0premiados y acompa\u00f1antes, compartiendo una tarde-noche m\u00e1s que saludable entre todos los asistentes.<br \/>\nLos galardonados fueron los siguientes:<br \/>\nCategor\u00eda Master: 1\u00ba) Juan Salvador P\u00e1rraga; 2\u00ba) Abel Garc\u00eda, y 3\u00ba) Manolo Navarro.<br \/>\nCategor\u00eda Honor: 1\u00ba) Dani Ca\u00f1ete; 2\u00ba) Luis Fern\u00e1ndez, y 3\u00ba) Lorenzo Jim\u00e9nez.<br \/>\nCateg Veteranos +50 a\u00f1os: 1\u00ba) Jes\u00fas Bermejo; 2\u00ba) Antonio Revenga, y 3\u00ba) Roque Guill\u00e9n<br \/>\nCat.1\u00aa-Grupo A: 1\u00ba) V\u00edctor M. N\u00fa\u00f1ez; 2\u00ba) Dami\u00e1n S\u00e1nchez, y 3\u00ba) Fco. Javier Alc\u00e1zar.<br \/>\nCat.1\u00aa-Grupo B: 1\u00ba) Sergio L\u00f3pez Ruiz; 2\u00ba) Jos\u00e9 A. D\u00f3lera, y 3\u00ba) Roberto Carlos Espinosa<br \/>\nCat.2\u00aa-Grupo A: 1\u00ba) Juan A. Esparza; 2\u00ba) Eustaquio Cascales Jr. y 3\u00ba) Juanjo S\u00e1nchez.<br \/>\nCat.2\u00aa-Grupo B: 1\u00ba) David Pablo Garrido; 2\u00ba) Jos\u00e9 Manuel Parejo, y3\u00ba) Ra\u00fal Navarro.<br \/>\nCat.3\u00aa-Grupo A: 1\u00ba) Antonio L\u00f3pez; 2\u00ba) Sergio Guerrero, y 3\u00ba) Cipriano Garc\u00eda.<br \/>\nCat.3\u00aa-Grupo B: 1\u00ba) Javier Ja\u00e9n; 2\u00ba) Emilio Mart\u00ednez, y 3\u00ba) Jos\u00e9 Tom\u00e1s Capel<\/p>\n<p>A continuaci\u00f3n ofrecemos algunas instant\u00e1neas del acto:<br \/>\n<a href=\"https:\/\/tenislastorres.com\/tenis\/wp-content\/uploads\/2016\/07\/Juan-Salvador.jpg\" rel=\"attachment wp-att-2196\"><img loading=\"lazy\" decoding=\"async\" class=\"alignnone size-medium wp-image-2196\" src=\"https:\/\/tenislastorres.com\/tenis\/wp-content\/uploads\/2016\/07\/Juan-Salvador-225x300.jpg\" alt=\"Juan Salvador\" width=\"225\" height=\"300\" srcset=\"https:\/\/tenislastorres.com\/tenis\/wp-content\/uploads\/2016\/07\/Juan-Salvador-225x300.jpg 225w, https:\/\/tenislastorres.com\/tenis\/wp-content\/uploads\/2016\/07\/Juan-Salvador-768x1024.jpg 768w, https:\/\/tenislastorres.com\/tenis\/wp-content\/uploads\/2016\/07\/Juan-Salvador.jpg 1944w\" sizes=\"auto, (max-width: 225px) 100vw, 225px\" \/><\/a>\u00a0<a href=\"https:\/\/tenislastorres.com\/tenis\/wp-content\/uploads\/2016\/07\/Manolo-Navarro.jpg\" rel=\"attachment wp-att-2197\"><img loading=\"lazy\" decoding=\"async\" class=\"alignnone size-medium wp-image-2197\" src=\"https:\/\/tenislastorres.com\/tenis\/wp-content\/uploads\/2016\/07\/Manolo-Navarro-225x300.jpg\" alt=\"Manolo Navarro\" width=\"225\" height=\"300\" srcset=\"https:\/\/tenislastorres.com\/tenis\/wp-content\/uploads\/2016\/07\/Manolo-Navarro-225x300.jpg 225w, https:\/\/tenislastorres.com\/tenis\/wp-content\/uploads\/2016\/07\/Manolo-Navarro-768x1024.jpg 768w, https:\/\/tenislastorres.com\/tenis\/wp-content\/uploads\/2016\/07\/Manolo-Navarro.jpg 1944w\" sizes=\"auto, (max-width: 225px) 100vw, 225px\" \/><\/a>\u00a0<a href=\"https:\/\/tenislastorres.com\/tenis\/wp-content\/uploads\/2016\/07\/Luis-Fern\u00e1ndez.jpg\" rel=\"attachment wp-att-2198\"><img loading=\"lazy\" decoding=\"async\" class=\"alignnone size-medium wp-image-2198\" src=\"https:\/\/tenislastorres.com\/tenis\/wp-content\/uploads\/2016\/07\/Luis-Fern\u00e1ndez-225x300.jpg\" alt=\"Luis Fern\u00e1ndez\" width=\"225\" height=\"300\" srcset=\"https:\/\/tenislastorres.com\/tenis\/wp-content\/uploads\/2016\/07\/Luis-Fern\u00e1ndez-225x300.jpg 225w, https:\/\/tenislastorres.com\/tenis\/wp-content\/uploads\/2016\/07\/Luis-Fern\u00e1ndez-768x1024.jpg 768w, https:\/\/tenislastorres.com\/tenis\/wp-content\/uploads\/2016\/07\/Luis-Fern\u00e1ndez.jpg 1944w\" sizes=\"auto, (max-width: 225px) 100vw, 225px\" \/><\/a>\u00a0<a href=\"https:\/\/tenislastorres.com\/tenis\/wp-content\/uploads\/2016\/07\/Lorenzo-Jim\u00e9nez.I.jpg\" rel=\"attachment wp-att-2199\"><img loading=\"lazy\" decoding=\"async\" class=\"alignnone size-medium wp-image-2199\" src=\"https:\/\/tenislastorres.com\/tenis\/wp-content\/uploads\/2016\/07\/Lorenzo-Jim\u00e9nez.I-225x300.jpg\" alt=\"Lorenzo Jim\u00e9nez.I\" width=\"225\" height=\"300\" srcset=\"https:\/\/tenislastorres.com\/tenis\/wp-content\/uploads\/2016\/07\/Lorenzo-Jim\u00e9nez.I-225x300.jpg 225w, https:\/\/tenislastorres.com\/tenis\/wp-content\/uploads\/2016\/07\/Lorenzo-Jim\u00e9nez.I-768x1024.jpg 768w, https:\/\/tenislastorres.com\/tenis\/wp-content\/uploads\/2016\/07\/Lorenzo-Jim\u00e9nez.I.jpg 1944w\" sizes=\"auto, (max-width: 225px) 100vw, 225px\" \/><\/a>\u00a0<a href=\"https:\/\/tenislastorres.com\/tenis\/wp-content\/uploads\/2016\/07\/Sergio-L\u00f3pez-Ruiz.jpg\" rel=\"attachment wp-att-2200\"><img loading=\"lazy\" decoding=\"async\" class=\"alignnone size-medium wp-image-2200\" src=\"https:\/\/tenislastorres.com\/tenis\/wp-content\/uploads\/2016\/07\/Sergio-L\u00f3pez-Ruiz-225x300.jpg\" alt=\"Sergio L\u00f3pez Ruiz\" width=\"225\" height=\"300\" srcset=\"https:\/\/tenislastorres.com\/tenis\/wp-content\/uploads\/2016\/07\/Sergio-L\u00f3pez-Ruiz-225x300.jpg 225w, https:\/\/tenislastorres.com\/tenis\/wp-content\/uploads\/2016\/07\/Sergio-L\u00f3pez-Ruiz-768x1024.jpg 768w, https:\/\/tenislastorres.com\/tenis\/wp-content\/uploads\/2016\/07\/Sergio-L\u00f3pez-Ruiz.jpg 1944w\" sizes=\"auto, (max-width: 225px) 100vw, 225px\" \/><\/a>\u00a0<a href=\"https:\/\/tenislastorres.com\/tenis\/wp-content\/uploads\/2016\/07\/Roberto-y-Alc\u00e1zar.jpg\" rel=\"attachment wp-att-2201\"><img loading=\"lazy\" decoding=\"async\" class=\"alignnone size-medium wp-image-2201\" src=\"https:\/\/tenislastorres.com\/tenis\/wp-content\/uploads\/2016\/07\/Roberto-y-Alc\u00e1zar-225x300.jpg\" alt=\"Roberto y Alc\u00e1zar\" width=\"225\" height=\"300\" srcset=\"https:\/\/tenislastorres.com\/tenis\/wp-content\/uploads\/2016\/07\/Roberto-y-Alc\u00e1zar-225x300.jpg 225w, https:\/\/tenislastorres.com\/tenis\/wp-content\/uploads\/2016\/07\/Roberto-y-Alc\u00e1zar-768x1024.jpg 768w, https:\/\/tenislastorres.com\/tenis\/wp-content\/uploads\/2016\/07\/Roberto-y-Alc\u00e1zar.jpg 1944w\" sizes=\"auto, (max-width: 225px) 100vw, 225px\" \/><\/a>\u00a0<a href=\"https:\/\/tenislastorres.com\/tenis\/wp-content\/uploads\/2016\/07\/David-Pablo-y-Esparza.jpg\" rel=\"attachment wp-att-2202\"><img loading=\"lazy\" decoding=\"async\" class=\"alignnone size-medium wp-image-2202\" src=\"https:\/\/tenislastorres.com\/tenis\/wp-content\/uploads\/2016\/07\/David-Pablo-y-Esparza-225x300.jpg\" alt=\"David Pablo y Esparza\" width=\"225\" height=\"300\" srcset=\"https:\/\/tenislastorres.com\/tenis\/wp-content\/uploads\/2016\/07\/David-Pablo-y-Esparza-225x300.jpg 225w, https:\/\/tenislastorres.com\/tenis\/wp-content\/uploads\/2016\/07\/David-Pablo-y-Esparza-768x1024.jpg 768w, https:\/\/tenislastorres.com\/tenis\/wp-content\/uploads\/2016\/07\/David-Pablo-y-Esparza.jpg 1944w\" sizes=\"auto, (max-width: 225px) 100vw, 225px\" \/><\/a>\u00a0<a href=\"https:\/\/tenislastorres.com\/tenis\/wp-content\/uploads\/2016\/07\/Jos\u00e9-Manuel-Parejo.jpg\" rel=\"attachment wp-att-2203\"><img loading=\"lazy\" decoding=\"async\" class=\"alignnone size-medium wp-image-2203\" src=\"https:\/\/tenislastorres.com\/tenis\/wp-content\/uploads\/2016\/07\/Jos\u00e9-Manuel-Parejo-225x300.jpg\" alt=\"Jos\u00e9 Manuel Parejo\" width=\"225\" height=\"300\" srcset=\"https:\/\/tenislastorres.com\/tenis\/wp-content\/uploads\/2016\/07\/Jos\u00e9-Manuel-Parejo-225x300.jpg 225w, https:\/\/tenislastorres.com\/tenis\/wp-content\/uploads\/2016\/07\/Jos\u00e9-Manuel-Parejo-768x1024.jpg 768w, https:\/\/tenislastorres.com\/tenis\/wp-content\/uploads\/2016\/07\/Jos\u00e9-Manuel-Parejo.jpg 1944w\" sizes=\"auto, (max-width: 225px) 100vw, 225px\" \/><\/a>\u00a0<a href=\"https:\/\/tenislastorres.com\/tenis\/wp-content\/uploads\/2016\/07\/Ra\u00fal-Navarro.jpg\" rel=\"attachment wp-att-2204\"><img loading=\"lazy\" decoding=\"async\" class=\"alignnone size-medium wp-image-2204\" src=\"https:\/\/tenislastorres.com\/tenis\/wp-content\/uploads\/2016\/07\/Ra\u00fal-Navarro-217x300.jpg\" alt=\"Ra\u00fal Navarro\" width=\"217\" height=\"300\" srcset=\"https:\/\/tenislastorres.com\/tenis\/wp-content\/uploads\/2016\/07\/Ra\u00fal-Navarro-217x300.jpg 217w, https:\/\/tenislastorres.com\/tenis\/wp-content\/uploads\/2016\/07\/Ra\u00fal-Navarro-768x1063.jpg 768w, https:\/\/tenislastorres.com\/tenis\/wp-content\/uploads\/2016\/07\/Ra\u00fal-Navarro-740x1024.jpg 740w, https:\/\/tenislastorres.com\/tenis\/wp-content\/uploads\/2016\/07\/Ra\u00fal-Navarro.jpg 835w\" sizes=\"auto, (max-width: 217px) 100vw, 217px\" \/><\/a>\u00a0<a href=\"https:\/\/tenislastorres.com\/tenis\/wp-content\/uploads\/2016\/07\/Eustaquio-Jr..jpg\" rel=\"attachment wp-att-2205\"><img loading=\"lazy\" decoding=\"async\" class=\"alignnone size-medium wp-image-2205\" src=\"https:\/\/tenislastorres.com\/tenis\/wp-content\/uploads\/2016\/07\/Eustaquio-Jr.-225x300.jpg\" alt=\"Eustaquio Jr.\" width=\"225\" height=\"300\" srcset=\"https:\/\/tenislastorres.com\/tenis\/wp-content\/uploads\/2016\/07\/Eustaquio-Jr.-225x300.jpg 225w, https:\/\/tenislastorres.com\/tenis\/wp-content\/uploads\/2016\/07\/Eustaquio-Jr.-768x1024.jpg 768w, https:\/\/tenislastorres.com\/tenis\/wp-content\/uploads\/2016\/07\/Eustaquio-Jr..jpg 1944w\" sizes=\"auto, (max-width: 225px) 100vw, 225px\" \/><\/a>\u00a0<a href=\"https:\/\/tenislastorres.com\/tenis\/wp-content\/uploads\/2016\/07\/Emilio-y-Sergio-Guerrero.jpg\" rel=\"attachment wp-att-2206\"><img loading=\"lazy\" decoding=\"async\" class=\"alignnone size-medium wp-image-2206\" src=\"https:\/\/tenislastorres.com\/tenis\/wp-content\/uploads\/2016\/07\/Emilio-y-Sergio-Guerrero-179x300.jpg\" alt=\"Emilio y Sergio Guerrero\" width=\"179\" height=\"300\" srcset=\"https:\/\/tenislastorres.com\/tenis\/wp-content\/uploads\/2016\/07\/Emilio-y-Sergio-Guerrero-179x300.jpg 179w, https:\/\/tenislastorres.com\/tenis\/wp-content\/uploads\/2016\/07\/Emilio-y-Sergio-Guerrero-768x1286.jpg 768w, https:\/\/tenislastorres.com\/tenis\/wp-content\/uploads\/2016\/07\/Emilio-y-Sergio-Guerrero-612x1024.jpg 612w, https:\/\/tenislastorres.com\/tenis\/wp-content\/uploads\/2016\/07\/Emilio-y-Sergio-Guerrero.jpg 1389w\" sizes=\"auto, (max-width: 179px) 100vw, 179px\" \/><\/a>\u00a0<a href=\"https:\/\/tenislastorres.com\/tenis\/wp-content\/uploads\/2016\/07\/Jes\u00fas-Bermejo.jpg\" rel=\"attachment wp-att-2207\"><img loading=\"lazy\" decoding=\"async\" class=\"alignnone size-medium wp-image-2207\" src=\"https:\/\/tenislastorres.com\/tenis\/wp-content\/uploads\/2016\/07\/Jes\u00fas-Bermejo-225x300.jpg\" alt=\"Jes\u00fas Bermejo\" width=\"225\" height=\"300\" srcset=\"https:\/\/tenislastorres.com\/tenis\/wp-content\/uploads\/2016\/07\/Jes\u00fas-Bermejo-225x300.jpg 225w, https:\/\/tenislastorres.com\/tenis\/wp-content\/uploads\/2016\/07\/Jes\u00fas-Bermejo-768x1024.jpg 768w, https:\/\/tenislastorres.com\/tenis\/wp-content\/uploads\/2016\/07\/Jes\u00fas-Bermejo.jpg 1944w\" sizes=\"auto, (max-width: 225px) 100vw, 225px\" \/><\/a>\u00a0<a href=\"https:\/\/tenislastorres.com\/tenis\/wp-content\/uploads\/2016\/07\/Antonio-Revenga.jpg\" rel=\"attachment wp-att-2208\"><img loading=\"lazy\" decoding=\"async\" class=\"alignnone size-medium wp-image-2208\" src=\"https:\/\/tenislastorres.com\/tenis\/wp-content\/uploads\/2016\/07\/Antonio-Revenga-225x300.jpg\" alt=\"Antonio Revenga\" width=\"225\" height=\"300\" srcset=\"https:\/\/tenislastorres.com\/tenis\/wp-content\/uploads\/2016\/07\/Antonio-Revenga-225x300.jpg 225w, https:\/\/tenislastorres.com\/tenis\/wp-content\/uploads\/2016\/07\/Antonio-Revenga-768x1024.jpg 768w, https:\/\/tenislastorres.com\/tenis\/wp-content\/uploads\/2016\/07\/Antonio-Revenga.jpg 1944w\" sizes=\"auto, (max-width: 225px) 100vw, 225px\" \/><\/a>\u00a0<a href=\"https:\/\/tenislastorres.com\/tenis\/wp-content\/uploads\/2016\/07\/Roque-Guill\u00e9n.jpg\" rel=\"attachment wp-att-2209\"><img loading=\"lazy\" decoding=\"async\" class=\"alignnone size-medium wp-image-2209\" src=\"https:\/\/tenislastorres.com\/tenis\/wp-content\/uploads\/2016\/07\/Roque-Guill\u00e9n-225x300.jpg\" alt=\"Roque Guill\u00e9n\" width=\"225\" height=\"300\" srcset=\"https:\/\/tenislastorres.com\/tenis\/wp-content\/uploads\/2016\/07\/Roque-Guill\u00e9n-225x300.jpg 225w, https:\/\/tenislastorres.com\/tenis\/wp-content\/uploads\/2016\/07\/Roque-Guill\u00e9n-768x1024.jpg 768w, https:\/\/tenislastorres.com\/tenis\/wp-content\/uploads\/2016\/07\/Roque-Guill\u00e9n.jpg 1944w\" sizes=\"auto, (max-width: 225px) 100vw, 225px\" \/><\/a>\u00a0<a href=\"https:\/\/tenislastorres.com\/tenis\/wp-content\/uploads\/2016\/07\/Pascual-Mero\u00f1o.I.jpg\" rel=\"attachment wp-att-2210\"><img loading=\"lazy\" decoding=\"async\" class=\"alignnone size-medium wp-image-2210\" src=\"https:\/\/tenislastorres.com\/tenis\/wp-content\/uploads\/2016\/07\/Pascual-Mero\u00f1o.I-225x300.jpg\" alt=\"Pascual Mero\u00f1o.I\" width=\"225\" height=\"300\" srcset=\"https:\/\/tenislastorres.com\/tenis\/wp-content\/uploads\/2016\/07\/Pascual-Mero\u00f1o.I-225x300.jpg 225w, https:\/\/tenislastorres.com\/tenis\/wp-content\/uploads\/2016\/07\/Pascual-Mero\u00f1o.I-768x1024.jpg 768w, https:\/\/tenislastorres.com\/tenis\/wp-content\/uploads\/2016\/07\/Pascual-Mero\u00f1o.I.jpg 1944w\" sizes=\"auto, (max-width: 225px) 100vw, 225px\" \/><\/a>\u00a0<a href=\"https:\/\/tenislastorres.com\/tenis\/wp-content\/uploads\/2016\/07\/Premiados.II_.jpg\" rel=\"attachment wp-att-2211\"><img loading=\"lazy\" decoding=\"async\" class=\"alignnone size-medium wp-image-2211\" src=\"https:\/\/tenislastorres.com\/tenis\/wp-content\/uploads\/2016\/07\/Premiados.II_-300x225.jpg\" alt=\"Premiados.II\" width=\"300\" height=\"225\" srcset=\"https:\/\/tenislastorres.com\/tenis\/wp-content\/uploads\/2016\/07\/Premiados.II_-300x225.jpg 300w, https:\/\/tenislastorres.com\/tenis\/wp-content\/uploads\/2016\/07\/Premiados.II_-768x576.jpg 768w, https:\/\/tenislastorres.com\/tenis\/wp-content\/uploads\/2016\/07\/Premiados.II_-1024x768.jpg 1024w, https:\/\/tenislastorres.com\/tenis\/wp-content\/uploads\/2016\/07\/Premiados.II_-400x300.jpg 400w\" sizes=\"auto, (max-width: 300px) 100vw, 300px\" \/><\/a><\/p>\n","protected":false},"excerpt":{"rendered":"<p>La Asociaci\u00f3n de Tenis Las Torres hizo entrega de los trofeos a los 3 primeros clasificados por grupo y categor\u00eda, clausurando as\u00ed esta edici\u00f3n de plata de la liga de tenis. Los 27 afortunados recibieron los trofeos de manos del Pte. de la ATT, Pepe Mart\u00ednez, y del Concejal de Deportes del Ayto. de Las &hellip; <a href=\"https:\/\/tenislastorres.com\/tenis\/2016\/07\/la-xxv-liga-de-tenis-entrega-sus-trofeos\/\" class=\"more-link\">Seguir leyendo <span class=\"screen-reader-text\">La XXV Liga de Tenis entrega sus trofeos<\/span> <span class=\"meta-nav\">&rarr;<\/span><\/a><\/p>\n","protected":false},"author":2,"featured_media":0,"comment_status":"closed","ping_status":"closed","sticky":false,"template":"","format":"standard","meta":{"footnotes":""},"categories":[14,3],"tags":[],"class_list":["post-2195","post","type-post","status-publish","format-standard","hentry","category-liga-2015-2016","category-noticias"],"_links":{"self":[{"href":"https:\/\/tenislastorres.com\/tenis\/wp-json\/wp\/v2\/posts\/2195","targetHints":{"allow":["GET"]}}],"collection":[{"href":"https:\/\/tenislastorres.com\/tenis\/wp-json\/wp\/v2\/posts"}],"about":[{"href":"https:\/\/tenislastorres.com\/tenis\/wp-json\/wp\/v2\/types\/post"}],"author":[{"embeddable":true,"href":"https:\/\/tenislastorres.com\/tenis\/wp-json\/wp\/v2\/users\/2"}],"replies":[{"embeddable":true,"href":"https:\/\/tenislastorres.com\/tenis\/wp-json\/wp\/v2\/comments?post=2195"}],"version-history":[{"count":1,"href":"https:\/\/tenislastorres.com\/tenis\/wp-json\/wp\/v2\/posts\/2195\/revisions"}],"predecessor-version":[{"id":2212,"href":"https:\/\/tenislastorres.com\/tenis\/wp-json\/wp\/v2\/posts\/2195\/revisions\/2212"}],"wp:attachment":[{"href":"https:\/\/tenislastorres.com\/tenis\/wp-json\/wp\/v2\/media?parent=2195"}],"wp:term":[{"taxonomy":"category","embeddable":true,"href":"https:\/\/tenislastorres.com\/tenis\/wp-json\/wp\/v2\/categories?post=2195"},{"taxonomy":"post_tag","embeddable":true,"href":"https:\/\/tenislastorres.com\/tenis\/wp-json\/wp\/v2\/tags?post=2195"}],"curies":[{"name":"wp","href":"https:\/\/api.w.org\/{rel}","templated":true}]}}