{"id":2180,"date":"2016-06-04T16:19:34","date_gmt":"2016-06-04T15:19:34","guid":{"rendered":"http:\/\/tenislastorres.com\/tenis\/?p=2180"},"modified":"2025-07-31T08:52:22","modified_gmt":"2025-07-31T07:52:22","slug":"el-equipo-absoluto-de-la-att-se-proclama-campeon-en-el-cordillera","status":"publish","type":"post","link":"https:\/\/tenislastorres.com\/tenis\/2016\/06\/el-equipo-absoluto-de-la-att-se-proclama-campeon-en-el-cordillera\/","title":{"rendered":"El equipo absoluto de la ATT se proclama campe\u00f3n en el Cordillera"},"content":{"rendered":"<p style=\"text-align: justify;\"><span style=\"color: #800000;\">El equipo absoluto de la<strong> Asociaci\u00f3n de Tenis Las Torres<\/strong> se ha proclamado por 2\u00ba a\u00f1o consecutivo, campe\u00f3n del campeonato regional amateur por equipos organizado por la CTA.<\/span><br \/>\n<span style=\"color: #800000;\">Los torre\u00f1os se impusieron en la final a domicilio al <strong>C.T. Cordillera<\/strong> por 6 a 1 en la ma\u00f1ana del pasado s\u00e1bado, 29 de Mayo-16, brillando el buen tenis por parte de ambos equipos, as\u00ed como una buena armon\u00eda y mejor ambiente\u00a0entre todos los participantes.<\/span><br \/>\n<span style=\"color: #800000;\">Los resultados fueron \u00e9stos:<\/span><br \/>\n<span style=\"color: #800000;\"><strong>Angel Pacheco<\/strong> &amp; Antonio Orenes . . . . . . . \u00a06\/4 6\/3<\/span><br \/>\n<span style=\"color: #800000;\"><strong>Pedro Bernab\u00e9<\/strong> &amp; Octavio Santana . . . . . . .3\/6 6\/1 6\/3<\/span><br \/>\n<span style=\"color: #800000;\"><strong>Dominique Layton<\/strong> &amp; Antonio S\u00e1nchez . . . \u00a04\/6 6\/4 6\/4<\/span><br \/>\n<span style=\"color: #800000;\">David Beltr\u00e1n &amp; <strong>Angel Girald<\/strong> . . . . . . . . . . . 2\/6 7\/6 (6) 3\/6<\/span><br \/>\n<span style=\"color: #800000;\"><strong>Juan Salvador P\u00e1rraga<\/strong> &amp; Jorgel Glez. . . . \u00a06\/4 6\/2<\/span><\/p>\n<p><span style=\"color: #800000;\">Los enfrentamientos de dobles no se disputaron por negarse el equipo anfitri\u00f3n, toda vez que el partido\u00a0ya estaba resuelto. Posteriormente se hizo acto de la entrega de trofeos, precedida\u00a0de\u00a0una comida de confraternidad entre todos los participantes, y que clausuraba este torneo.<br \/>\n<a href=\"https:\/\/tenislastorres.com\/tenis\/wp-content\/uploads\/2016\/06\/Campeones-2016.jpg\" rel=\"attachment wp-att-2181\"><img loading=\"lazy\" decoding=\"async\" class=\"alignnone wp-image-2181 size-full\" src=\"https:\/\/tenislastorres.com\/tenis\/wp-content\/uploads\/2016\/06\/Campeones-2016.jpg\" alt=\"Campeones 2016\" width=\"720\" height=\"478\" srcset=\"https:\/\/tenislastorres.com\/tenis\/wp-content\/uploads\/2016\/06\/Campeones-2016.jpg 720w, https:\/\/tenislastorres.com\/tenis\/wp-content\/uploads\/2016\/06\/Campeones-2016-300x199.jpg 300w, https:\/\/tenislastorres.com\/tenis\/wp-content\/uploads\/2016\/06\/Campeones-2016-452x300.jpg 452w\" sizes=\"auto, (max-width: 720px) 100vw, 720px\" \/><\/a>\u00a0<a href=\"https:\/\/tenislastorres.com\/tenis\/wp-content\/uploads\/2016\/06\/Trofeo-Campeones.jpg\" rel=\"attachment wp-att-2182\"><img loading=\"lazy\" decoding=\"async\" class=\"alignnone wp-image-2182 size-full\" src=\"https:\/\/tenislastorres.com\/tenis\/wp-content\/uploads\/2016\/06\/Trofeo-Campeones.jpg\" alt=\"Trofeo Campeones\" width=\"720\" height=\"720\" srcset=\"https:\/\/tenislastorres.com\/tenis\/wp-content\/uploads\/2016\/06\/Trofeo-Campeones.jpg 720w, https:\/\/tenislastorres.com\/tenis\/wp-content\/uploads\/2016\/06\/Trofeo-Campeones-150x150.jpg 150w, https:\/\/tenislastorres.com\/tenis\/wp-content\/uploads\/2016\/06\/Trofeo-Campeones-300x300.jpg 300w\" sizes=\"auto, (max-width: 720px) 100vw, 720px\" \/><\/a>\u00a0<a href=\"https:\/\/tenislastorres.com\/tenis\/wp-content\/uploads\/2016\/06\/Granados.Campe\u00f3n.jpg\" rel=\"attachment wp-att-2183\"><img loading=\"lazy\" decoding=\"async\" class=\"alignnone wp-image-2183 size-full\" src=\"https:\/\/tenislastorres.com\/tenis\/wp-content\/uploads\/2016\/06\/Granados.Campe\u00f3n.jpg\" alt=\"Granados.Campe\u00f3n\" width=\"720\" height=\"478\" srcset=\"https:\/\/tenislastorres.com\/tenis\/wp-content\/uploads\/2016\/06\/Granados.Campe\u00f3n.jpg 720w, https:\/\/tenislastorres.com\/tenis\/wp-content\/uploads\/2016\/06\/Granados.Campe\u00f3n-300x199.jpg 300w, https:\/\/tenislastorres.com\/tenis\/wp-content\/uploads\/2016\/06\/Granados.Campe\u00f3n-452x300.jpg 452w\" sizes=\"auto, (max-width: 720px) 100vw, 720px\" \/><br \/>\n<\/a>La <strong>Junta Directiva de la Asociaci\u00f3n de Tenis Las Torres<\/strong> felicita a todos los componentes del equipo por este trofeo, y agradece el compromiso mostrado desde el inicio del mismo.<br \/>\nAsimismo, quiere agradecer en especial a <strong>Jos\u00e9 Antonio Granados y Jos\u00e9 Carlos Rico,<\/strong> ambos capitanes, por su buena labor, el empe\u00f1o y el inter\u00e9s por llevar a buen puerto a este equipo, y dejar el nombre de la Asociaci\u00f3n en lo m\u00e1s alto del tenis de nuestra Regi\u00f3n.<br \/>\nIgualmente agradece a todas las firmas comerciales su colaboraci\u00f3n, as\u00ed como a la <strong>Concejal\u00eda de Deportes<\/strong> del Ayto. de Las Torres de Cotillas por su predisposici\u00f3n en todo momento.<\/span><\/p>\n","protected":false},"excerpt":{"rendered":"<p>El equipo absoluto de la Asociaci\u00f3n de Tenis Las Torres se ha proclamado por 2\u00ba a\u00f1o consecutivo, campe\u00f3n del campeonato regional amateur por equipos organizado por la CTA. Los torre\u00f1os se impusieron en la final a domicilio al C.T. Cordillera por 6 a 1 en la ma\u00f1ana del pasado s\u00e1bado, 29 de Mayo-16, brillando el &hellip; <a href=\"https:\/\/tenislastorres.com\/tenis\/2016\/06\/el-equipo-absoluto-de-la-att-se-proclama-campeon-en-el-cordillera\/\" class=\"more-link\">Seguir leyendo <span class=\"screen-reader-text\">El equipo absoluto de la ATT se proclama campe\u00f3n en el Cordillera<\/span> <span class=\"meta-nav\">&rarr;<\/span><\/a><\/p>\n","protected":false},"author":2,"featured_media":0,"comment_status":"closed","ping_status":"closed","sticky":false,"template":"","format":"standard","meta":{"footnotes":""},"categories":[3],"tags":[],"class_list":["post-2180","post","type-post","status-publish","format-standard","hentry","category-noticias"],"_links":{"self":[{"href":"https:\/\/tenislastorres.com\/tenis\/wp-json\/wp\/v2\/posts\/2180","targetHints":{"allow":["GET"]}}],"collection":[{"href":"https:\/\/tenislastorres.com\/tenis\/wp-json\/wp\/v2\/posts"}],"about":[{"href":"https:\/\/tenislastorres.com\/tenis\/wp-json\/wp\/v2\/types\/post"}],"author":[{"embeddable":true,"href":"https:\/\/tenislastorres.com\/tenis\/wp-json\/wp\/v2\/users\/2"}],"replies":[{"embeddable":true,"href":"https:\/\/tenislastorres.com\/tenis\/wp-json\/wp\/v2\/comments?post=2180"}],"version-history":[{"count":1,"href":"https:\/\/tenislastorres.com\/tenis\/wp-json\/wp\/v2\/posts\/2180\/revisions"}],"predecessor-version":[{"id":2184,"href":"https:\/\/tenislastorres.com\/tenis\/wp-json\/wp\/v2\/posts\/2180\/revisions\/2184"}],"wp:attachment":[{"href":"https:\/\/tenislastorres.com\/tenis\/wp-json\/wp\/v2\/media?parent=2180"}],"wp:term":[{"taxonomy":"category","embeddable":true,"href":"https:\/\/tenislastorres.com\/tenis\/wp-json\/wp\/v2\/categories?post=2180"},{"taxonomy":"post_tag","embeddable":true,"href":"https:\/\/tenislastorres.com\/tenis\/wp-json\/wp\/v2\/tags?post=2180"}],"curies":[{"name":"wp","href":"https:\/\/api.w.org\/{rel}","templated":true}]}}