{"id":2161,"date":"2016-05-23T18:44:40","date_gmt":"2016-05-23T17:44:40","guid":{"rendered":"http:\/\/tenislastorres.com\/tenis\/?p=2161"},"modified":"2025-07-31T08:52:22","modified_gmt":"2025-07-31T07:52:22","slug":"el-equipo-de-la-att-jugara-la-final-de-la-liga-regional","status":"publish","type":"post","link":"https:\/\/tenislastorres.com\/tenis\/2016\/05\/el-equipo-de-la-att-jugara-la-final-de-la-liga-regional\/","title":{"rendered":"El equipo de la ATT jugar\u00e1 la final del torneo Interclubes Regional"},"content":{"rendered":"<p>El equipo de la ATT jugar\u00e1 el pr\u00f3ximo s\u00e1bado, 28, \u00a0por segundo a\u00f1o consecutivo la final del torneo Interclubes por equipos en el Club Cordillera de Murcia. El equipo torre\u00f1o ha hecho un buen torneo y se vislumbra como favorito para esta final.<br \/>\nEl campeonato ha sido organizado por la CTA (Circuito de tenista amateur).<br \/>\nDestacar la capitan\u00eda ejercida por Jos\u00e9 Antonio Granados y Jos\u00e9 Carlos Rico, as\u00ed como el compromiso de la mayor\u00eda de componentes del equipo, estando presentes en casi todos los partidos dejando a la Asociaci\u00f3n donde se merece.<br \/>\nSuerte.<br \/>\n<a href=\"https:\/\/tenislastorres.com\/tenis\/wp-content\/uploads\/2016\/04\/IMG-20160403-WA0004.jpg\" rel=\"attachment wp-att-2092\"><img loading=\"lazy\" decoding=\"async\" class=\"alignnone size-medium wp-image-2092\" src=\"https:\/\/tenislastorres.com\/tenis\/wp-content\/uploads\/2016\/04\/IMG-20160403-WA0004-300x169.jpg\" alt=\"IMG-20160403-WA0004\" width=\"300\" height=\"169\" srcset=\"https:\/\/tenislastorres.com\/tenis\/wp-content\/uploads\/2016\/04\/IMG-20160403-WA0004-300x169.jpg 300w, https:\/\/tenislastorres.com\/tenis\/wp-content\/uploads\/2016\/04\/IMG-20160403-WA0004-768x432.jpg 768w, https:\/\/tenislastorres.com\/tenis\/wp-content\/uploads\/2016\/04\/IMG-20160403-WA0004-1024x576.jpg 1024w, https:\/\/tenislastorres.com\/tenis\/wp-content\/uploads\/2016\/04\/IMG-20160403-WA0004-500x281.jpg 500w, https:\/\/tenislastorres.com\/tenis\/wp-content\/uploads\/2016\/04\/IMG-20160403-WA0004.jpg 1600w\" sizes=\"auto, (max-width: 300px) 100vw, 300px\" \/><\/a>\u00a0<a href=\"https:\/\/tenislastorres.com\/tenis\/wp-content\/uploads\/2016\/04\/IMG-20160403-WA0003.jpg\" rel=\"attachment wp-att-2091\"><img loading=\"lazy\" decoding=\"async\" class=\"alignnone size-medium wp-image-2091\" src=\"https:\/\/tenislastorres.com\/tenis\/wp-content\/uploads\/2016\/04\/IMG-20160403-WA0003-300x169.jpg\" alt=\"IMG-20160403-WA0003\" width=\"300\" height=\"169\" srcset=\"https:\/\/tenislastorres.com\/tenis\/wp-content\/uploads\/2016\/04\/IMG-20160403-WA0003-300x169.jpg 300w, https:\/\/tenislastorres.com\/tenis\/wp-content\/uploads\/2016\/04\/IMG-20160403-WA0003-768x432.jpg 768w, https:\/\/tenislastorres.com\/tenis\/wp-content\/uploads\/2016\/04\/IMG-20160403-WA0003-1024x576.jpg 1024w, https:\/\/tenislastorres.com\/tenis\/wp-content\/uploads\/2016\/04\/IMG-20160403-WA0003-500x281.jpg 500w, https:\/\/tenislastorres.com\/tenis\/wp-content\/uploads\/2016\/04\/IMG-20160403-WA0003.jpg 1600w\" sizes=\"auto, (max-width: 300px) 100vw, 300px\" \/><\/a><br \/>\n<a href=\"https:\/\/tenislastorres.com\/tenis\/wp-content\/uploads\/2016\/04\/IMG-20160403-WA0002.jpg\" rel=\"attachment wp-att-2090\"><img loading=\"lazy\" decoding=\"async\" class=\"alignnone size-medium wp-image-2090\" src=\"https:\/\/tenislastorres.com\/tenis\/wp-content\/uploads\/2016\/04\/IMG-20160403-WA0002-169x300.jpg\" alt=\"IMG-20160403-WA0002\" width=\"169\" height=\"300\" srcset=\"https:\/\/tenislastorres.com\/tenis\/wp-content\/uploads\/2016\/04\/IMG-20160403-WA0002-169x300.jpg 169w, https:\/\/tenislastorres.com\/tenis\/wp-content\/uploads\/2016\/04\/IMG-20160403-WA0002-768x1365.jpg 768w, https:\/\/tenislastorres.com\/tenis\/wp-content\/uploads\/2016\/04\/IMG-20160403-WA0002-576x1024.jpg 576w, https:\/\/tenislastorres.com\/tenis\/wp-content\/uploads\/2016\/04\/IMG-20160403-WA0002.jpg 900w\" sizes=\"auto, (max-width: 169px) 100vw, 169px\" \/><\/a>\u00a0<a href=\"https:\/\/tenislastorres.com\/tenis\/wp-content\/uploads\/2015\/08\/David.Granados.I.jpg\" rel=\"attachment wp-att-1870\"><img loading=\"lazy\" decoding=\"async\" class=\"alignnone size-medium wp-image-1870\" src=\"https:\/\/tenislastorres.com\/tenis\/wp-content\/uploads\/2015\/08\/David.Granados.I-168x300.jpg\" alt=\"David.Granados.I\" width=\"168\" height=\"300\" srcset=\"https:\/\/tenislastorres.com\/tenis\/wp-content\/uploads\/2015\/08\/David.Granados.I-168x300.jpg 168w, https:\/\/tenislastorres.com\/tenis\/wp-content\/uploads\/2015\/08\/David.Granados.I-575x1024.jpg 575w\" sizes=\"auto, (max-width: 168px) 100vw, 168px\" \/><\/a>\u00a0<a href=\"https:\/\/tenislastorres.com\/tenis\/wp-content\/uploads\/2016\/04\/IMG-20160403-WA0007.jpg\" rel=\"attachment wp-att-2094\"><img loading=\"lazy\" decoding=\"async\" class=\"alignnone size-medium wp-image-2094\" src=\"https:\/\/tenislastorres.com\/tenis\/wp-content\/uploads\/2016\/04\/IMG-20160403-WA0007-300x169.jpg\" alt=\"IMG-20160403-WA0007\" width=\"300\" height=\"169\" srcset=\"https:\/\/tenislastorres.com\/tenis\/wp-content\/uploads\/2016\/04\/IMG-20160403-WA0007-300x169.jpg 300w, https:\/\/tenislastorres.com\/tenis\/wp-content\/uploads\/2016\/04\/IMG-20160403-WA0007-768x432.jpg 768w, https:\/\/tenislastorres.com\/tenis\/wp-content\/uploads\/2016\/04\/IMG-20160403-WA0007-1024x576.jpg 1024w, https:\/\/tenislastorres.com\/tenis\/wp-content\/uploads\/2016\/04\/IMG-20160403-WA0007-500x281.jpg 500w, https:\/\/tenislastorres.com\/tenis\/wp-content\/uploads\/2016\/04\/IMG-20160403-WA0007.jpg 1600w\" sizes=\"auto, (max-width: 300px) 100vw, 300px\" \/><\/a>\u00a0<a href=\"https:\/\/tenislastorres.com\/tenis\/wp-content\/uploads\/2016\/04\/IMG-20160403-WA0006.jpg\" rel=\"attachment wp-att-2093\"><img loading=\"lazy\" decoding=\"async\" class=\"alignnone size-medium wp-image-2093\" src=\"https:\/\/tenislastorres.com\/tenis\/wp-content\/uploads\/2016\/04\/IMG-20160403-WA0006-300x169.jpg\" alt=\"IMG-20160403-WA0006\" width=\"300\" height=\"169\" srcset=\"https:\/\/tenislastorres.com\/tenis\/wp-content\/uploads\/2016\/04\/IMG-20160403-WA0006-300x169.jpg 300w, https:\/\/tenislastorres.com\/tenis\/wp-content\/uploads\/2016\/04\/IMG-20160403-WA0006-768x432.jpg 768w, https:\/\/tenislastorres.com\/tenis\/wp-content\/uploads\/2016\/04\/IMG-20160403-WA0006-1024x576.jpg 1024w, https:\/\/tenislastorres.com\/tenis\/wp-content\/uploads\/2016\/04\/IMG-20160403-WA0006-500x281.jpg 500w, https:\/\/tenislastorres.com\/tenis\/wp-content\/uploads\/2016\/04\/IMG-20160403-WA0006.jpg 1600w\" sizes=\"auto, (max-width: 300px) 100vw, 300px\" \/><\/a><\/p>\n","protected":false},"excerpt":{"rendered":"<p>El equipo de la ATT jugar\u00e1 el pr\u00f3ximo s\u00e1bado, 28, \u00a0por segundo a\u00f1o consecutivo la final del torneo Interclubes por equipos en el Club Cordillera de Murcia. El equipo torre\u00f1o ha hecho un buen torneo y se vislumbra como favorito para esta final. El campeonato ha sido organizado por la CTA (Circuito de tenista amateur). &hellip; <a href=\"https:\/\/tenislastorres.com\/tenis\/2016\/05\/el-equipo-de-la-att-jugara-la-final-de-la-liga-regional\/\" class=\"more-link\">Seguir leyendo <span class=\"screen-reader-text\">El equipo de la ATT jugar\u00e1 la final del torneo Interclubes Regional<\/span> <span class=\"meta-nav\">&rarr;<\/span><\/a><\/p>\n","protected":false},"author":2,"featured_media":0,"comment_status":"closed","ping_status":"closed","sticky":false,"template":"","format":"standard","meta":{"footnotes":""},"categories":[3],"tags":[],"class_list":["post-2161","post","type-post","status-publish","format-standard","hentry","category-noticias"],"_links":{"self":[{"href":"https:\/\/tenislastorres.com\/tenis\/wp-json\/wp\/v2\/posts\/2161","targetHints":{"allow":["GET"]}}],"collection":[{"href":"https:\/\/tenislastorres.com\/tenis\/wp-json\/wp\/v2\/posts"}],"about":[{"href":"https:\/\/tenislastorres.com\/tenis\/wp-json\/wp\/v2\/types\/post"}],"author":[{"embeddable":true,"href":"https:\/\/tenislastorres.com\/tenis\/wp-json\/wp\/v2\/users\/2"}],"replies":[{"embeddable":true,"href":"https:\/\/tenislastorres.com\/tenis\/wp-json\/wp\/v2\/comments?post=2161"}],"version-history":[{"count":2,"href":"https:\/\/tenislastorres.com\/tenis\/wp-json\/wp\/v2\/posts\/2161\/revisions"}],"predecessor-version":[{"id":2163,"href":"https:\/\/tenislastorres.com\/tenis\/wp-json\/wp\/v2\/posts\/2161\/revisions\/2163"}],"wp:attachment":[{"href":"https:\/\/tenislastorres.com\/tenis\/wp-json\/wp\/v2\/media?parent=2161"}],"wp:term":[{"taxonomy":"category","embeddable":true,"href":"https:\/\/tenislastorres.com\/tenis\/wp-json\/wp\/v2\/categories?post=2161"},{"taxonomy":"post_tag","embeddable":true,"href":"https:\/\/tenislastorres.com\/tenis\/wp-json\/wp\/v2\/tags?post=2161"}],"curies":[{"name":"wp","href":"https:\/\/api.w.org\/{rel}","templated":true}]}}