{"id":2138,"date":"2016-05-12T10:58:06","date_gmt":"2016-05-12T09:58:06","guid":{"rendered":"http:\/\/tenislastorres.com\/tenis\/?p=2138"},"modified":"2025-07-31T08:52:22","modified_gmt":"2025-07-31T07:52:22","slug":"2138","status":"publish","type":"post","link":"https:\/\/tenislastorres.com\/tenis\/2016\/05\/2138\/","title":{"rendered":"Las 12 horas de Tenis se saldan con brillantez"},"content":{"rendered":"<p style=\"text-align: justify;\"><span style=\"color: #800000;\">Con la amenaza de lluvia durante toda la jornada, el pasado s\u00e1bado, 7 de Mayo, se han disputado las <strong>12 Horas de Tenis<\/strong> en su XVII edici\u00f3n, en las pistas de tenis del Polideportivo Municipal de Las Torres de Cotillas. Veintis\u00e9is han sido los jugadores que desde las 8 de la ma\u00f1ana han participado en esta edici\u00f3n del torneo, y que ha supuesto un gran d\u00eda para todos los tenistas, con un buen ambiente, adem\u00e1s de partidos muy interesantes en todas las categor\u00edas. Este a\u00f1o, al contrario de los precedentes, se han configurados grupos de 5 jugadores -excepto el grupo <em>Esmeralda<\/em> que ten\u00eda 6- por nivel de juego, y se han enfrentado entre s\u00ed en sistema liga.<\/span><br \/>\n<span style=\"color: #800000;\">Los grupos han estado integrados por los siguientes tenistas:<\/span><br \/>\n<span style=\"color: #800000;\">\u00a0*Categor\u00eda <strong>Diamante<\/strong>: David Beltr\u00e1n, Juan Salvador P\u00e1rraga, Fco. Gin\u00e9s Iniesta, Dami\u00e1n S\u00e1nchez y Abel Garc\u00eda.<\/span><br \/>\n<span style=\"color: #800000;\">\u00a0*Categor\u00eda <strong>Rub\u00ed: <\/strong>Jos\u00e9 Antonio D\u00f3lera, Angel Abell\u00e1n, V\u00edctor Roncero, Luis Fern\u00e1ndez y Roberto Carlos Espinosa.<\/span><br \/>\n<span style=\"color: #800000;\">\u00a0* Categor\u00eda <strong>Zafiro<\/strong>: Javier Ortiz, Eustaquio Cascales Jr, Antonio Revenga, Pepe Mart\u00ednez y Paco Fern\u00e1ndez<\/span><br \/>\n<span style=\"color: #800000;\">\u00a0* Categor\u00eda <strong>Esmeralda<\/strong>: Pedro Angel Sales, Sergio Mart\u00ed, Raimundo Morales, Agust\u00edn C\u00e1novas, Daniel T\u00e9var y Pedro Jos\u00e9 Ortu\u00f1o.<\/span><br \/>\n<span style=\"color: #800000;\">\u00a0* Categor\u00eda <strong>Zirconita<\/strong>: Jes\u00fas D\u00f3lera, Esther M\u00aa Cascales, Sarmite Ludborza, Paco Ros y Alberto L\u00f3pez.<\/span><\/p>\n<p style=\"text-align: justify;\"><span style=\"color: #800000;\">Los partidos eran a 8 juegos, con punto de oro en los 40 iguales, con la salvedad que la diferencia de 5 juegos bonificaba al vencedor con la victoria anticipada.<\/span><br \/>\n<span style=\"color: #800000;\">La organizaci\u00f3n a cargo de la <strong>Asociaci\u00f3n de Tenis Las Torres<\/strong> ha proporcionado vales de consumiciones para todos los participantes, agua, servicio de fisioterapia, bolas, trofeos y detalles para todos, as\u00ed como camisetas donadas por <strong>IsAbel estilistas<\/strong> y el <strong>Acerico,<\/strong> arreglos de ropa.<\/span><br \/>\n<span style=\"color: #800000;\">Asimismo, ha contado con la total colaboraci\u00f3n de la <strong>Concejal\u00eda de Deportes del Ayto. de<\/strong> <strong>Las Torres de Cotillas<\/strong>, quien en todo momento nos han facilitado todo y cuanto hemos necesitado para el desarrollo del torneo.<\/span><br \/>\n<span style=\"color: #800000;\">Los ganadores por categor\u00edas han sido los siguientes:<\/span><br \/>\n<span style=\"color: #800000;\"><em><strong>Esmeralda<\/strong><\/em>: <strong>David Beltr\u00e1n<\/strong> (Campe\u00f3n) y <strong>Juan Salvador P\u00e1rraga<\/strong> (Subcampe\u00f3n)<\/span><br \/>\n<span style=\"color: #800000;\"><strong><em>Rub\u00ed<\/em>:<\/strong> <strong>Luis Fern\u00e1ndez Corbal\u00e1n<\/strong> (Campe\u00f3n) y <strong>Jos\u00e9 Antonio D\u00f3lera<\/strong> (Subcampe\u00f3n)<\/span><br \/>\n<span style=\"color: #800000;\"><strong><em>Zafiro<\/em>: Antonio Revenga<\/strong> (Campe\u00f3n) y <strong>Eustaquio Cascales<\/strong>\u00a0<strong>Jr<\/strong>.(Subcampe\u00f3n)<\/span><br \/>\n<span style=\"color: #800000;\"><strong><em>Esmeralda<\/em><\/strong>: <strong>Sergio Mart\u00ed<\/strong> (Campe\u00f3n) y <strong>Dani T\u00e9var<\/strong> (Subcampe\u00f3n)<\/span><br \/>\n<span style=\"color: #800000;\"><em><strong>Zirconita<\/strong><\/em>: <strong>Paco Ros<\/strong> (Campe\u00f3n) y <strong>Esther M\u00aa Cascales<\/strong> (Subcampeona)<\/span><\/p>\n<p><span style=\"color: #800000;\">Los trofeos fueron entregados por Pepe Mart\u00ednez (Pte. de la ATT) y Eustaquio Cascales (Socio ATT)<\/span><\/p>\n<p><a href=\"https:\/\/tenislastorres.com\/tenis\/wp-content\/uploads\/2016\/05\/David-Beltran.jpg\" rel=\"attachment wp-att-2139\"><img loading=\"lazy\" decoding=\"async\" class=\"alignnone wp-image-2139 size-large\" src=\"https:\/\/tenislastorres.com\/tenis\/wp-content\/uploads\/2016\/05\/David-Beltran-1024x768.jpg\" alt=\"David Beltran\" width=\"584\" height=\"438\" srcset=\"https:\/\/tenislastorres.com\/tenis\/wp-content\/uploads\/2016\/05\/David-Beltran-1024x768.jpg 1024w, https:\/\/tenislastorres.com\/tenis\/wp-content\/uploads\/2016\/05\/David-Beltran-300x225.jpg 300w, https:\/\/tenislastorres.com\/tenis\/wp-content\/uploads\/2016\/05\/David-Beltran-768x576.jpg 768w, https:\/\/tenislastorres.com\/tenis\/wp-content\/uploads\/2016\/05\/David-Beltran-400x300.jpg 400w\" sizes=\"auto, (max-width: 584px) 100vw, 584px\" \/><br \/>\n<\/a>\u00a0David Beltr\u00e1n (Campe\u00f3n categor\u00eda Diamante)<br \/>\n<a href=\"https:\/\/tenislastorres.com\/tenis\/wp-content\/uploads\/2016\/05\/Juan-Salvador.jpg\" rel=\"attachment wp-att-2140\"><img loading=\"lazy\" decoding=\"async\" class=\"alignnone wp-image-2140 size-large\" src=\"https:\/\/tenislastorres.com\/tenis\/wp-content\/uploads\/2016\/05\/Juan-Salvador-1024x768.jpg\" alt=\"Juan Salvador\" width=\"584\" height=\"438\" srcset=\"https:\/\/tenislastorres.com\/tenis\/wp-content\/uploads\/2016\/05\/Juan-Salvador-1024x768.jpg 1024w, https:\/\/tenislastorres.com\/tenis\/wp-content\/uploads\/2016\/05\/Juan-Salvador-300x225.jpg 300w, https:\/\/tenislastorres.com\/tenis\/wp-content\/uploads\/2016\/05\/Juan-Salvador-768x576.jpg 768w, https:\/\/tenislastorres.com\/tenis\/wp-content\/uploads\/2016\/05\/Juan-Salvador-400x300.jpg 400w\" sizes=\"auto, (max-width: 584px) 100vw, 584px\" \/><br \/>\n<\/a>\u00a0 \u00a0Juan Salvador P\u00e1rraga\u00a0\u00a0(subcampe\u00f3n Diamante)<\/p>\n<p><a href=\"https:\/\/tenislastorres.com\/tenis\/wp-content\/uploads\/2016\/05\/Luis.jpg\" rel=\"attachment wp-att-2141\"><img loading=\"lazy\" decoding=\"async\" class=\"alignnone wp-image-2141 size-large\" src=\"https:\/\/tenislastorres.com\/tenis\/wp-content\/uploads\/2016\/05\/Luis-1024x768.jpg\" alt=\"Luis\" width=\"584\" height=\"438\" srcset=\"https:\/\/tenislastorres.com\/tenis\/wp-content\/uploads\/2016\/05\/Luis-1024x768.jpg 1024w, https:\/\/tenislastorres.com\/tenis\/wp-content\/uploads\/2016\/05\/Luis-300x225.jpg 300w, https:\/\/tenislastorres.com\/tenis\/wp-content\/uploads\/2016\/05\/Luis-768x576.jpg 768w, https:\/\/tenislastorres.com\/tenis\/wp-content\/uploads\/2016\/05\/Luis-400x300.jpg 400w\" sizes=\"auto, (max-width: 584px) 100vw, 584px\" \/><br \/>\n<\/a>\u00a0 \u00a0 Luis Fern\u00e1ndez (Campe\u00f3n Rub\u00ed)<\/p>\n<p><a href=\"https:\/\/tenislastorres.com\/tenis\/wp-content\/uploads\/2016\/05\/Jos\u00e9-A-D\u00f3lera.jpg\" rel=\"attachment wp-att-2142\"><img loading=\"lazy\" decoding=\"async\" class=\"alignnone wp-image-2142 size-large\" src=\"https:\/\/tenislastorres.com\/tenis\/wp-content\/uploads\/2016\/05\/Jos\u00e9-A-D\u00f3lera-1024x768.jpg\" alt=\"Jos\u00e9 A D\u00f3lera\" width=\"584\" height=\"438\" srcset=\"https:\/\/tenislastorres.com\/tenis\/wp-content\/uploads\/2016\/05\/Jos\u00e9-A-D\u00f3lera-1024x768.jpg 1024w, https:\/\/tenislastorres.com\/tenis\/wp-content\/uploads\/2016\/05\/Jos\u00e9-A-D\u00f3lera-300x225.jpg 300w, https:\/\/tenislastorres.com\/tenis\/wp-content\/uploads\/2016\/05\/Jos\u00e9-A-D\u00f3lera-768x576.jpg 768w, https:\/\/tenislastorres.com\/tenis\/wp-content\/uploads\/2016\/05\/Jos\u00e9-A-D\u00f3lera-400x300.jpg 400w\" sizes=\"auto, (max-width: 584px) 100vw, 584px\" \/><br \/>\n<\/a>\u00a0 \u00a0Jos\u00e9 Antonio D\u00f3lera (Subcampe\u00f3n Rub\u00ed)<\/p>\n<p><a href=\"https:\/\/tenislastorres.com\/tenis\/wp-content\/uploads\/2016\/05\/Antonio-Revenga.jpg\" rel=\"attachment wp-att-2143\"><img loading=\"lazy\" decoding=\"async\" class=\"alignnone wp-image-2143 size-large\" src=\"https:\/\/tenislastorres.com\/tenis\/wp-content\/uploads\/2016\/05\/Antonio-Revenga-1024x768.jpg\" alt=\"Antonio Revenga\" width=\"584\" height=\"438\" srcset=\"https:\/\/tenislastorres.com\/tenis\/wp-content\/uploads\/2016\/05\/Antonio-Revenga-1024x768.jpg 1024w, https:\/\/tenislastorres.com\/tenis\/wp-content\/uploads\/2016\/05\/Antonio-Revenga-300x225.jpg 300w, https:\/\/tenislastorres.com\/tenis\/wp-content\/uploads\/2016\/05\/Antonio-Revenga-768x576.jpg 768w, https:\/\/tenislastorres.com\/tenis\/wp-content\/uploads\/2016\/05\/Antonio-Revenga-400x300.jpg 400w\" sizes=\"auto, (max-width: 584px) 100vw, 584px\" \/><br \/>\n<\/a>\u00a0 \u00a0Antonio Revenga (Campe\u00f3n Zafiro)<\/p>\n<p><a href=\"https:\/\/tenislastorres.com\/tenis\/wp-content\/uploads\/2016\/05\/Eustaquio-Jr.jpg\" rel=\"attachment wp-att-2144\"><img loading=\"lazy\" decoding=\"async\" class=\"alignnone wp-image-2144 size-large\" src=\"https:\/\/tenislastorres.com\/tenis\/wp-content\/uploads\/2016\/05\/Eustaquio-Jr-1024x768.jpg\" alt=\"Eustaquio Jr\" width=\"584\" height=\"438\" srcset=\"https:\/\/tenislastorres.com\/tenis\/wp-content\/uploads\/2016\/05\/Eustaquio-Jr-1024x768.jpg 1024w, https:\/\/tenislastorres.com\/tenis\/wp-content\/uploads\/2016\/05\/Eustaquio-Jr-300x225.jpg 300w, https:\/\/tenislastorres.com\/tenis\/wp-content\/uploads\/2016\/05\/Eustaquio-Jr-768x576.jpg 768w, https:\/\/tenislastorres.com\/tenis\/wp-content\/uploads\/2016\/05\/Eustaquio-Jr-400x300.jpg 400w\" sizes=\"auto, (max-width: 584px) 100vw, 584px\" \/><br \/>\n<\/a>\u00a0 \u00a0Eustaquio Cascales Jr. (Subcampe\u00f3n Zafiro)<\/p>\n<p><a href=\"https:\/\/tenislastorres.com\/tenis\/wp-content\/uploads\/2016\/05\/Sergio-Mart\u00ed.jpg\" rel=\"attachment wp-att-2145\"><img loading=\"lazy\" decoding=\"async\" class=\"alignnone wp-image-2145 size-large\" src=\"https:\/\/tenislastorres.com\/tenis\/wp-content\/uploads\/2016\/05\/Sergio-Mart\u00ed-1024x768.jpg\" alt=\"Sergio Mart\u00ed\" width=\"584\" height=\"438\" srcset=\"https:\/\/tenislastorres.com\/tenis\/wp-content\/uploads\/2016\/05\/Sergio-Mart\u00ed-1024x768.jpg 1024w, https:\/\/tenislastorres.com\/tenis\/wp-content\/uploads\/2016\/05\/Sergio-Mart\u00ed-300x225.jpg 300w, https:\/\/tenislastorres.com\/tenis\/wp-content\/uploads\/2016\/05\/Sergio-Mart\u00ed-768x576.jpg 768w, https:\/\/tenislastorres.com\/tenis\/wp-content\/uploads\/2016\/05\/Sergio-Mart\u00ed-400x300.jpg 400w\" sizes=\"auto, (max-width: 584px) 100vw, 584px\" \/><\/a>\u00a0 Sergio Mart\u00ed Soriano (Campe\u00f3n Esmeralda)<\/p>\n<p><a href=\"https:\/\/tenislastorres.com\/tenis\/wp-content\/uploads\/2016\/05\/T\u00e9var.jpg\" rel=\"attachment wp-att-2146\"><br \/>\n<\/a><a href=\"https:\/\/tenislastorres.com\/tenis\/wp-content\/uploads\/2016\/05\/T\u00e9var.jpg\" rel=\"attachment wp-att-2146\"><img loading=\"lazy\" decoding=\"async\" class=\"alignnone wp-image-2146 size-large\" src=\"https:\/\/tenislastorres.com\/tenis\/wp-content\/uploads\/2016\/05\/T\u00e9var-1024x768.jpg\" alt=\"T\u00e9var\" width=\"584\" height=\"438\" srcset=\"https:\/\/tenislastorres.com\/tenis\/wp-content\/uploads\/2016\/05\/T\u00e9var-1024x768.jpg 1024w, https:\/\/tenislastorres.com\/tenis\/wp-content\/uploads\/2016\/05\/T\u00e9var-300x225.jpg 300w, https:\/\/tenislastorres.com\/tenis\/wp-content\/uploads\/2016\/05\/T\u00e9var-768x576.jpg 768w, https:\/\/tenislastorres.com\/tenis\/wp-content\/uploads\/2016\/05\/T\u00e9var-400x300.jpg 400w\" sizes=\"auto, (max-width: 584px) 100vw, 584px\" \/><\/a>\u00a0 Dani T\u00e9var (Subcampe\u00f3n Esmeralda)<\/p>\n<p><a href=\"https:\/\/tenislastorres.com\/tenis\/wp-content\/uploads\/2016\/05\/Paco-Ros.jpg\" rel=\"attachment wp-att-2147\"><img loading=\"lazy\" decoding=\"async\" class=\"alignnone wp-image-2147 size-large\" src=\"https:\/\/tenislastorres.com\/tenis\/wp-content\/uploads\/2016\/05\/Paco-Ros-1024x768.jpg\" alt=\"Paco Ros\" width=\"584\" height=\"438\" srcset=\"https:\/\/tenislastorres.com\/tenis\/wp-content\/uploads\/2016\/05\/Paco-Ros-1024x768.jpg 1024w, https:\/\/tenislastorres.com\/tenis\/wp-content\/uploads\/2016\/05\/Paco-Ros-300x225.jpg 300w, https:\/\/tenislastorres.com\/tenis\/wp-content\/uploads\/2016\/05\/Paco-Ros-768x576.jpg 768w, https:\/\/tenislastorres.com\/tenis\/wp-content\/uploads\/2016\/05\/Paco-Ros-400x300.jpg 400w\" sizes=\"auto, (max-width: 584px) 100vw, 584px\" \/><br \/>\n<\/a>\u00a0 \u00a0 Paco Ros (Campe\u00f3n Zirconita)<\/p>\n<p><a href=\"https:\/\/tenislastorres.com\/tenis\/wp-content\/uploads\/2016\/05\/Esther.jpg\" rel=\"attachment wp-att-2148\"><img loading=\"lazy\" decoding=\"async\" class=\"alignnone wp-image-2148 size-large\" src=\"https:\/\/tenislastorres.com\/tenis\/wp-content\/uploads\/2016\/05\/Esther-1024x768.jpg\" alt=\"Esther\" width=\"584\" height=\"438\" srcset=\"https:\/\/tenislastorres.com\/tenis\/wp-content\/uploads\/2016\/05\/Esther-1024x768.jpg 1024w, https:\/\/tenislastorres.com\/tenis\/wp-content\/uploads\/2016\/05\/Esther-300x225.jpg 300w, https:\/\/tenislastorres.com\/tenis\/wp-content\/uploads\/2016\/05\/Esther-768x576.jpg 768w, https:\/\/tenislastorres.com\/tenis\/wp-content\/uploads\/2016\/05\/Esther-400x300.jpg 400w\" sizes=\"auto, (max-width: 584px) 100vw, 584px\" \/><br \/>\n<\/a>\u00a0 Esther Mar\u00eda Cascales (Subcampeona Zirconita)<\/p>\n<p><a href=\"https:\/\/tenislastorres.com\/tenis\/wp-content\/uploads\/2016\/05\/ParticipantesII.jpg\" rel=\"attachment wp-att-2149\"><img loading=\"lazy\" decoding=\"async\" class=\"alignnone wp-image-2149 size-large\" src=\"https:\/\/tenislastorres.com\/tenis\/wp-content\/uploads\/2016\/05\/ParticipantesII-1024x768.jpg\" alt=\"ParticipantesII\" width=\"584\" height=\"438\" srcset=\"https:\/\/tenislastorres.com\/tenis\/wp-content\/uploads\/2016\/05\/ParticipantesII-1024x768.jpg 1024w, https:\/\/tenislastorres.com\/tenis\/wp-content\/uploads\/2016\/05\/ParticipantesII-300x225.jpg 300w, https:\/\/tenislastorres.com\/tenis\/wp-content\/uploads\/2016\/05\/ParticipantesII-768x576.jpg 768w, https:\/\/tenislastorres.com\/tenis\/wp-content\/uploads\/2016\/05\/ParticipantesII-400x300.jpg 400w\" sizes=\"auto, (max-width: 584px) 100vw, 584px\" \/><br \/>\n<\/a>\u00a0 \u00a0Algunos jugadores participantes del torneo.<\/p>\n<p><a href=\"https:\/\/tenislastorres.com\/tenis\/wp-content\/uploads\/2016\/05\/Trofeos.jpg\" rel=\"attachment wp-att-2150\"><img loading=\"lazy\" decoding=\"async\" class=\"alignnone wp-image-2150 size-large\" src=\"https:\/\/tenislastorres.com\/tenis\/wp-content\/uploads\/2016\/05\/Trofeos-1024x768.jpg\" alt=\"Trofeos\" width=\"584\" height=\"438\" srcset=\"https:\/\/tenislastorres.com\/tenis\/wp-content\/uploads\/2016\/05\/Trofeos-1024x768.jpg 1024w, https:\/\/tenislastorres.com\/tenis\/wp-content\/uploads\/2016\/05\/Trofeos-300x225.jpg 300w, https:\/\/tenislastorres.com\/tenis\/wp-content\/uploads\/2016\/05\/Trofeos-768x576.jpg 768w, https:\/\/tenislastorres.com\/tenis\/wp-content\/uploads\/2016\/05\/Trofeos-400x300.jpg 400w\" sizes=\"auto, (max-width: 584px) 100vw, 584px\" \/><\/a><\/p>\n","protected":false},"excerpt":{"rendered":"<p>Con la amenaza de lluvia durante toda la jornada, el pasado s\u00e1bado, 7 de Mayo, se han disputado las 12 Horas de Tenis en su XVII edici\u00f3n, en las pistas de tenis del Polideportivo Municipal de Las Torres de Cotillas. Veintis\u00e9is han sido los jugadores que desde las 8 de la ma\u00f1ana han participado en &hellip; <a href=\"https:\/\/tenislastorres.com\/tenis\/2016\/05\/2138\/\" class=\"more-link\">Seguir leyendo <span class=\"screen-reader-text\">Las 12 horas de Tenis se saldan con brillantez<\/span> <span class=\"meta-nav\">&rarr;<\/span><\/a><\/p>\n","protected":false},"author":2,"featured_media":0,"comment_status":"closed","ping_status":"closed","sticky":false,"template":"","format":"standard","meta":{"footnotes":""},"categories":[7,3],"tags":[],"class_list":["post-2138","post","type-post","status-publish","format-standard","hentry","category-eventos","category-noticias"],"_links":{"self":[{"href":"https:\/\/tenislastorres.com\/tenis\/wp-json\/wp\/v2\/posts\/2138","targetHints":{"allow":["GET"]}}],"collection":[{"href":"https:\/\/tenislastorres.com\/tenis\/wp-json\/wp\/v2\/posts"}],"about":[{"href":"https:\/\/tenislastorres.com\/tenis\/wp-json\/wp\/v2\/types\/post"}],"author":[{"embeddable":true,"href":"https:\/\/tenislastorres.com\/tenis\/wp-json\/wp\/v2\/users\/2"}],"replies":[{"embeddable":true,"href":"https:\/\/tenislastorres.com\/tenis\/wp-json\/wp\/v2\/comments?post=2138"}],"version-history":[{"count":4,"href":"https:\/\/tenislastorres.com\/tenis\/wp-json\/wp\/v2\/posts\/2138\/revisions"}],"predecessor-version":[{"id":2154,"href":"https:\/\/tenislastorres.com\/tenis\/wp-json\/wp\/v2\/posts\/2138\/revisions\/2154"}],"wp:attachment":[{"href":"https:\/\/tenislastorres.com\/tenis\/wp-json\/wp\/v2\/media?parent=2138"}],"wp:term":[{"taxonomy":"category","embeddable":true,"href":"https:\/\/tenislastorres.com\/tenis\/wp-json\/wp\/v2\/categories?post=2138"},{"taxonomy":"post_tag","embeddable":true,"href":"https:\/\/tenislastorres.com\/tenis\/wp-json\/wp\/v2\/tags?post=2138"}],"curies":[{"name":"wp","href":"https:\/\/api.w.org\/{rel}","templated":true}]}}