{"id":2112,"date":"2016-04-18T11:56:18","date_gmt":"2016-04-18T10:56:18","guid":{"rendered":"http:\/\/tenislastorres.com\/tenis\/?p=2112"},"modified":"2025-07-31T08:52:22","modified_gmt":"2025-07-31T07:52:22","slug":"el-equipo-de-la-att-vence-a-ct-mazarron","status":"publish","type":"post","link":"https:\/\/tenislastorres.com\/tenis\/2016\/04\/el-equipo-de-la-att-vence-a-ct-mazarron\/","title":{"rendered":"El equipo de la ATT vence a CT Mazarr\u00f3n"},"content":{"rendered":"<p style=\"text-align: justify;\"><span style=\"color: #800000;\">El equipo de la <strong>ATT<\/strong> se ha impuesto al <strong>CT Mazarr\u00f3n<\/strong> por 5 a 2, en el 3er. partido de la segunda fase del torneo interclubes regional por equipos amateur organizado por la CTA, lo cual le da el liderato del grupo y el factor campo en 1\/4 y en unas posibles semifinales. Una victoria relativamente c\u00f3moda, donde los jugadores locales han demostrado su superioridad.<\/span><br \/>\n<span style=\"color: #800000;\"><strong>Angel Pacheco<\/strong> (1) se deshizo de Daniel Garc\u00eda por 6\/4 6\/2; <strong>Pedro Bernab\u00e9<\/strong> (2) hizo lo propio con Jorge Radrig\u00e1n por 6\/2 6\/3; el joven <strong>David Beltr\u00e1n<\/strong> (3) venci\u00f3 a Alfonso Oliver por 6\/1 6\/4; <strong>Juan Salvador P\u00e1rraga<\/strong> (4) se impuso a Juan Mallenco por un claro 6\/2 6\/0, dejando el enfrentamiento resuelto. En el quinto individual, el veterano tenista costero, <strong>Juan Morales,<\/strong> gan\u00f3 al local Luis Fern\u00e1ndez (5) en tres set: 7\/5 1\/6 6\/0.<\/span><br \/>\n<span style=\"color: #800000;\">En la modalidad de dobles, los locales <strong>Angel Pacheco\/Pedro Bernab\u00e9<\/strong> ganaron a la pareja Jorge Radrig\u00e1n\/Alfonso Oliver en un igualado partido por 6\/7 7\/5 10-2 (super tie-breack), y por \u00faltimo fueron los visitantes <strong>Juan Morales\/Juan Carlos Mallenco<\/strong> \u00a0quienes se llevaron el partido frente a David Beltr\u00e1n\/Luis Fern\u00e1ndez.<\/span><br \/>\n<span style=\"color: #800000;\">Buen campeonato el que est\u00e1 jugando el equipo de la Asociaci\u00f3n, y que le catapulta como uno de los favoritos al triunfo final, eso s\u00ed, ahora tendr\u00e1 que demostrar su categor\u00eda ante equipos de m\u00e1s nivel y trayectoria.<br \/>\n<\/span><\/p>\n","protected":false},"excerpt":{"rendered":"<p>El equipo de la ATT se ha impuesto al CT Mazarr\u00f3n por 5 a 2, en el 3er. partido de la segunda fase del torneo interclubes regional por equipos amateur organizado por la CTA, lo cual le da el liderato del grupo y el factor campo en 1\/4 y en unas posibles semifinales. Una victoria &hellip; <a href=\"https:\/\/tenislastorres.com\/tenis\/2016\/04\/el-equipo-de-la-att-vence-a-ct-mazarron\/\" class=\"more-link\">Seguir leyendo <span class=\"screen-reader-text\">El equipo de la ATT vence a CT Mazarr\u00f3n<\/span> <span class=\"meta-nav\">&rarr;<\/span><\/a><\/p>\n","protected":false},"author":2,"featured_media":0,"comment_status":"closed","ping_status":"closed","sticky":false,"template":"","format":"standard","meta":{"footnotes":""},"categories":[3],"tags":[],"class_list":["post-2112","post","type-post","status-publish","format-standard","hentry","category-noticias"],"_links":{"self":[{"href":"https:\/\/tenislastorres.com\/tenis\/wp-json\/wp\/v2\/posts\/2112","targetHints":{"allow":["GET"]}}],"collection":[{"href":"https:\/\/tenislastorres.com\/tenis\/wp-json\/wp\/v2\/posts"}],"about":[{"href":"https:\/\/tenislastorres.com\/tenis\/wp-json\/wp\/v2\/types\/post"}],"author":[{"embeddable":true,"href":"https:\/\/tenislastorres.com\/tenis\/wp-json\/wp\/v2\/users\/2"}],"replies":[{"embeddable":true,"href":"https:\/\/tenislastorres.com\/tenis\/wp-json\/wp\/v2\/comments?post=2112"}],"version-history":[{"count":1,"href":"https:\/\/tenislastorres.com\/tenis\/wp-json\/wp\/v2\/posts\/2112\/revisions"}],"predecessor-version":[{"id":2113,"href":"https:\/\/tenislastorres.com\/tenis\/wp-json\/wp\/v2\/posts\/2112\/revisions\/2113"}],"wp:attachment":[{"href":"https:\/\/tenislastorres.com\/tenis\/wp-json\/wp\/v2\/media?parent=2112"}],"wp:term":[{"taxonomy":"category","embeddable":true,"href":"https:\/\/tenislastorres.com\/tenis\/wp-json\/wp\/v2\/categories?post=2112"},{"taxonomy":"post_tag","embeddable":true,"href":"https:\/\/tenislastorres.com\/tenis\/wp-json\/wp\/v2\/tags?post=2112"}],"curies":[{"name":"wp","href":"https:\/\/api.w.org\/{rel}","templated":true}]}}