{"id":2073,"date":"2016-03-18T17:45:02","date_gmt":"2016-03-18T16:45:02","guid":{"rendered":"http:\/\/tenislastorres.com\/tenis\/?p=2073"},"modified":"2025-07-31T08:52:22","modified_gmt":"2025-07-31T07:52:22","slug":"el-equipo-de-la-att-se-impone-al-cd-cordillera-a-domicilio","status":"publish","type":"post","link":"https:\/\/tenislastorres.com\/tenis\/2016\/03\/el-equipo-de-la-att-se-impone-al-cd-cordillera-a-domicilio\/","title":{"rendered":"El equipo de la ATT se impone al CD Cordillera a domicilio"},"content":{"rendered":"<p style=\"text-align: justify;\"><span style=\"color: #0000ff;\">Victoria importante la conseguida por el equipo de la Asociaci\u00f3n de Tenis Las Torres el pasado domingo, 13 de Marzo, ante el CD Cordillera a domicilio, por 4 &#8211; 3, correspondiente a la 1\u00aa Jornada de la 2\u00aa Fase del Torneo Interclubes por equipos que organiza la CTA.<\/span><br \/>\n<span style=\"color: #0000ff;\">El\u00a0partido estuvo muy igualado hasta el final, dilucid\u00e1ndose el punto decisivo en el \u00faltimo doble.<\/span><br \/>\n<span style=\"color: #0000ff;\">Los enfrentamientos fueron los siguientes:<\/span><br \/>\n<strong><span style=\"color: #800000;\">Individuales:<\/span><\/strong><br \/>\n<strong><span style=\"color: #0000ff;\">CD Cordillera &#8211; A. Tenis Las Torres<\/span><\/strong><br \/>\n<span style=\"color: #0000ff;\">Carles Iniesta &amp; <em><strong>Angel Pacheco<\/strong><\/em> . . . . . . . . . 6\/7 7\/6 5\/7<\/span><br \/>\n<span style=\"color: #0000ff;\"><em><strong>Octavio Santana<\/strong><\/em> &amp; Pedro Bernab\u00e9 . . . . . . .4\/6 6\/4 6\/2<\/span><br \/>\n<span style=\"color: #0000ff;\">Antonio S\u00e1nchez &amp; <em><strong>Dominic Layton<\/strong><\/em> . . . . . . 4\/6 6\/4 4\/6<\/span><br \/>\n<span style=\"color: #0000ff;\"><em><strong>Jorge Gonz\u00e1lez<\/strong><\/em> &amp; Adri\u00e1n Mart\u00ednez . . . . . . . 6\/1 6\/1<\/span><br \/>\n<span style=\"color: #0000ff;\">Jes\u00fas Garc\u00eda &amp; <em><strong>Juan Salvador P\u00e1rraga<\/strong><\/em> . .. 3\/6 2\/6<\/span><\/p>\n<p><span style=\"color: #800000;\"><strong>Dobles:<\/strong><br \/>\n<span style=\"color: #0000ff;\">Carles Iniesta\/Antonio S\u00e1nchez &amp; <em><strong>Dominic Layton\/Pedro Bernab\u00e9<\/strong><\/em> . . . . 4\/6 1\/6<br \/>\n<strong><em>Jorge Gonz\u00e1lez\/Octavio Santana<\/em><\/strong> &amp; Jos\u00e9 Carlos Rico\/Luis Fern\u00e1ndez . \u00a06\/1 6\/1<\/span><\/span><\/p>\n<p><span style=\"color: #0000ff;\">El siguiente partido correspondiente a la 2\u00aa Jornada se disputar\u00e1 en Ceheg\u00edn,\u00a0en fecha a\u00fan por determinar, para cerrar esta fase ante el Club Tenis Mazarr\u00f3n.<\/span><br \/>\n<span style=\"color: #0000ff;\"> El otro grupo est\u00e1 integrado por el Club de Campo \u00abA\u00bb, Club de Campo \u00abB\u00bb, el Chaparral de Moratalla y el Club Tenis San Javier.<\/span><\/p>\n","protected":false},"excerpt":{"rendered":"<p>Victoria importante la conseguida por el equipo de la Asociaci\u00f3n de Tenis Las Torres el pasado domingo, 13 de Marzo, ante el CD Cordillera a domicilio, por 4 &#8211; 3, correspondiente a la 1\u00aa Jornada de la 2\u00aa Fase del Torneo Interclubes por equipos que organiza la CTA. El\u00a0partido estuvo muy igualado hasta el final, &hellip; <a href=\"https:\/\/tenislastorres.com\/tenis\/2016\/03\/el-equipo-de-la-att-se-impone-al-cd-cordillera-a-domicilio\/\" class=\"more-link\">Seguir leyendo <span class=\"screen-reader-text\">El equipo de la ATT se impone al CD Cordillera a domicilio<\/span> <span class=\"meta-nav\">&rarr;<\/span><\/a><\/p>\n","protected":false},"author":2,"featured_media":0,"comment_status":"closed","ping_status":"closed","sticky":false,"template":"","format":"standard","meta":{"footnotes":""},"categories":[3],"tags":[],"class_list":["post-2073","post","type-post","status-publish","format-standard","hentry","category-noticias"],"_links":{"self":[{"href":"https:\/\/tenislastorres.com\/tenis\/wp-json\/wp\/v2\/posts\/2073","targetHints":{"allow":["GET"]}}],"collection":[{"href":"https:\/\/tenislastorres.com\/tenis\/wp-json\/wp\/v2\/posts"}],"about":[{"href":"https:\/\/tenislastorres.com\/tenis\/wp-json\/wp\/v2\/types\/post"}],"author":[{"embeddable":true,"href":"https:\/\/tenislastorres.com\/tenis\/wp-json\/wp\/v2\/users\/2"}],"replies":[{"embeddable":true,"href":"https:\/\/tenislastorres.com\/tenis\/wp-json\/wp\/v2\/comments?post=2073"}],"version-history":[{"count":2,"href":"https:\/\/tenislastorres.com\/tenis\/wp-json\/wp\/v2\/posts\/2073\/revisions"}],"predecessor-version":[{"id":2075,"href":"https:\/\/tenislastorres.com\/tenis\/wp-json\/wp\/v2\/posts\/2073\/revisions\/2075"}],"wp:attachment":[{"href":"https:\/\/tenislastorres.com\/tenis\/wp-json\/wp\/v2\/media?parent=2073"}],"wp:term":[{"taxonomy":"category","embeddable":true,"href":"https:\/\/tenislastorres.com\/tenis\/wp-json\/wp\/v2\/categories?post=2073"},{"taxonomy":"post_tag","embeddable":true,"href":"https:\/\/tenislastorres.com\/tenis\/wp-json\/wp\/v2\/tags?post=2073"}],"curies":[{"name":"wp","href":"https:\/\/api.w.org\/{rel}","templated":true}]}}