{"id":2062,"date":"2016-03-05T20:49:36","date_gmt":"2016-03-05T19:49:36","guid":{"rendered":"http:\/\/tenislastorres.com\/tenis\/?p=2062"},"modified":"2025-07-31T08:52:22","modified_gmt":"2025-07-31T07:52:22","slug":"resultados-liga-tenis-marzo16","status":"publish","type":"post","link":"https:\/\/tenislastorres.com\/tenis\/2016\/03\/resultados-liga-tenis-marzo16\/","title":{"rendered":"Resultados liga tenis Marzo&#8217;16"},"content":{"rendered":"<p><span style=\"color: #800000;\">Partidos jugados durante el mes de Marzo&#8217;16 por orden de llegada a la organizaci\u00f3n:<\/span><\/p>\n<ol>\n<li><span style=\"color: #0000ff;\">3\u00aa B &#8211; Jos\u00e9 Eduardo Mart\u00ednez &amp; Lola Garc\u00eda . . . . . . . . . . . . 6\/0 6\/2<\/span><\/li>\n<li><span style=\"color: #0000ff;\">Master &#8211; Pascual Mero\u00f1o &amp; Jos\u00e9 Luis G\u00f3mez . . . . . . . . . . .6\/3 6\/4<\/span><\/li>\n<li><span style=\"color: #0000ff;\">2\u00aa A &#8211; Pedro A. Sales &amp; Sergio Belda . . . . . . . . . . . . . . . . . .6\/4 6\/2<\/span><\/li>\n<li><span style=\"color: #0000ff;\">3\u00aa A &#8211; Sergio Guerrero &amp; Cipriano Garc\u00eda . . . . . . . . . . . . . . . 7\/6 (5) 6\/3<\/span><\/li>\n<li><span style=\"color: #0000ff;\">Master &#8211; Antonio Barquero &amp; Alfonso Gamb\u00edn . . . . . . . . . . . .2\/6 7\/6 7\/6<\/span><\/li>\n<li><span style=\"color: #0000ff;\">Master &#8211; Justo Mu\u00f1oz &amp; Rom\u00e1n Mart\u00ed . . . . . . . . . . . . . . . . . . 6\/4 4\/6 6\/1<\/span><\/li>\n<li><span style=\"color: #0000ff;\">Master &#8211; Manolo Navarro &amp; Rom\u00e1n Mart\u00ed . . . . . . . . . . . . . . . .6\/3 4\/6 6\/1<\/span><\/li>\n<li><span style=\"color: #0000ff;\"><span style=\"color: #0000ff;\">3\u00aa A &#8211; Antonio Corbal\u00e1n &amp; Alberto L\u00f3pez . . . . . . . . . . . . . . . . 6\/4 6\/3<\/span><\/span>\u00a0<a href=\"https:\/\/tenislastorres.com\/tenis\/wp-content\/uploads\/2016\/03\/Antonio-Corbal\u00e1n-y-Alberto.jpg\" rel=\"attachment wp-att-2064\"><br \/>\n<\/a><a href=\"https:\/\/tenislastorres.com\/tenis\/wp-content\/uploads\/2016\/03\/Antonio-Corbal\u00e1n-y-Alberto.jpg\" rel=\"attachment wp-att-2064\"><img loading=\"lazy\" decoding=\"async\" class=\"alignnone wp-image-2064 \" src=\"https:\/\/tenislastorres.com\/tenis\/wp-content\/uploads\/2016\/03\/Antonio-Corbal\u00e1n-y-Alberto-768x1024.jpg\" alt=\"Antonio Corbal\u00e1n y Alberto\" width=\"369\" height=\"489\" \/><\/a><br \/>\n<span style=\"color: #800000;\">Antonio Corbal\u00e1n y Alberto L\u00f3pez (3\u00aa categ. grupo A)<\/span><\/li>\n<li><span style=\"color: #000080;\">3\u00aa A &#8211; Sarmite Ludborza &amp; Gregorio Mar\u00edn . . . . . . . . . . . . . . . 7\/6 7\/6 (2)<\/span><\/li>\n<li><span style=\"color: #000080;\">3\u00aa A &#8211; Gustavo Guti\u00e9rrez &amp; Sarmite Ludborza . . . . . . . . . . . . 6\/0 6\/2<\/span><\/li>\n<li><span style=\"color: #000080;\">3\u00aa B &#8211; Jos\u00e9 Tom\u00e1s Capel &amp; Pablo Cerd\u00e1 . . . . . . . . . . . . . . . . 6\/2 6\/1<\/span><\/li>\n<li><span style=\"color: #000080;\">1\u00aa B &#8211; Sergio L\u00f3pez &amp; C\u00e9sar Ortega . . . . . . . . . . . . . . . . . . . .6\/2 6\/0<\/span><\/li>\n<li><span style=\"color: #000080;\">1\u00aa B &#8211; Eduardo Ballesta &amp; Jos\u00e9 Luis Leante . . . . . . . . . . . . . . 6\/3 6\/3<\/span><\/li>\n<li><span style=\"color: #000080;\">1\u00aa B &#8211; Fco. Javier Molt\u00f3 &amp; Eduardo Ballesta . . . . . . . . . . . . . . 6\/2 6\/3<\/span><\/li>\n<li><span style=\"color: #000080;\">2\u00aa A &#8211; Ezequiel C\u00e1rceles &amp; Pedro Jos\u00e9 Ortu\u00f1o . . . . . . . . . . . \u00a06\/3 6\/1<\/span><\/li>\n<li><span style=\"color: #000080;\">1\u00aa A &#8211; Carlos Sandoval &amp; Fco. Jos\u00e9 Breis. . . . . . . . . . . . . . . . 6\/4 4\/6 6\/1<\/span><\/li>\n<li><span style=\"color: #000080;\">1\u00aa A &#8211; Jos\u00e9 Antonio Granados &amp; Dami\u00e1n S\u00e1nchez . . . . . . . . .6\/2 5\/7 7\/6<\/span><\/li>\n<li><span style=\"color: #000080;\">1\u00aa A &#8211; Jos\u00e9 Antonio Granados &amp;\u00a0Pablo Leante . . . . . . . . . . . . 6\/4 4\/6 6\/4<\/span><\/li>\n<li><span style=\"color: #000080;\">3\u00aa B &#8211; Javi Ja\u00e9n &amp; Jos\u00e9 Eduardo Mart\u00ednez . . . . . . . . . . . . . . . 6\/3 6\/3<\/span><\/li>\n<li><span style=\"color: #000080;\">Honor &#8211; Dani Ca\u00f1ete &amp; Luis Fern\u00e1ndez Corbal\u00e1n . . . . . . . . . 2\/6 6\/1 6\/3<\/span><br \/>\n<a href=\"https:\/\/tenislastorres.com\/tenis\/wp-content\/uploads\/2016\/03\/Dani-Ca\u00f1ete.jpg\" rel=\"attachment wp-att-2070\"><img loading=\"lazy\" decoding=\"async\" class=\"alignnone size-medium wp-image-2070\" src=\"https:\/\/tenislastorres.com\/tenis\/wp-content\/uploads\/2016\/03\/Dani-Ca\u00f1ete-225x300.jpg\" alt=\"Dani Ca\u00f1ete\" width=\"225\" height=\"300\" srcset=\"https:\/\/tenislastorres.com\/tenis\/wp-content\/uploads\/2016\/03\/Dani-Ca\u00f1ete-225x300.jpg 225w, https:\/\/tenislastorres.com\/tenis\/wp-content\/uploads\/2016\/03\/Dani-Ca\u00f1ete-768x1024.jpg 768w, https:\/\/tenislastorres.com\/tenis\/wp-content\/uploads\/2016\/03\/Dani-Ca\u00f1ete.jpg 1920w\" sizes=\"auto, (max-width: 225px) 100vw, 225px\" \/><\/a>\u00a0<img decoding=\"async\" src=\"https:\/\/tenislastorres.com\/tenis\/wp-content\/uploads\/2016\/03\/Luis.Abellan-221x300.jpg\" alt=\"Luis.Abellan\" \/><br \/>\n<span style=\"color: #800000;\">Dani Ca\u00f1ete (Honor)<\/span> \u00a0 \u00a0 \u00a0 \u00a0 \u00a0 \u00a0 \u00a0 \u00a0 \u00a0 \u00a0 \u00a0 \u00a0 \u00a0 \u00a0<span style=\"color: #800000;\">Luis Fdez. Corbal\u00e1n (Honor)<\/span><\/li>\n<li><span style=\"color: #000080;\">3\u00aa B &#8211; Jos\u00e9 Eduardo Mtez. &amp; Juan Carlos Jim\u00e9nez . . . . . . . \u00a0. . . . 6\/3 6\/1<\/span><\/li>\n<li><span style=\"color: #000080;\">1\u00aa B &#8211; Roberto Carlos Espinosa &amp; Francisco Hern\u00e1ndez . . . . . . .6\/1 6\/0<\/span><\/li>\n<li><span style=\"color: #000080;\">3\u00aa A &#8211; Pedro Egea &amp; Gregorio Mar\u00edn . . . . . . . . . . . . . . . . . . . . . . . 6\/3 6\/4<\/span><\/li>\n<li><span style=\"color: #000080;\">3\u00aa A &#8211; Pedro Egea &amp; Alberto L\u00f3pez . . . . . . . . . . . . . . . . . . . . . . . .2\/6 6\/1 6\/3<\/span><\/li>\n<li><span style=\"color: #000080;\">Veteranos &#8211; Olegario Breis &amp; Jes\u00fas D\u00f3lera . . . . . . . . . . . . . . . . . 6\/3 6\/4<\/span><\/li>\n<li><span style=\"color: #000080;\">Veteranos &#8211; Roque Guill\u00e9n &amp; Agust\u00edn C\u00e1novas . . . . . . . . . . . . . . \u00a06\/0 6\/4<\/span><\/li>\n<li><span style=\"color: #000080;\">3\u00aa A &#8211; Cipriano Garc\u00eda &amp; Antonio Corbal\u00e1n . . . . . . . . . . . . . . . . . . 7\/6 (5) 7\/6 (4)<\/span><\/li>\n<li><span style=\"color: #000080;\">Master &#8211; Juan Salvador P\u00e1rraga &amp; Justo Mu\u00f1oz . . . . . . . . . . . . . .6\/1 6\/2<\/span><\/li>\n<li><span style=\"color: #000080;\">2\u00aa A &#8211; Juan Jos\u00e9 S\u00e1nchez &amp; Onofre Gonz\u00e1lez . . . . . . . . . . . . . . . 6\/2 6\/1<\/span><\/li>\n<li><span style=\"color: #000080;\">2\u00aa A &#8211; Juan Jos\u00e9 S\u00e1nchez &amp; Raimundo Morales . . . . . . . . . . . . . .6\/4 5\/7 6\/2<\/span><\/li>\n<li><span style=\"color: #000080;\">3\u00aa A &#8211; Antonio Corbal\u00e1n &amp; Gustavo Guti\u00e9rrez . . . . . . . . . . . . . . . . 6\/1 6\/3<\/span><\/li>\n<li><span style=\"color: #000080;\">Honor &#8211; Paco Planes &amp; Nacho Aliaga . . . . . . . . . . . . . . . . . . . . . . 6\/4 6\/1<\/span><\/li>\n<li><span style=\"color: #000080;\">Veteranos &#8211; Antonio Revenga &amp; Olegario Breis . . . . . . . . . . . . . . .6\/1 6\/3<\/span><\/li>\n<li><span style=\"color: #000080;\">Master &#8211; Pascual Mero\u00f1o &amp; Paco Ruiz . . . . . . . . . . . . . . . . . . . . . 6\/7 6\/1 6\/2<\/span><\/li>\n<li><span style=\"color: #000080;\">1\u00aa A &#8211; Fulgencio Vicente &amp; Carlos Sandoval . . . . . . . . . . . . . . . . . .6\/1 6\/2<\/span><\/li>\n<li><span style=\"color: #000080;\">1\u00aa A &#8211; Jos\u00e9 Antonio Granados &amp; Fco. Jos\u00e9 Breis . . . . . . . . . . . . . .6\/1 6\/4<br \/>\n<a href=\"https:\/\/tenislastorres.com\/tenis\/wp-content\/uploads\/2016\/03\/Granados.Breis_.jpg\" rel=\"attachment wp-att-2081\"><img loading=\"lazy\" decoding=\"async\" class=\"alignnone wp-image-2081\" src=\"https:\/\/tenislastorres.com\/tenis\/wp-content\/uploads\/2016\/03\/Granados.Breis_-847x1024.jpg\" alt=\"Granados.Breis\" width=\"497\" height=\"601\" srcset=\"https:\/\/tenislastorres.com\/tenis\/wp-content\/uploads\/2016\/03\/Granados.Breis_-847x1024.jpg 847w, https:\/\/tenislastorres.com\/tenis\/wp-content\/uploads\/2016\/03\/Granados.Breis_-248x300.jpg 248w, https:\/\/tenislastorres.com\/tenis\/wp-content\/uploads\/2016\/03\/Granados.Breis_-768x928.jpg 768w, https:\/\/tenislastorres.com\/tenis\/wp-content\/uploads\/2016\/03\/Granados.Breis_.jpg 857w\" sizes=\"auto, (max-width: 497px) 100vw, 497px\" \/><br \/>\n<\/a><span style=\"color: #ff0000;\"><em>\u00a0 \u00a0 Jos\u00e9 Antonio Granados y Fco. Jos\u00e9 Breis (1\u00aaA)<\/em><\/span><\/span><\/li>\n<li><span style=\"color: #000080;\">3\u00aa B &#8211; Jos\u00e9 Eduardo Mart\u00ednez &amp; Juan Mart\u00ednez . . . . . . . . . . . . . . . . . . . 6\/1 6\/0<\/span><\/li>\n<li><span style=\"color: #000080;\">Honor &#8211; Luis Fdez. Corbal\u00e1n &amp; Paco Planes . . . . . . . . . . . . . . . . . . . . .6\/1 6\/0<\/span><\/li>\n<li><span style=\"color: #000080;\">3\u00aa B &#8211; Emilio Mart\u00ednez &amp; Juan Mart\u00ednez . . . . . . . . . . . . . . . . . . . . . . . . . 6\/2 6\/0<\/span><\/li>\n<li><span style=\"color: #000080;\">Veteranos &#8211; Jes\u00fas Bermejo &amp; Jos\u00e9 Barquero . . . . . . . . . . . . . . . . . . . .7\/6 (2) 6\/2<\/span><\/li>\n<li><span style=\"color: #000080;\">2\u00aa B &#8211; Ra\u00fal Navarro &amp; Miguel Gonz\u00e1lez Rosa . . . . . . . . . . . . . . . . . . . . 6\/0 6\/4<\/span><\/li>\n<li><span style=\"color: #000080;\">3\u00aa A &#8211; Sergio Guerrero &amp; Antonio Corbal\u00e1n . . . . . . . . . . . . . . . . . . . . . . 6\/4 1\/6 6\/4<\/span><\/li>\n<\/ol>\n","protected":false},"excerpt":{"rendered":"<p>Partidos jugados durante el mes de Marzo&#8217;16 por orden de llegada a la organizaci\u00f3n: 3\u00aa B &#8211; Jos\u00e9 Eduardo Mart\u00ednez &amp; Lola Garc\u00eda . . . . . . . . . . . . 6\/0 6\/2 Master &#8211; Pascual Mero\u00f1o &amp; Jos\u00e9 Luis G\u00f3mez . . . . . . . . . . &hellip; <a href=\"https:\/\/tenislastorres.com\/tenis\/2016\/03\/resultados-liga-tenis-marzo16\/\" class=\"more-link\">Seguir leyendo <span class=\"screen-reader-text\">Resultados liga tenis Marzo&#8217;16<\/span> <span class=\"meta-nav\">&rarr;<\/span><\/a><\/p>\n","protected":false},"author":2,"featured_media":0,"comment_status":"closed","ping_status":"closed","sticky":false,"template":"","format":"standard","meta":{"footnotes":""},"categories":[14,3],"tags":[],"class_list":["post-2062","post","type-post","status-publish","format-standard","hentry","category-liga-2015-2016","category-noticias"],"_links":{"self":[{"href":"https:\/\/tenislastorres.com\/tenis\/wp-json\/wp\/v2\/posts\/2062","targetHints":{"allow":["GET"]}}],"collection":[{"href":"https:\/\/tenislastorres.com\/tenis\/wp-json\/wp\/v2\/posts"}],"about":[{"href":"https:\/\/tenislastorres.com\/tenis\/wp-json\/wp\/v2\/types\/post"}],"author":[{"embeddable":true,"href":"https:\/\/tenislastorres.com\/tenis\/wp-json\/wp\/v2\/users\/2"}],"replies":[{"embeddable":true,"href":"https:\/\/tenislastorres.com\/tenis\/wp-json\/wp\/v2\/comments?post=2062"}],"version-history":[{"count":9,"href":"https:\/\/tenislastorres.com\/tenis\/wp-json\/wp\/v2\/posts\/2062\/revisions"}],"predecessor-version":[{"id":2083,"href":"https:\/\/tenislastorres.com\/tenis\/wp-json\/wp\/v2\/posts\/2062\/revisions\/2083"}],"wp:attachment":[{"href":"https:\/\/tenislastorres.com\/tenis\/wp-json\/wp\/v2\/media?parent=2062"}],"wp:term":[{"taxonomy":"category","embeddable":true,"href":"https:\/\/tenislastorres.com\/tenis\/wp-json\/wp\/v2\/categories?post=2062"},{"taxonomy":"post_tag","embeddable":true,"href":"https:\/\/tenislastorres.com\/tenis\/wp-json\/wp\/v2\/tags?post=2062"}],"curies":[{"name":"wp","href":"https:\/\/api.w.org\/{rel}","templated":true}]}}