{"id":2021,"date":"2016-02-03T14:16:57","date_gmt":"2016-02-03T12:16:57","guid":{"rendered":"http:\/\/tenislastorres.com\/tenis\/?p=2021"},"modified":"2025-07-31T08:52:22","modified_gmt":"2025-07-31T07:52:22","slug":"el-equipo-de-la-att-se-impone-al-as-citenis-de-cieza","status":"publish","type":"post","link":"https:\/\/tenislastorres.com\/tenis\/2016\/02\/el-equipo-de-la-att-se-impone-al-as-citenis-de-cieza\/","title":{"rendered":"El equipo de la ATT se impone al AS. Citenis de Cieza"},"content":{"rendered":"<p style=\"text-align: justify;\"><span style=\"color: #800000;\">El equipo absoluto de la <strong>A. Tenis Las Torres<\/strong>\u00a0<strong>Autom\u00f3viles Emilio<\/strong> se ha impuesto al <strong>AS<\/strong>.\u00a0<strong>Citenis <\/strong>de Cieza, en las pistas de tenis del Polideportivo Municipal de Las Torres de Cotillas, por el tanteador de <strong>7\/0,<\/strong> correspondiente a la 3\u00aa jornada de la liga interclubes regional por equipos amateur. Despu\u00e9s de perder en las 2 primeras \u00a0jornadas ante el <strong>Club de Campo y CT Chaparral de Moratalla<\/strong>, la suerte le ha sonre\u00eddo al equipo de Las Torres y\u00a0ha podido doblegar al equipo espartero venciendo en todos sus enfrentamientos con clara superioridad, sobre todo en los individuales, ya que en dobles estuvo m\u00e1s igualado.<\/span><br \/>\n<a href=\"https:\/\/tenislastorres.com\/tenis\/wp-content\/uploads\/2016\/01\/IMG_20160130_174752.jpg\" rel=\"attachment wp-att-2022\"><img loading=\"lazy\" decoding=\"async\" class=\"alignnone wp-image-2022\" src=\"https:\/\/tenislastorres.com\/tenis\/wp-content\/uploads\/2016\/01\/IMG_20160130_174752-300x123.jpg\" alt=\"IMG_20160130_174752\" width=\"297\" height=\"129\" \/><\/a>\u00a0<a href=\"https:\/\/tenislastorres.com\/tenis\/wp-content\/uploads\/2016\/01\/Copia-de-IMG_20160130_174833.jpg\" rel=\"attachment wp-att-2023\"><img loading=\"lazy\" decoding=\"async\" class=\"alignnone size-medium wp-image-2023\" src=\"https:\/\/tenislastorres.com\/tenis\/wp-content\/uploads\/2016\/01\/Copia-de-IMG_20160130_174833-300x143.jpg\" alt=\"Copia de IMG_20160130_174833\" width=\"300\" height=\"143\" srcset=\"https:\/\/tenislastorres.com\/tenis\/wp-content\/uploads\/2016\/01\/Copia-de-IMG_20160130_174833-300x143.jpg 300w, https:\/\/tenislastorres.com\/tenis\/wp-content\/uploads\/2016\/01\/Copia-de-IMG_20160130_174833-768x366.jpg 768w, https:\/\/tenislastorres.com\/tenis\/wp-content\/uploads\/2016\/01\/Copia-de-IMG_20160130_174833-1024x488.jpg 1024w, https:\/\/tenislastorres.com\/tenis\/wp-content\/uploads\/2016\/01\/Copia-de-IMG_20160130_174833-500x238.jpg 500w\" sizes=\"auto, (max-width: 300px) 100vw, 300px\" \/><\/a>\u00a0<a href=\"https:\/\/tenislastorres.com\/tenis\/wp-content\/uploads\/2016\/01\/Copia-de-IMG_20160130_174758.jpg\" rel=\"attachment wp-att-2024\"><img loading=\"lazy\" decoding=\"async\" class=\"alignnone size-medium wp-image-2024\" src=\"https:\/\/tenislastorres.com\/tenis\/wp-content\/uploads\/2016\/01\/Copia-de-IMG_20160130_174758-300x158.jpg\" alt=\"Copia de IMG_20160130_174758\" width=\"300\" height=\"158\" srcset=\"https:\/\/tenislastorres.com\/tenis\/wp-content\/uploads\/2016\/01\/Copia-de-IMG_20160130_174758-300x158.jpg 300w, https:\/\/tenislastorres.com\/tenis\/wp-content\/uploads\/2016\/01\/Copia-de-IMG_20160130_174758-768x403.jpg 768w, https:\/\/tenislastorres.com\/tenis\/wp-content\/uploads\/2016\/01\/Copia-de-IMG_20160130_174758-1024x538.jpg 1024w, https:\/\/tenislastorres.com\/tenis\/wp-content\/uploads\/2016\/01\/Copia-de-IMG_20160130_174758-500x263.jpg 500w, https:\/\/tenislastorres.com\/tenis\/wp-content\/uploads\/2016\/01\/Copia-de-IMG_20160130_174758.jpg 1750w\" sizes=\"auto, (max-width: 300px) 100vw, 300px\" \/><br \/>\n<span style=\"color: #800000;\">L<\/span><\/a><span style=\"color: #800000;\">os enfrentamientos fueron los siguientes:<\/span><br \/>\n<span style=\"color: #800000;\"><strong>Individuales.<\/strong>&#8211;\u00a0<\/span><br \/>\n<span style=\"color: #800000;\">1.- Angel Pacheco &amp; Jes\u00fas Molina . . . . . . . . . . . . . 6\/0 6\/2<\/span><br \/>\n<span style=\"color: #800000;\">2.- Pedro Bernab\u00e9 &amp; Pascual Belmonte . . . . . . . . .6\/4 6\/1<\/span><br \/>\n<span style=\"color: #800000;\">3.- David Beltr\u00e1n &amp; C\u00e9dric Beaug\u00e9 . . . . . . . . . . . .. 6\/0 6\/1<\/span><br \/>\n<span style=\"color: #800000;\">4.- Alvaro Alarc\u00f3n &amp; Kevin Ondo\u00f1o . . . . . . . . . . . . \u00a06\/1 6\/1<\/span><br \/>\n<span style=\"color: #800000;\">5.- Jos\u00e9 Carlos Rico &amp; Ga\u00ebl Beaug\u00e9 . . . . . . . . . . . 6\/2 6\/2<\/span><\/p>\n<p><strong><span style=\"color: #800000;\">Dobles.-<\/span><\/strong><br \/>\n<span style=\"color: #800000;\">1.- Adri\u00e1n Mtez\/J.A.Granados &amp; J.Molina\/G.Beaug\u00e9 . . . . . . . . . . 1\/6 6\/2 6\/2<\/span><br \/>\n<span style=\"color: #800000;\">2.- David Beltr\u00e1n\/Dami\u00e1n S\u00e1nchez &amp; P.Belmonte\/C.Beaug\u00e9. . . \u00a06\/3 3\/6 7\/5<\/p>\n<p>El pr\u00f3ximo partido\u00a0en Ceheg\u00edn ser\u00e1 crucial para asegurarse la 3\u00aa plaza del grupo.<\/span><\/p>\n<p>&nbsp;<\/p>\n","protected":false},"excerpt":{"rendered":"<p>El equipo absoluto de la A. Tenis Las Torres\u00a0Autom\u00f3viles Emilio se ha impuesto al AS.\u00a0Citenis de Cieza, en las pistas de tenis del Polideportivo Municipal de Las Torres de Cotillas, por el tanteador de 7\/0, correspondiente a la 3\u00aa jornada de la liga interclubes regional por equipos amateur. Despu\u00e9s de perder en las 2 primeras &hellip; <a href=\"https:\/\/tenislastorres.com\/tenis\/2016\/02\/el-equipo-de-la-att-se-impone-al-as-citenis-de-cieza\/\" class=\"more-link\">Seguir leyendo <span class=\"screen-reader-text\">El equipo de la ATT se impone al AS. Citenis de Cieza<\/span> <span class=\"meta-nav\">&rarr;<\/span><\/a><\/p>\n","protected":false},"author":2,"featured_media":0,"comment_status":"closed","ping_status":"closed","sticky":false,"template":"","format":"standard","meta":{"footnotes":""},"categories":[3],"tags":[],"class_list":["post-2021","post","type-post","status-publish","format-standard","hentry","category-noticias"],"_links":{"self":[{"href":"https:\/\/tenislastorres.com\/tenis\/wp-json\/wp\/v2\/posts\/2021","targetHints":{"allow":["GET"]}}],"collection":[{"href":"https:\/\/tenislastorres.com\/tenis\/wp-json\/wp\/v2\/posts"}],"about":[{"href":"https:\/\/tenislastorres.com\/tenis\/wp-json\/wp\/v2\/types\/post"}],"author":[{"embeddable":true,"href":"https:\/\/tenislastorres.com\/tenis\/wp-json\/wp\/v2\/users\/2"}],"replies":[{"embeddable":true,"href":"https:\/\/tenislastorres.com\/tenis\/wp-json\/wp\/v2\/comments?post=2021"}],"version-history":[{"count":2,"href":"https:\/\/tenislastorres.com\/tenis\/wp-json\/wp\/v2\/posts\/2021\/revisions"}],"predecessor-version":[{"id":2029,"href":"https:\/\/tenislastorres.com\/tenis\/wp-json\/wp\/v2\/posts\/2021\/revisions\/2029"}],"wp:attachment":[{"href":"https:\/\/tenislastorres.com\/tenis\/wp-json\/wp\/v2\/media?parent=2021"}],"wp:term":[{"taxonomy":"category","embeddable":true,"href":"https:\/\/tenislastorres.com\/tenis\/wp-json\/wp\/v2\/categories?post=2021"},{"taxonomy":"post_tag","embeddable":true,"href":"https:\/\/tenislastorres.com\/tenis\/wp-json\/wp\/v2\/tags?post=2021"}],"curies":[{"name":"wp","href":"https:\/\/api.w.org\/{rel}","templated":true}]}}