{"id":1976,"date":"2015-12-04T18:19:09","date_gmt":"2015-12-04T16:19:09","guid":{"rendered":"http:\/\/tenislastorres.com\/tenis\/?p=1976"},"modified":"2025-07-31T08:52:22","modified_gmt":"2025-07-31T07:52:22","slug":"el-equipo-de-la-att-cae-en-casa-ante-el-c-t-chaparral","status":"publish","type":"post","link":"https:\/\/tenislastorres.com\/tenis\/2015\/12\/el-equipo-de-la-att-cae-en-casa-ante-el-c-t-chaparral\/","title":{"rendered":"El equipo de la ATT cae en casa ante el C.T. Chaparral"},"content":{"rendered":"<p style=\"text-align: justify;\"><span style=\"color: #000080;\">El equipo absoluto de la <strong>Asociaci\u00f3n de Tenis Las Torres -ATT-<\/strong>\u00a0perdi\u00f3 por 6 a 1 ante el\u00a0\u00a0<strong>C.T. Chaparral de Moratalla,<\/strong> en el enfrentamiento que tuvo lugar el pasado s\u00e1bado, 29 de noviembre, en las pistas del tenis del Polideportivo Municipal de Las Torres de Cotillas, en el campeonato organizado por el <strong>Circuito de Tenistas Amateur (CTA)<\/strong><\/span><br \/>\n<span style=\"color: #000080;\">Los jugadores locales no tuvieron el acierto y la suerte de poder conseguir alg\u00fan punto m\u00e1s, donde la igualdad y el buen nivel de juego brillaron en todos y cada uno de los partidos. A los locales\u00a0no se les puede negar el empe\u00f1o y el trabajo dentro de la pista, pero el rival tambi\u00e9n juega, y adem\u00e1s con muy buenas tablas en el rect\u00e1ngulo.<\/span><br \/>\n<span style=\"text-decoration: underline;\"><span style=\"color: #000080; text-decoration: underline;\">Los resultados fueron los siguientes:<\/span><\/span><br \/>\n<span style=\"color: #000080;\">Pedro Bernab\u00e9 &amp; <span style=\"color: #ff0000;\">Pedro F. Navarro<\/span> . . . . . . 3\/6 3\/6<\/span><br \/>\n<span style=\"color: #000080;\">Dominic Layton &amp; <span style=\"color: #ff0000;\">Jos\u00e9 Ant. Garc\u00eda<\/span> . . . . . . 5\/7 4\/6<\/span><br \/>\n<span style=\"color: #000080;\">Adri\u00e1n Mart\u00ednez &amp; <span style=\"color: #ff0000;\">Fernando P\u00e9rez<\/span> . . . . . . \u00a03\/6 6\/4 4\/6<\/span><br \/>\n<span style=\"color: #000080;\">Dami\u00e1n S\u00e1nchez &amp; <span style=\"color: #ff0000;\">David A. Mtez<\/span>. . . . . . . \u00a01\/6 7\/6 3\/6<\/span><br \/>\n<span style=\"color: #000080;\">Luis Fern\u00e1ndez &amp; <span style=\"color: #ff0000;\">Fernando Mar\u00edn<\/span> . . . . . . . 4\/6 3\/6<\/span><br \/>\n<span style=\"color: #000080;\">(d) <span style=\"color: #ff0000;\">Pedro Bernab\u00e9\/Dominic Layton<\/span> &amp; Pedro F. Navarro\/Jos\u00e9 A. Garc\u00eda. . . . . . .6\/7 6\/4 10\/8<\/span><br \/>\n<span style=\"color: #000080;\">(d) Jos\u00e9 A. Granados\/J.Tom\u00e1s Blaya &amp; <span style=\"color: #ff0000;\">Fernando Mar\u00edn\/Pedro A. S\u00e1nchez<\/span> . . .3\/6 6\/1 9\/11<\/span><\/p>\n<p><span style=\"color: #000080;\">En la primera jornada cayeron en Murcia ante el R.S. Club de Campo \u00abA\u00bb , por id\u00e9ntico resultado (6\/1), donde los visitantes no tuvieron su tarde, y los locales ganaron todos los individuales con claridad; <strong>Pedro Bernab\u00e9<\/strong> podr\u00eda haberle puesto m\u00e1s emoci\u00f3n si hubiera ganado el 2\u00ba set que perdi\u00f3 en el tie-breack, as\u00ed como <strong>Abel Garc\u00eda<\/strong> que tambi\u00e9n perdi\u00f3 el suyo ante Alvaro Jara.<\/span><br \/>\n<span style=\"color: #000080;\"> El punto fue conseguido en el doble <strong>Pedro Bernab\u00e9\/David Beltr\u00e1n<\/strong> &amp; Pablo Garc\u00eda\/Juan J. Gim\u00e9nez por 6\/2 6\/3.<\/span><br \/>\n<span style=\"color: #000080;\"> La pr\u00f3xima jornada se disputar\u00e1 tambi\u00e9n en casa, esta vez ante CT Citenis de Cieza.<\/span><\/p>\n","protected":false},"excerpt":{"rendered":"<p>El equipo absoluto de la Asociaci\u00f3n de Tenis Las Torres -ATT-\u00a0perdi\u00f3 por 6 a 1 ante el\u00a0\u00a0C.T. Chaparral de Moratalla, en el enfrentamiento que tuvo lugar el pasado s\u00e1bado, 29 de noviembre, en las pistas del tenis del Polideportivo Municipal de Las Torres de Cotillas, en el campeonato organizado por el Circuito de Tenistas Amateur &hellip; <a href=\"https:\/\/tenislastorres.com\/tenis\/2015\/12\/el-equipo-de-la-att-cae-en-casa-ante-el-c-t-chaparral\/\" class=\"more-link\">Seguir leyendo <span class=\"screen-reader-text\">El equipo de la ATT cae en casa ante el C.T. Chaparral<\/span> <span class=\"meta-nav\">&rarr;<\/span><\/a><\/p>\n","protected":false},"author":2,"featured_media":0,"comment_status":"closed","ping_status":"closed","sticky":false,"template":"","format":"standard","meta":{"footnotes":""},"categories":[3],"tags":[],"class_list":["post-1976","post","type-post","status-publish","format-standard","hentry","category-noticias"],"_links":{"self":[{"href":"https:\/\/tenislastorres.com\/tenis\/wp-json\/wp\/v2\/posts\/1976","targetHints":{"allow":["GET"]}}],"collection":[{"href":"https:\/\/tenislastorres.com\/tenis\/wp-json\/wp\/v2\/posts"}],"about":[{"href":"https:\/\/tenislastorres.com\/tenis\/wp-json\/wp\/v2\/types\/post"}],"author":[{"embeddable":true,"href":"https:\/\/tenislastorres.com\/tenis\/wp-json\/wp\/v2\/users\/2"}],"replies":[{"embeddable":true,"href":"https:\/\/tenislastorres.com\/tenis\/wp-json\/wp\/v2\/comments?post=1976"}],"version-history":[{"count":2,"href":"https:\/\/tenislastorres.com\/tenis\/wp-json\/wp\/v2\/posts\/1976\/revisions"}],"predecessor-version":[{"id":1978,"href":"https:\/\/tenislastorres.com\/tenis\/wp-json\/wp\/v2\/posts\/1976\/revisions\/1978"}],"wp:attachment":[{"href":"https:\/\/tenislastorres.com\/tenis\/wp-json\/wp\/v2\/media?parent=1976"}],"wp:term":[{"taxonomy":"category","embeddable":true,"href":"https:\/\/tenislastorres.com\/tenis\/wp-json\/wp\/v2\/categories?post=1976"},{"taxonomy":"post_tag","embeddable":true,"href":"https:\/\/tenislastorres.com\/tenis\/wp-json\/wp\/v2\/tags?post=1976"}],"curies":[{"name":"wp","href":"https:\/\/api.w.org\/{rel}","templated":true}]}}