{"id":1970,"date":"2015-12-01T13:28:14","date_gmt":"2015-12-01T11:28:14","guid":{"rendered":"http:\/\/tenislastorres.com\/tenis\/?p=1970"},"modified":"2025-07-31T08:52:22","modified_gmt":"2025-07-31T07:52:22","slug":"resultados-liga-tenis-diciembre15","status":"publish","type":"post","link":"https:\/\/tenislastorres.com\/tenis\/2015\/12\/resultados-liga-tenis-diciembre15\/","title":{"rendered":"Resultados liga tenis Diciembre&#8217;15"},"content":{"rendered":"<p><span style=\"color: #ff0000;\">Resultados de partidos de la liga de tenis\u00a0jugados en el mes de Diciembre&#8217;15, por orden de llegada a la organizaci\u00f3n:<\/span><\/p>\n<ol>\n<li><span style=\"color: #000080;\">Veteranos &#8211; Antonio Revenga &amp; Jes\u00fas D\u00f3lera . . . . . . . . . \u00a06\/1 6\/0<\/span><\/li>\n<li><span style=\"color: #000080;\">Veteranos &#8211; Jes\u00fas Bermejo &amp; Jes\u00fas Barquilla . . . . . . . . . \u00a06\/1 6\/2<\/span><\/li>\n<li><span style=\"color: #000080;\">2\u00aa A &#8211; Raimundo Morales &amp; Miguel Molina . . . . . . . . . . . . . 6\/3 6\/4<\/span><\/li>\n<li><span style=\"color: #000080;\">2\u00aa A &#8211; Ezequiel C\u00e1rceles &amp; Sergio Belda . . . . . . . . . . . . . . 6\/4 1\/6 6\/1<br \/>\n<\/span><\/li>\n<li><span style=\"color: #000080;\">3\u00aa A &#8211; Gustavo Guti\u00e9rrez &amp; Javi Pujol . . . . . . . . . . . . . . . . . 4\/6 6\/0 6\/3<\/span><\/li>\n<li><span style=\"color: #000080;\">3\u00aa B &#8211; Emilio Mart\u00ednez &amp; Pablo Cerd\u00e1 . . . . . . . . . . . . . . . . . 6\/1 6\/3<\/span><\/li>\n<li><span style=\"color: #000080;\">Honor &#8211; Luis Fdez. Corbal\u00e1n &amp; Jos\u00e9 Ignacio Mtez. . . . . . . .4\/6 6\/0 6\/0<\/span><\/li>\n<li><span style=\"color: #000080;\">2\u00aa B &#8211; Jos\u00e9 Manuel Parejo &amp; David Mar\u00edn . . . . . . . . . . . . . . 6\/2 6\/0<\/span><\/li>\n<li><span style=\"color: #000080;\">1\u00aa A &#8211; Dami\u00e1n S\u00e1nchez &amp; Miguel Pay . . . . . . . . . . . . . . . . .6\/1 6\/3<\/span><\/li>\n<li><span style=\"color: #000080;\">1\u00aa B &#8211; Roberto Carlos Espinosa &amp; Daniel Mart\u00ednez . . . . . . .6\/1 7\/5<\/span><\/li>\n<li><span style=\"color: #000080;\">Master &#8211; Justo Mu\u00f1oz &amp; Bartolo Ot\u00e1lora . . . . . . . . . . . . . . \u00a06\/3 6\/1<\/span><\/li>\n<li><span style=\"color: #000080;\">Master &#8211; Manolo Navarro &amp; Jos\u00e9 Antonio Gil . . . . . . . . . . . \u00a06\/2 6\/2<\/span><\/li>\n<li><span style=\"color: #000080;\">1\u00aa B &#8211; Fco. Javier Molt\u00f3 &amp; Gin\u00e9s Pern\u00edas . . . . . . . . . . . . . . 7\/6 2\/6 6\/1<\/span><\/li>\n<li><span style=\"color: #000080;\">3\u00aa A &#8211; Sergio Guerrero &amp; Gregorio Mar\u00edn . . . . . . . . . . . . . . .6\/0 6\/2<\/span><\/li>\n<li><span style=\"color: #000080;\">Honor &#8211; Dani Ca\u00f1ete &amp; Angel Abell\u00e1n . . . . .. . . . . . . . . . . . 6\/4 6\/3<\/span><\/li>\n<li><span style=\"color: #000080;\">2\u00aa B &#8211; David Pablo Garrido &amp; Juan Ant. Pujante . . . . . . . . . 6\/4 6\/4<\/span><\/li>\n<li><span style=\"color: #000080;\">Master &#8211; Bartolo Ot\u00e1lora &amp; Pascual Mero\u00f1o . . . . . . . . . . . . 6\/2 6\/1<\/span><\/li>\n<li><span style=\"color: #000080;\">1\u00aa A &#8211; Dami\u00e1n S\u00e1nchez &amp; Fulgencio Vicente . . . . . . . . . . . 7\/5 4\/6 7\/6<br \/>\n<a href=\"https:\/\/tenislastorres.com\/tenis\/wp-content\/uploads\/2015\/12\/Copia-de-Dami\u00e1n.D\u00f3lera.jpg\"><img loading=\"lazy\" decoding=\"async\" class=\"alignnone size-medium wp-image-1979\" src=\"https:\/\/tenislastorres.com\/tenis\/wp-content\/uploads\/2015\/12\/Copia-de-Dami\u00e1n.D\u00f3lera-300x297.jpg\" alt=\"Copia de Dami\u00e1n.D\u00f3lera\" width=\"300\" height=\"297\" srcset=\"https:\/\/tenislastorres.com\/tenis\/wp-content\/uploads\/2015\/12\/Copia-de-Dami\u00e1n.D\u00f3lera-300x297.jpg 300w, https:\/\/tenislastorres.com\/tenis\/wp-content\/uploads\/2015\/12\/Copia-de-Dami\u00e1n.D\u00f3lera-150x150.jpg 150w, https:\/\/tenislastorres.com\/tenis\/wp-content\/uploads\/2015\/12\/Copia-de-Dami\u00e1n.D\u00f3lera-303x300.jpg 303w, https:\/\/tenislastorres.com\/tenis\/wp-content\/uploads\/2015\/12\/Copia-de-Dami\u00e1n.D\u00f3lera.jpg 620w\" sizes=\"auto, (max-width: 300px) 100vw, 300px\" \/><\/a><br \/>\n<span style=\"color: #800000;\"><em>Dami\u00e1n S\u00e1nchez ( 1\u00aa A)<\/em><\/span><\/span><\/li>\n<li><span style=\"color: #000080;\">3\u00aa A &#8211; Sergio Guerrero &amp; Sarmite Ludborza . . . . . . . . . . . \u00a06\/1 7\/5<\/span><\/li>\n<li><span style=\"color: #000080;\">Master &#8211; Juan Salvador P\u00e1rraga &amp; Jos\u00e9 Ant. Gil . . . . . . . . 6\/1 6\/1<\/span><\/li>\n<li><span style=\"color: #000080;\">2\u00aa A &#8211; Raimundo Morales &amp; Onofre Gonz\u00e1lez . . . . . . . . . . 6\/3 6\/2<\/span><\/li>\n<li><span style=\"color: #000080;\">Master &#8211; Manolo Navarro &amp; Alfonso Gamb\u00edn . . . . . . . . . . . \u00a06\/4 6\/1<\/span><\/li>\n<li><span style=\"color: #000080;\">1\u00aa A &#8211; Pablo Leante &amp; Juli\u00e1n Ceacero . . . . . . . . . . . . . . . . .6\/1 6\/3<\/span><\/li>\n<li><span style=\"color: #000080;\">1\u00aa B &#8211; C\u00e9sar Ortega &amp; Gin\u00e9s Pern\u00edas . . . . . . . . . . . . . . . . .6\/4 6\/4<\/span><\/li>\n<li><span style=\"color: #000080;\">3\u00aa A &#8211; Cipriano Garc\u00eda &amp; Gregorio Mar\u00edn . . . . . . . . . . . . . . . 6\/0 6\/2<\/span><\/li>\n<li><span style=\"color: #000080;\">3\u00aa A &#8211; Antonio Corbal\u00e1n &amp; Sa\u00fal Guill\u00e9n . . . . . . . . . . . . . . . . 6\/0 6\/2<\/span><\/li>\n<li><span style=\"color: #000080;\">Veteranos &#8211; Roque Gill\u00e9n &amp; Eustaquio Cascales . . . . . . . . 6\/1 6\/1<\/span><\/li>\n<li><span style=\"color: #000080;\">Veteranos &#8211; Jos\u00e9 Luis Mendoza &amp; Olegario Breis . . . . . . . .6\/3 6\/2<\/span><\/li>\n<li><span style=\"color: #000080;\">Veteranos &#8211; Antonio Revenga &amp; Paco Ros . . . . . . . . . . . . . 6\/4 6\/3<br \/>\n<a href=\"https:\/\/tenislastorres.com\/tenis\/wp-content\/uploads\/2015\/12\/Eustaquio.Roque_.jpg\"><img loading=\"lazy\" decoding=\"async\" class=\"alignnone size-medium wp-image-1987\" src=\"https:\/\/tenislastorres.com\/tenis\/wp-content\/uploads\/2015\/12\/Eustaquio.Roque_-225x300.jpg\" alt=\"Eustaquio.Roque\" width=\"225\" height=\"300\" srcset=\"https:\/\/tenislastorres.com\/tenis\/wp-content\/uploads\/2015\/12\/Eustaquio.Roque_-225x300.jpg 225w, https:\/\/tenislastorres.com\/tenis\/wp-content\/uploads\/2015\/12\/Eustaquio.Roque_-768x1024.jpg 768w, https:\/\/tenislastorres.com\/tenis\/wp-content\/uploads\/2015\/12\/Eustaquio.Roque_.jpg 1944w\" sizes=\"auto, (max-width: 225px) 100vw, 225px\" \/><\/a>\u00a0 \u00a0 \u00a0 \u00a0\u00a0<a href=\"https:\/\/tenislastorres.com\/tenis\/wp-content\/uploads\/2015\/12\/Olegario.Mendoza.jpg\"><img loading=\"lazy\" decoding=\"async\" class=\"alignnone size-medium wp-image-1988\" src=\"https:\/\/tenislastorres.com\/tenis\/wp-content\/uploads\/2015\/12\/Olegario.Mendoza-225x300.jpg\" alt=\"Olegario.Mendoza\" width=\"225\" height=\"300\" srcset=\"https:\/\/tenislastorres.com\/tenis\/wp-content\/uploads\/2015\/12\/Olegario.Mendoza-225x300.jpg 225w, https:\/\/tenislastorres.com\/tenis\/wp-content\/uploads\/2015\/12\/Olegario.Mendoza-768x1024.jpg 768w, https:\/\/tenislastorres.com\/tenis\/wp-content\/uploads\/2015\/12\/Olegario.Mendoza.jpg 1944w\" sizes=\"auto, (max-width: 225px) 100vw, 225px\" \/><\/a><br \/>\n<\/span><span style=\"color: #ff0000;\"><em>Eustaquio Cascales y Roque Guillen<\/em><\/span> \u00a0 \u00a0 \u00a0 \u00a0 \u00a0<em><em><span style=\"color: #ff0000;\">Olegario Breis y Jos\u00e9 Luis Mendoza<\/span><\/em><\/em><a href=\"https:\/\/tenislastorres.com\/tenis\/wp-content\/uploads\/2015\/12\/Paco-Ros.Revenga.jpg\"><img loading=\"lazy\" decoding=\"async\" class=\"alignnone size-medium wp-image-1989\" src=\"https:\/\/tenislastorres.com\/tenis\/wp-content\/uploads\/2015\/12\/Paco-Ros.Revenga-225x300.jpg\" alt=\"Paco Ros.Revenga\" width=\"225\" height=\"300\" srcset=\"https:\/\/tenislastorres.com\/tenis\/wp-content\/uploads\/2015\/12\/Paco-Ros.Revenga-225x300.jpg 225w, https:\/\/tenislastorres.com\/tenis\/wp-content\/uploads\/2015\/12\/Paco-Ros.Revenga-768x1024.jpg 768w, https:\/\/tenislastorres.com\/tenis\/wp-content\/uploads\/2015\/12\/Paco-Ros.Revenga.jpg 1944w\" sizes=\"auto, (max-width: 225px) 100vw, 225px\" \/><\/a><br \/>\n<span style=\"color: #ff0000;\"><span style=\"color: #ff0000;\"><em>Paco Ros y Antonio Revenga<\/em><\/span><\/span><\/li>\n<li><span style=\"color: #000080;\">3\u00aa A &#8211; Javier Pujol &amp; Sarmite Ludborza . . . . . . . . . . . . . . . . . . \u00a06\/1 7\/5<\/span><\/li>\n<li><span style=\"color: #000080;\">2\u00aa B &#8211; David Pablo Garrido &amp; Sergio Mart\u00ed . . . . . . . . . . . . . . . . \u00a04\/6 6\/1 6\/2<\/span><\/li>\n<li><span style=\"color: #000080;\">Honor &#8211; Pepe Mart\u00ednez &amp; Antonio Fuentes . . . . . . . . . . . . . . . . 6\/2 6\/3<\/span><\/li>\n<li><span style=\"color: #000080;\">Honor &#8211; Paco L\u00f3pez Planes &amp; Pepe Mart\u00ednez . . . . . . . . . . . . . \u00a06\/2 1\/6 6\/1<\/span><\/li>\n<li><span style=\"color: #000080;\">Master &#8211; Abel Garc\u00eda &amp; Jos\u00e9 Luis G\u00f3mez . . . . . . . . . . . . . . . . . 6\/2 6\/2<\/span><\/li>\n<li><span style=\"color: #000080;\">1\u00aa B &#8211; Fco. Javier Molt\u00f3 &amp; Jos\u00e9 Luis Leante . . . . . . . . . . . . . . . \u00a06\/4 4\/6 6\/1<\/span><\/li>\n<li><span style=\"color: #000080;\">2\u00aa B &#8211; Jos\u00e9 Manuel Parejo &amp; Manuel Mart\u00ednez . . . . . . . . . . . . . . 6\/4 4\/6 6\/0<\/span><\/li>\n<li><span style=\"color: #000080;\">Veteranos &#8211; Mariano Samper &amp; Jos\u00e9 Barquero . . . . . . . . . . . . . 7\/5 6\/3<\/span><\/li>\n<li><span style=\"color: #000080;\">1\u00aa A &#8211; Dami\u00e1n S\u00e1nchez &amp; Juli\u00e1n Ceacero . . . . . . . . . . . . . . . . . 6\/3 6\/0<\/span><\/li>\n<li><span style=\"color: #000080;\">1\u00aa A &#8211; V\u00edctor Manuel N\u00fa\u00f1ez &amp; Carlos Sandoval . . . . . . . . . . . . . 4\/6 6\/0 6\/2<\/span><\/li>\n<li><span style=\"color: #000080;\">2\u00aa A &#8211; Raimundo Morales &amp; Jos\u00e9 Ant. Contreras . . . . . . . . . . . .6\/4 6\/1<br \/>\n<a href=\"https:\/\/tenislastorres.com\/tenis\/wp-content\/uploads\/2015\/12\/IMG_20151218_171741.jpg\"><img loading=\"lazy\" decoding=\"async\" class=\"alignnone size-medium wp-image-1998\" src=\"https:\/\/tenislastorres.com\/tenis\/wp-content\/uploads\/2015\/12\/IMG_20151218_171741-225x300.jpg\" alt=\"IMG_20151218_171741\" width=\"225\" height=\"300\" srcset=\"https:\/\/tenislastorres.com\/tenis\/wp-content\/uploads\/2015\/12\/IMG_20151218_171741-225x300.jpg 225w, https:\/\/tenislastorres.com\/tenis\/wp-content\/uploads\/2015\/12\/IMG_20151218_171741-768x1024.jpg 768w, https:\/\/tenislastorres.com\/tenis\/wp-content\/uploads\/2015\/12\/IMG_20151218_171741.jpg 1944w\" sizes=\"auto, (max-width: 225px) 100vw, 225px\" \/><\/a>\u00a0 \u00a0 \u00a0 \u00a0 \u00a0 \u00a0<a href=\"https:\/\/tenislastorres.com\/tenis\/wp-content\/uploads\/2015\/12\/IMG_20151219_115331.jpg\"><img loading=\"lazy\" decoding=\"async\" class=\"alignnone size-medium wp-image-1999\" src=\"https:\/\/tenislastorres.com\/tenis\/wp-content\/uploads\/2015\/12\/IMG_20151219_115331-225x300.jpg\" alt=\"IMG_20151219_115331\" width=\"225\" height=\"300\" srcset=\"https:\/\/tenislastorres.com\/tenis\/wp-content\/uploads\/2015\/12\/IMG_20151219_115331-225x300.jpg 225w, https:\/\/tenislastorres.com\/tenis\/wp-content\/uploads\/2015\/12\/IMG_20151219_115331-768x1024.jpg 768w, https:\/\/tenislastorres.com\/tenis\/wp-content\/uploads\/2015\/12\/IMG_20151219_115331.jpg 1944w\" sizes=\"auto, (max-width: 225px) 100vw, 225px\" \/><\/a><br \/>\n<span style=\"color: #ff0000;\">V\u00edctor Manuel y Carlos Sandoval (1\u00aaA) \u00a0 \u00a0 \u00a0 Jos\u00e9 A. Contreras y Raimundo Morales<\/span>\u00a0<\/span><\/li>\n<li><span style=\"color: #000080;\">1\u00aa B &#8211; Jos\u00e9 L\u00f3pez Balibrea &amp; Jos\u00e9 Luis Leante . . . . . . . . . . . . . . 6\/4 7\/5<\/span><\/li>\n<li><span style=\"color: #000080;\">Veteranos &#8211; Eustaquio Cascales &amp; Olegario Breis . . . . . . . . . . . \u00a06\/1 6\/4<\/span><\/li>\n<li><span style=\"color: #000080;\">3\u00aa A &#8211; Antonio Corbal\u00e1n &amp; Sarmite Ludborza . . . . . . . . . . . . . . . . 6\/3 6\/1<\/span><\/li>\n<li><span style=\"color: #000080;\">Honor &#8211; Jes\u00fas Miguel Caravaca &amp; Nacho Aliaga . . . . . . . . . . . . . .6\/0 6\/1<\/span><\/li>\n<li><span style=\"color: #000080;\">2\u00aa A &#8211; Juan Jos\u00e9 S\u00e1nchez &amp; Sergio Pay . . . . . . . . . . . . . . . . . . . . 6\/2 6\/3<\/span><\/li>\n<li><span style=\"color: #000080;\">2\u00aa A &#8211; Juan Jos\u00e9 S\u00e1nchez &amp; Eduardo L\u00f3pez. . . . . . . . . . . . . . . . . 6\/1 6\/1<\/span><\/li>\n<li><span style=\"color: #000080;\">2\u00aa A &#8211; Eustaquio Cascales &amp; Raimundo Morales . . . . . . . . . . . . . 6\/0 6\/2<\/span><\/li>\n<li><span style=\"color: #000080;\">Veteranos &#8211; Roque Guill\u00e9n &amp; Olegario Breis . . . . . . . . . . . . . . . . . 6\/0 6\/0<\/span><\/li>\n<li><span style=\"color: #000080;\">3\u00aa A &#8211; Antonio L\u00f3pez &amp; Sa\u00fal Gill\u00e9n . . . . . . . . . . . . . . . . . . . . . . . . . 6\/1 6\/1<\/span><\/li>\n<li><span style=\"color: #000080;\">Master &#8211; Abel Garc\u00eda &amp; Paco Ruiz . . . . . . . . . . . . . . . . . . . . . . . . . 6\/4 6\/3<\/span><\/li>\n<li><span style=\"color: #000080;\">Master &#8211; Jos\u00e9 Luis G\u00f3mez &amp; Antonio Barquero . . . . . . . . . . . . . . .6\/4 6\/4<\/span><\/li>\n<li><span style=\"color: #000080;\">2\u00aa A &#8211; Pedro L\u00f3pez &amp; Pedro Jos\u00e9 Ortu\u00f1o . . . . . . . . . . . . . . . . . . . \u00a03\/6 7\/6 (3) 7\/6 (2)<\/span><\/li>\n<li><span style=\"color: #000080;\">3\u00aa B &#8211; Jos\u00e9 Eduardo Mtez. &amp; David Samper . . . . . . . . . . . . . . . . . 6\/2 6\/1<\/span><\/li>\n<li><span style=\"color: #000080;\">Veteranos &#8211; Eustaquio Cascales &amp; Jos\u00e9 Barquero . . . . . . . . . . . . 6\/3 6\/4<\/span><\/li>\n<li><span style=\"color: #000080;\">1\u00aa A &#8211; Jos\u00e9 Antonio Granados &amp; Jos\u00e9 Antonio Fuentes . . . . . . . . .6\/4 6\/4<\/span><\/li>\n<li><span style=\"color: #000080;\">2\u00aa B &#8211; Isidoro Jes\u00fas Casanova &amp; Daniel G\u00f3mez . . . . . . . . . . . . . .6\/2 6\/7 6\/2<\/span><\/li>\n<li><span style=\"color: #000080;\">1\u00aa A &#8211; Fulgencio Vicente &amp; Fco. Jos\u00e9 Breis . . . . . . . . . . . . . . . . . . 6\/0 6\/4<\/span><\/li>\n<\/ol>\n","protected":false},"excerpt":{"rendered":"<p>Resultados de partidos de la liga de tenis\u00a0jugados en el mes de Diciembre&#8217;15, por orden de llegada a la organizaci\u00f3n: Veteranos &#8211; Antonio Revenga &amp; Jes\u00fas D\u00f3lera . . . . . . . . . \u00a06\/1 6\/0 Veteranos &#8211; Jes\u00fas Bermejo &amp; Jes\u00fas Barquilla . . . . . . . . . \u00a06\/1 &hellip; <a href=\"https:\/\/tenislastorres.com\/tenis\/2015\/12\/resultados-liga-tenis-diciembre15\/\" class=\"more-link\">Seguir leyendo <span class=\"screen-reader-text\">Resultados liga tenis Diciembre&#8217;15<\/span> <span class=\"meta-nav\">&rarr;<\/span><\/a><\/p>\n","protected":false},"author":2,"featured_media":0,"comment_status":"closed","ping_status":"closed","sticky":false,"template":"","format":"standard","meta":{"footnotes":""},"categories":[14,3],"tags":[],"class_list":["post-1970","post","type-post","status-publish","format-standard","hentry","category-liga-2015-2016","category-noticias"],"_links":{"self":[{"href":"https:\/\/tenislastorres.com\/tenis\/wp-json\/wp\/v2\/posts\/1970","targetHints":{"allow":["GET"]}}],"collection":[{"href":"https:\/\/tenislastorres.com\/tenis\/wp-json\/wp\/v2\/posts"}],"about":[{"href":"https:\/\/tenislastorres.com\/tenis\/wp-json\/wp\/v2\/types\/post"}],"author":[{"embeddable":true,"href":"https:\/\/tenislastorres.com\/tenis\/wp-json\/wp\/v2\/users\/2"}],"replies":[{"embeddable":true,"href":"https:\/\/tenislastorres.com\/tenis\/wp-json\/wp\/v2\/comments?post=1970"}],"version-history":[{"count":16,"href":"https:\/\/tenislastorres.com\/tenis\/wp-json\/wp\/v2\/posts\/1970\/revisions"}],"predecessor-version":[{"id":2005,"href":"https:\/\/tenislastorres.com\/tenis\/wp-json\/wp\/v2\/posts\/1970\/revisions\/2005"}],"wp:attachment":[{"href":"https:\/\/tenislastorres.com\/tenis\/wp-json\/wp\/v2\/media?parent=1970"}],"wp:term":[{"taxonomy":"category","embeddable":true,"href":"https:\/\/tenislastorres.com\/tenis\/wp-json\/wp\/v2\/categories?post=1970"},{"taxonomy":"post_tag","embeddable":true,"href":"https:\/\/tenislastorres.com\/tenis\/wp-json\/wp\/v2\/tags?post=1970"}],"curies":[{"name":"wp","href":"https:\/\/api.w.org\/{rel}","templated":true}]}}