{"id":1955,"date":"2015-11-13T20:42:56","date_gmt":"2015-11-13T18:42:56","guid":{"rendered":"http:\/\/tenislastorres.com\/tenis\/?p=1955"},"modified":"2025-07-31T08:52:22","modified_gmt":"2025-07-31T07:52:22","slug":"resultados-liga-tenis-noviembre15","status":"publish","type":"post","link":"https:\/\/tenislastorres.com\/tenis\/2015\/11\/resultados-liga-tenis-noviembre15\/","title":{"rendered":"Resultados liga tenis Noviembre&#8217;15"},"content":{"rendered":"<p><span style=\"color: #800000;\">Resultados de los partidos disputados durante el mes de Noviembre&#8217;15, por orden de llegada a la organizaci\u00f3n:<\/span><\/p>\n<ol>\n<li><span style=\"color: #000080;\">Veteranos &#8211; Mariano Samper &amp; Olegario Breis . . . . . .7\/5 6\/3<\/span><\/li>\n<li><span style=\"color: #000080;\">1\u00aa B &#8211; Gin\u00e9s Pern\u00edas &amp; Jos\u00e9 Luis Leante . . . . . . . . . . \u00a06\/0 6\/4<\/span><\/li>\n<li><span style=\"color: #000080;\">Honor &#8211; Dani Ca\u00f1ete &amp; Silvio A. Carrillo . . . . . . . . . . . \u00a06\/1 6\/3<\/span><\/li>\n<li><span style=\"color: #000080;\">Honor &#8211; Luis Fdez.Corbal\u00e1n &amp; V\u00edctor Roncero . . . . . . 3\/6 6\/4 7\/5<\/span><\/li>\n<li><span style=\"color: #000080;\">1\u00aa A &#8211; Fco. Javier Alc\u00e1zar &amp; Alberto Castillo . . . . . . . . 6\/2 6\/7 (5) 6\/1<\/span><\/li>\n<li><span style=\"color: #000080;\">Veteranos &#8211; Agust\u00edn C\u00e1novas &amp; Jes\u00fas Barquilla . . . . .2\/6 6\/3 7\/5<\/span><\/li>\n<li><span style=\"color: #000080;\">3\u00aa B &#8211; Jos\u00e9 Eduardo Mart\u00ednez &amp; Pablo Cerd\u00e1 . . . . . . . 6\/3 6\/3<\/span><\/li>\n<li><span style=\"color: #000080;\">3\u00aa B &#8211; Javier Ja\u00e9n &amp; Juan Antonio Sandoval . . . . . . . . 6\/2 6\/2<\/span><\/li>\n<li><span style=\"color: #000080;\">1\u00aa A &#8211; V\u00edctor Manuel N\u00fa\u00f1ez &amp; Juli\u00e1n Ceacero . . . . . . . 6\/1 7\/5<\/span><\/li>\n<li><span style=\"color: #000080;\">Honor &#8211;\u00a0Luis Fdez.Corbal\u00e1n &amp; Dani T\u00e9var . . . . . . . . . .6\/0 6\/0<\/span><\/li>\n<li><span style=\"color: #000080;\">2\u00aa B &#8211; Jos\u00e9 Manuel Parejo &amp; Ra\u00fal Navarro . . . . . . . . . .7\/6 6\/0<\/span><\/li>\n<li><span style=\"color: #000080;\">Master &#8211; Juan Salvador P\u00e1rraga &amp; Jos\u00e9 Luis G\u00f3mez . 6\/3 6\/1<\/span><\/li>\n<li><span style=\"color: #000080;\">2\u00aa A &#8211; Eustaquio Cascales Jr. &amp; Pedro Jos\u00e9 Ortu\u00f1o . . 6\/3 6\/2<\/span><\/li>\n<li><span style=\"color: #000080;\">Veteranos &#8211; Jos\u00e9 Barquero &amp; Olegario Breis . . . . . . . . 6\/4 6\/2<\/span><\/li>\n<li><span style=\"color: #000080;\">Veteranos &#8211; Jos\u00e9 Luis Mendoza &amp; Luis Fern\u00e1ndez . . . 6\/2 4\/6 6\/1<\/span><\/li>\n<li><span style=\"color: #000080;\">1\u00aa B &#8211; Sergio L\u00f3pez Ruiz &amp; Eduardo Ballesta . . . . . . . .6\/2 6\/0<\/span><\/li>\n<li><span style=\"color: #000080;\">1\u00aa B &#8211; Francisco Hdez. &amp; Eduardo Ballesta . . . . . . . . . 6\/1 6\/3<\/span><\/li>\n<li><span style=\"color: #000080;\">3\u00aa B &#8211; David Samper &amp; Pablo Cerd\u00e1 . . . . . . . . . . . . . . .6\/2 6\/4<\/span><\/li>\n<li><span style=\"color: #000080;\">1\u00aa A &#8211; Jos\u00e9 Ant. Granados &amp; Alberto Castillo . . . . . . . . 4\/6 6\/2 6\/4<\/span><\/li>\n<li><span style=\"color: #000080;\">2\u00aa B &#8211; David Pablo Garrido &amp; Joaqu\u00edn Moreno . . . . . . . 6\/0 6\/0<\/span><\/li>\n<li><span style=\"color: #000080;\">Master &#8211; Justo Mu\u00f1oz &amp; Jos\u00e9 Antonio Gil . . . . . . . . . . . 0\/6 6\/3 7\/6 (7)<\/span><\/li>\n<li><span style=\"color: #000080;\">Honor &#8211; V\u00edctor Roncero &amp; Jos\u00e9 Carlos Rico . . . . . . . . \u00a01\/6 7\/6 (4) 6\/3<\/span><\/li>\n<li><span style=\"color: #000080;\">Veteranos &#8211; Roque Guill\u00e9n &amp; Jos\u00e9 Carlos Samper. . . \u00a0 2\/6 6\/0 6\/3<\/span><br \/>\n<a href=\"https:\/\/tenislastorres.com\/tenis\/wp-content\/uploads\/2013\/09\/Roque-Guill\u00e9n.jpg\"><img loading=\"lazy\" decoding=\"async\" class=\"alignnone wp-image-824\" src=\"https:\/\/tenislastorres.com\/tenis\/wp-content\/uploads\/2013\/09\/Roque-Guill\u00e9n-300x270.jpg\" alt=\"DIGITAL CAMERA\" width=\"257\" height=\"232\" srcset=\"https:\/\/tenislastorres.com\/tenis\/wp-content\/uploads\/2013\/09\/Roque-Guill\u00e9n-300x270.jpg 300w, https:\/\/tenislastorres.com\/tenis\/wp-content\/uploads\/2013\/09\/Roque-Guill\u00e9n-1024x921.jpg 1024w, https:\/\/tenislastorres.com\/tenis\/wp-content\/uploads\/2013\/09\/Roque-Guill\u00e9n-333x300.jpg 333w\" sizes=\"auto, (max-width: 257px) 100vw, 257px\" \/><br \/>\n<\/a><span style=\"color: #800000;\">Roque Guill\u00e9n (Veteranos)<\/span><\/li>\n<li><span style=\"color: #000080;\">Master &#8211; Pascual Mero\u00f1o &amp; Antonio Barquero . . . . . . . 7\/6 6\/0<\/span><\/li>\n<li><span style=\"color: #000080;\">1\u00aa B &#8211; Roberto Carlos Espinosa &amp; Eduardo Ballesta . . 6\/0 6\/3<\/span><\/li>\n<li><span style=\"color: #000080;\">2\u00aa A &#8211; Pedro Jos\u00e9 Ortu\u00f1o &amp; Onofre Gonz\u00e1lez . . . . . . . \u00a07\/6 (2) 6\/2<\/span><\/li>\n<li><span style=\"color: #000080;\">3\u00aa A &#8211; Gustavo Guti\u00e9rrez &amp; Alberto L\u00f3pez. . . . . . . . . . . \u00a06\/3 5\/7 6\/2<\/span><\/li>\n<li><span style=\"color: #000080;\">Master &#8211; Antonio Barquero &amp; Fco. Gin\u00e9s Iniesta . . . . . . 4\/6 6\/1 7\/5<\/span><\/li>\n<li><span style=\"color: #000080;\">3\u00aa A &#8211; Cipriano Garc\u00eda &amp; Alberto L\u00f3pez . . . . . . . . . . . . . 7\/6 (6) 6\/0<\/span><\/li>\n<li><span style=\"color: #000080;\">1\u00aa B &#8211; Sergio L\u00f3pez Ruiz &amp; Jes\u00fas Bermejo . . . . . . . . . .6\/1 6\/0<\/span><\/li>\n<li><span style=\"color: #000080;\">Honor &#8211; Dani Ca\u00f1ete &amp; Nacho Aliaga . . . . . . . . . . . . . . .6\/1 6\/1<\/span><\/li>\n<li><span style=\"color: #000080;\">1\u00aa A &#8211; Pablo Leante &amp; Miguel Pay . . . . . . . . . . . . . . . . . .3\/6 6\/2 6\/2<\/span><\/li>\n<li><span style=\"color: #000080;\">3\u00aa B &#8211; Jos\u00e9 Tom\u00e1s Capel &amp; David Samper . . . . . . . . . . 6\/0 6\/1<br \/>\n<a href=\"https:\/\/tenislastorres.com\/tenis\/wp-content\/uploads\/2015\/11\/CJos\u00e9-Tom\u00e1s-Capel.jpg\"><br \/>\n<\/a><a href=\"https:\/\/tenislastorres.com\/tenis\/wp-content\/uploads\/2015\/11\/CJos\u00e9-Tom\u00e1s-Capel.jpg\"><img loading=\"lazy\" decoding=\"async\" class=\"alignnone wp-image-1961\" src=\"https:\/\/tenislastorres.com\/tenis\/wp-content\/uploads\/2015\/11\/CJos\u00e9-Tom\u00e1s-Capel-150x300.jpg\" alt=\"CJos\u00e9 Tom\u00e1s Capel\" width=\"144\" height=\"277\" \/><\/a><span style=\"color: #800000;\"><br \/>\nJos\u00e9 Tom\u00e1s Capel (3\u00aaB)<\/span><\/span><\/li>\n<li><span style=\"color: #000080;\">Master &#8211; Manolo Navarro &amp; Paco Ruiz . . . . . . . . . . . . . 7\/5 6\/1<\/span><\/li>\n<li><span style=\"color: #000080;\">2\u00aa A &#8211; Juan Ant. Esparza &amp; Eduardo L\u00f3pez . . . . . . . . . 6\/2 6\/0<\/span><\/li>\n<li><span style=\"color: #000080;\">2\u00aa A &#8211; Jos\u00e9 Ant. Contreras &amp; Onofre Gonz\u00e1lez . . . . . . 5\/7 6\/2 6\/1<\/span><\/li>\n<li><span style=\"color: #000080;\">Veteranos &#8211; Jes\u00fas Bermejo &amp; Paco Ros . . . . . . . . . . . 6\/1 6\/0<\/span><\/li>\n<li><span style=\"color: #000080;\">2\u00aa B &#8211; Sergio Mart\u00ed &amp; Jos\u00e9 Gamb\u00edn . . . . . . . . . . . . . . . . 6\/2 6\/3<\/span><\/li>\n<li><span style=\"color: #000080;\">1\u00aa A &#8211; V\u00edctor M. N\u00fa\u00f1ez &amp; Miguel Pay . . . . . . . . . . . . . . . 7\/6 6\/1<\/span><\/li>\n<li><span style=\"color: #000080;\">2\u00aa B &#8211; David Mar\u00edn &amp; Manuel Mart\u00ednez . . . . . . . . . . . . . . 4\/6 7\/5 6\/2<\/span><\/li>\n<li><span style=\"color: #000080;\">2\u00aa B &#8211; Jos\u00e9 Manuel Parejo &amp; Dani G\u00f3mez . . . . . . . . . . .6\/1 6\/0<\/span><\/li>\n<li><span style=\"color: #000080;\">1\u00aa A &#8211; Pablo Leante &amp; Carlos Sandoval . . . . . . . . . . . . . 6\/0 6\/1<\/span><\/li>\n<li><span style=\"color: #000080;\">Master &#8211; Bartolo Ot\u00e1lora &amp; Jos\u00e9 Antonio Gil . . . . . . . . . .6\/4 4\/6 7\/5<\/span><\/li>\n<li><span style=\"color: #000080;\">3\u00aa A &#8211; Sergio Guerrero &amp; Alberto L\u00f3pez . . . . . . . . . . . . . 6\/3 6\/1<\/span><\/li>\n<li><span style=\"color: #000080;\">3\u00aa B &#8211; Jos\u00e9 Tom\u00e1s Capel &amp; Lola Garc\u00eda . . . . . . . . . . . . .6\/1 6\/0<\/span><\/li>\n<li><span style=\"color: #000080;\">1\u00aa A &#8211; Fco. Javier Alc\u00e1zar &amp; Jos\u00e9 Ant. Fuentes . . . . . . . 7\/6 6\/4<\/span><\/li>\n<li><span style=\"color: #000080;\">2\u00aa B &#8211; Juan Ant. Pujante &amp; Sergio Cerezo . . . . . . . . . . . 6\/3 7\/5<\/span><br \/>\n<a href=\"https:\/\/tenislastorres.com\/tenis\/wp-content\/uploads\/2015\/11\/Juan-Antonio-y-Sergio-Cerezo.jpg\"><img loading=\"lazy\" decoding=\"async\" class=\"alignnone size-medium wp-image-1964\" src=\"https:\/\/tenislastorres.com\/tenis\/wp-content\/uploads\/2015\/11\/Juan-Antonio-y-Sergio-Cerezo-225x300.jpg\" alt=\"Juan Antonio y Sergio Cerezo\" width=\"225\" height=\"300\" srcset=\"https:\/\/tenislastorres.com\/tenis\/wp-content\/uploads\/2015\/11\/Juan-Antonio-y-Sergio-Cerezo-225x300.jpg 225w, https:\/\/tenislastorres.com\/tenis\/wp-content\/uploads\/2015\/11\/Juan-Antonio-y-Sergio-Cerezo-768x1024.jpg 768w, https:\/\/tenislastorres.com\/tenis\/wp-content\/uploads\/2015\/11\/Juan-Antonio-y-Sergio-Cerezo.jpg 1944w\" sizes=\"auto, (max-width: 225px) 100vw, 225px\" \/><\/a><br \/>\n<em><span style=\"color: #800000;\">Juan Ant. Pujante y Sergio Cerezo<\/span><\/em><\/li>\n<li><span style=\"color: #0000ff;\">3\u00aa A &#8211; Gregorio Mar\u00edn &amp; Javi Pujol . . . . . . . . . . . . . . . . . 6\/3 6\/2<\/span><\/li>\n<li><span style=\"color: #0000ff;\">Honor &#8211; Paco Planes &amp; Jos\u00e9 Ignacio Mart\u00ednez . . . . . . . 6\/4 6\/2<\/span><\/li>\n<li><span style=\"color: #0000ff;\">2\u00aa A &#8211; Juan Antonio Esparza &amp; Sergio Pay . . . . . . . . . . 6\/4 6\/3<\/span><\/li>\n<li><span style=\"color: #0000ff;\">3\u00aa B &#8211; Juan Carlos Jim\u00e9nez &amp; Pablo Cerd\u00e1 . . . . . . . . . .6\/4 6\/4<\/span><\/li>\n<li><span style=\"color: #0000ff;\">Honor &#8211; V\u00edctor Roncero &amp; Jos\u00e9 Ignacio Mtez. . . . . . . . . 6\/2 6\/3<\/span><\/li>\n<li><span style=\"color: #0000ff;\">Veteranos &#8211; Mariano Samper &amp; Jes\u00fas D\u00f3lera . . . . . . . \u00a06\/2 6\/1<\/span><\/li>\n<li><span style=\"color: #0000ff;\">1\u00aa B &#8211; Fco. Hern\u00e1ndez &amp; Antonio Fco. Mtez. . . . . . . . . .6\/3 6\/2<\/span><\/li>\n<li><span style=\"color: #0000ff;\">3\u00aa A &#8211; Gregorio Mar\u00edn &amp; Gustavo Guti\u00e9rrez . . . . . . . . . . 6\/4 6\/4<\/span><\/li>\n<li><span style=\"color: #0000ff;\">2\u00aa B &#8211; Isidoro Jes\u00fas Casanova &amp; Sergio Cerezo . . . . . .6\/2 6\/4<\/span><\/li>\n<li><span style=\"color: #0000ff;\">3\u00aa B &#8211; Javier Ja\u00e9n &amp; Juan Mart\u00ednez . . . . . . . . . . . . . . . . 6\/0 6\/2<\/span><\/li>\n<li><span style=\"color: #0000ff;\">2\u00aa B &#8211; Ra\u00fal Navarro &amp; Jos\u00e9 Jesualdo Hurtado . . . . . . . \u00a06\/3 6\/4<\/span><\/li>\n<li><span style=\"color: #0000ff;\">3\u00aa A &#8211; Sergio Guerrero &amp; Sa\u00fal Guill\u00e9n . . . . . . . . . . . . . ..6\/0 6\/1<\/span><\/li>\n<li><span style=\"color: #0000ff;\">Honor &#8211; Dani Ca\u00f1ete &amp; Pepe Mart\u00ednez . . . . . . . . . . . . . .6\/1 6\/2<\/span><\/li>\n<li><span style=\"color: #0000ff;\">Honor &#8211; Silvio A. Carrillo &amp; Pepe Mart\u00ednez . . . . . . . . . . . 6\/2 6\/2<\/span><\/li>\n<li><span style=\"color: #0000ff;\">1\u00aa B &#8211; Jos\u00e9 Antonio D\u00f3lera &amp; Jes\u00fas Bermejo . . . . . . . . .6\/1 6\/1<\/span><\/li>\n<li><span style=\"color: #0000ff;\">1\u00aa A &#8211; Fulgencio Vicente &amp; Pablo Leante . . . . . . . . . . . . 7\/5 2\/6 6\/4<\/span><\/li>\n<li><span style=\"color: #0000ff;\">Master &#8211; Juan Salvador P\u00e1rraga &amp; Paco Ruiz . . . . . . . .6\/2 6\/3<\/span><\/li>\n<li><span style=\"color: #0000ff;\">Veteranos &#8211; Agust\u00edn C\u00e1novas &amp; Luis Fern\u00e1ndez . . . . . .7\/5 2\/6 6\/4<\/span><\/li>\n<li><span style=\"color: #0000ff;\">3\u00aa B &#8211; Emilio Box &amp; Juan Carlos Jim\u00e9nez . . . . . . . . . . . 6\/1 6\/0<\/span><\/li>\n<li><span style=\"color: #0000ff;\">1\u00aa B &#8211; Gin\u00e9s Pern\u00edas &amp; Jos\u00e9 L\u00f3pez Balibrea . . . . . . . . . 6\/0 6\/2<\/span><\/li>\n<li><span style=\"color: #0000ff;\">Honor &#8211; Jes\u00fas Miguel Caravaca &amp; Angel Abell\u00e1n . . . . . .6\/2 6\/3<\/span><\/li>\n<li><span style=\"color: #0000ff;\">1\u00aa A &#8211; Javier Ortiz &amp; Fco. Jos\u00e9 Breis . . . . . . . . . . . . . . . 5\/7 6\/3 6\/4<\/span><\/li>\n<li><span style=\"color: #0000ff;\">2\u00aa B &#8211; Sergio Mart\u00ed &amp; Miguel Gonz\u00e1lez Rosa . . . . . . . . . 6\/2 6\/2<\/span><br \/>\n<a href=\"https:\/\/tenislastorres.com\/tenis\/wp-content\/uploads\/2015\/11\/IMG_20151127_201826.jpg\"><img loading=\"lazy\" decoding=\"async\" class=\"alignnone size-medium wp-image-1966\" src=\"https:\/\/tenislastorres.com\/tenis\/wp-content\/uploads\/2015\/11\/IMG_20151127_201826-225x300.jpg\" alt=\"IMG_20151127_201826\" width=\"225\" height=\"300\" srcset=\"https:\/\/tenislastorres.com\/tenis\/wp-content\/uploads\/2015\/11\/IMG_20151127_201826-225x300.jpg 225w, https:\/\/tenislastorres.com\/tenis\/wp-content\/uploads\/2015\/11\/IMG_20151127_201826-768x1024.jpg 768w, https:\/\/tenislastorres.com\/tenis\/wp-content\/uploads\/2015\/11\/IMG_20151127_201826.jpg 1944w\" sizes=\"auto, (max-width: 225px) 100vw, 225px\" \/><\/a><br \/>\n<em><em><span style=\"color: #800000;\">Miguel Glez. Rosa y Sergio Mart\u00ed (2\u00aaB)<\/span><\/em><\/em>&nbsp;<\/li>\n<li><span style=\"color: #000080;\">2\u00aa B &#8211; Manuel Mart\u00ednez &amp; Jos\u00e9 Gamb\u00edn . . . . . . . . . . . . . \u00a06\/3 6\/4<\/span><\/li>\n<li><span style=\"color: #000080;\">1\u00aa A &#8211; Alberto Castillo &amp; Javier Ortiz . . . . . . . . . . . . . . . . 6\/2 6\/3<\/span><\/li>\n<li><span style=\"color: #000080;\">2\u00aa A &#8211; Eustaquio Cascales &amp; Miguel Molina . . . . . . . . . . \u00a06\/4 6\/4<\/span><\/li>\n<\/ol>\n","protected":false},"excerpt":{"rendered":"<p>Resultados de los partidos disputados durante el mes de Noviembre&#8217;15, por orden de llegada a la organizaci\u00f3n: Veteranos &#8211; Mariano Samper &amp; Olegario Breis . . . . . .7\/5 6\/3 1\u00aa B &#8211; Gin\u00e9s Pern\u00edas &amp; Jos\u00e9 Luis Leante . . . . . . . . . . \u00a06\/0 6\/4 Honor &#8211; Dani &hellip; <a href=\"https:\/\/tenislastorres.com\/tenis\/2015\/11\/resultados-liga-tenis-noviembre15\/\" class=\"more-link\">Seguir leyendo <span class=\"screen-reader-text\">Resultados liga tenis Noviembre&#8217;15<\/span> <span class=\"meta-nav\">&rarr;<\/span><\/a><\/p>\n","protected":false},"author":2,"featured_media":0,"comment_status":"closed","ping_status":"closed","sticky":false,"template":"","format":"standard","meta":{"footnotes":""},"categories":[14,3],"tags":[],"class_list":["post-1955","post","type-post","status-publish","format-standard","hentry","category-liga-2015-2016","category-noticias"],"_links":{"self":[{"href":"https:\/\/tenislastorres.com\/tenis\/wp-json\/wp\/v2\/posts\/1955","targetHints":{"allow":["GET"]}}],"collection":[{"href":"https:\/\/tenislastorres.com\/tenis\/wp-json\/wp\/v2\/posts"}],"about":[{"href":"https:\/\/tenislastorres.com\/tenis\/wp-json\/wp\/v2\/types\/post"}],"author":[{"embeddable":true,"href":"https:\/\/tenislastorres.com\/tenis\/wp-json\/wp\/v2\/users\/2"}],"replies":[{"embeddable":true,"href":"https:\/\/tenislastorres.com\/tenis\/wp-json\/wp\/v2\/comments?post=1955"}],"version-history":[{"count":9,"href":"https:\/\/tenislastorres.com\/tenis\/wp-json\/wp\/v2\/posts\/1955\/revisions"}],"predecessor-version":[{"id":1972,"href":"https:\/\/tenislastorres.com\/tenis\/wp-json\/wp\/v2\/posts\/1955\/revisions\/1972"}],"wp:attachment":[{"href":"https:\/\/tenislastorres.com\/tenis\/wp-json\/wp\/v2\/media?parent=1955"}],"wp:term":[{"taxonomy":"category","embeddable":true,"href":"https:\/\/tenislastorres.com\/tenis\/wp-json\/wp\/v2\/categories?post=1955"},{"taxonomy":"post_tag","embeddable":true,"href":"https:\/\/tenislastorres.com\/tenis\/wp-json\/wp\/v2\/tags?post=1955"}],"curies":[{"name":"wp","href":"https:\/\/api.w.org\/{rel}","templated":true}]}}