{"id":1950,"date":"2015-10-30T23:56:39","date_gmt":"2015-10-30T21:56:39","guid":{"rendered":"http:\/\/tenislastorres.com\/tenis\/?p=1950"},"modified":"2025-07-31T08:52:22","modified_gmt":"2025-07-31T07:52:22","slug":"el-equipo-de-la-att-debuta-manana-en-el-club-de-campo","status":"publish","type":"post","link":"https:\/\/tenislastorres.com\/tenis\/2015\/10\/el-equipo-de-la-att-debuta-manana-en-el-club-de-campo\/","title":{"rendered":"El equipo de la ATT debuta ma\u00f1ana en el Club de Campo"},"content":{"rendered":"<p style=\"text-align: justify;\"><span style=\"color: #000080;\">El equipo absoluto de la <strong>Asociaci\u00f3n de Tenis Las Torres<\/strong> juega ma\u00f1ana su primer partido de liga en el Club de Campo de Murcia, a partir de las 5 de la tarde. Los vigentes campeones del torneo Interclubes &#8211; (ATT) &#8211; \u00a0parten como favoritos en dicho campeonato organizado por la <strong>CMTA<\/strong>, teniendo un buen rival a domicilio para estrenarse.\u00a0<\/span><br \/>\n<span style=\"color: #000080;\">El equipo est\u00e1 integrado entre otros por: <em><strong>Jos\u00e9 Antonio Granados y Jos\u00e9 Carlos Rico (capitanes), Luis Fern\u00e1ndez Corbal\u00e1n, Abel Garc\u00eda, Pedro Bernab\u00e9, Dami\u00e1n S\u00e1nchez,<\/strong> <\/em><strong>Juan Salvador P\u00e1rraga<\/strong>, <em><strong>Jos\u00e9 Luis G\u00f3mez<\/strong><\/em>, &#8230; jugadores de una gran calidad humana y comprometidos, adem\u00e1s de un aceptable nivel ten\u00edstico que les permite competir al m\u00e1ximo nivel con cualquier rival que se tercie.\u00a0<\/span><br \/>\n<span style=\"color: #000080;\">El objetivo es revalidar el t\u00edtulo, empresa nada f\u00e1cil dada la categor\u00eda de los equipos participantes, pero tambi\u00e9n dejar el pabell\u00f3n de la Asociaci\u00f3n donde se merece.<br \/>\nSuerte.<\/span><br \/>\n<a href=\"https:\/\/tenislastorres.com\/tenis\/wp-content\/uploads\/2015\/10\/ClubCampo.ATT_.jpg\"><img loading=\"lazy\" decoding=\"async\" class=\"alignnone size-medium wp-image-1951\" src=\"https:\/\/tenislastorres.com\/tenis\/wp-content\/uploads\/2015\/10\/ClubCampo.ATT_-225x300.jpg\" alt=\"ClubCampo.ATT\" width=\"225\" height=\"300\" srcset=\"https:\/\/tenislastorres.com\/tenis\/wp-content\/uploads\/2015\/10\/ClubCampo.ATT_-225x300.jpg 225w, https:\/\/tenislastorres.com\/tenis\/wp-content\/uploads\/2015\/10\/ClubCampo.ATT_-768x1024.jpg 768w, https:\/\/tenislastorres.com\/tenis\/wp-content\/uploads\/2015\/10\/ClubCampo.ATT_.jpg 1200w\" sizes=\"auto, (max-width: 225px) 100vw, 225px\" \/><\/a><\/p>\n","protected":false},"excerpt":{"rendered":"<p>El equipo absoluto de la Asociaci\u00f3n de Tenis Las Torres juega ma\u00f1ana su primer partido de liga en el Club de Campo de Murcia, a partir de las 5 de la tarde. Los vigentes campeones del torneo Interclubes &#8211; (ATT) &#8211; \u00a0parten como favoritos en dicho campeonato organizado por la CMTA, teniendo un buen rival &hellip; <a href=\"https:\/\/tenislastorres.com\/tenis\/2015\/10\/el-equipo-de-la-att-debuta-manana-en-el-club-de-campo\/\" class=\"more-link\">Seguir leyendo <span class=\"screen-reader-text\">El equipo de la ATT debuta ma\u00f1ana en el Club de Campo<\/span> <span class=\"meta-nav\">&rarr;<\/span><\/a><\/p>\n","protected":false},"author":2,"featured_media":0,"comment_status":"closed","ping_status":"closed","sticky":false,"template":"","format":"standard","meta":{"footnotes":""},"categories":[3],"tags":[],"class_list":["post-1950","post","type-post","status-publish","format-standard","hentry","category-noticias"],"_links":{"self":[{"href":"https:\/\/tenislastorres.com\/tenis\/wp-json\/wp\/v2\/posts\/1950","targetHints":{"allow":["GET"]}}],"collection":[{"href":"https:\/\/tenislastorres.com\/tenis\/wp-json\/wp\/v2\/posts"}],"about":[{"href":"https:\/\/tenislastorres.com\/tenis\/wp-json\/wp\/v2\/types\/post"}],"author":[{"embeddable":true,"href":"https:\/\/tenislastorres.com\/tenis\/wp-json\/wp\/v2\/users\/2"}],"replies":[{"embeddable":true,"href":"https:\/\/tenislastorres.com\/tenis\/wp-json\/wp\/v2\/comments?post=1950"}],"version-history":[{"count":1,"href":"https:\/\/tenislastorres.com\/tenis\/wp-json\/wp\/v2\/posts\/1950\/revisions"}],"predecessor-version":[{"id":1952,"href":"https:\/\/tenislastorres.com\/tenis\/wp-json\/wp\/v2\/posts\/1950\/revisions\/1952"}],"wp:attachment":[{"href":"https:\/\/tenislastorres.com\/tenis\/wp-json\/wp\/v2\/media?parent=1950"}],"wp:term":[{"taxonomy":"category","embeddable":true,"href":"https:\/\/tenislastorres.com\/tenis\/wp-json\/wp\/v2\/categories?post=1950"},{"taxonomy":"post_tag","embeddable":true,"href":"https:\/\/tenislastorres.com\/tenis\/wp-json\/wp\/v2\/tags?post=1950"}],"curies":[{"name":"wp","href":"https:\/\/api.w.org\/{rel}","templated":true}]}}