{"id":1905,"date":"2015-09-14T14:51:02","date_gmt":"2015-09-14T12:51:02","guid":{"rendered":"http:\/\/tenislastorres.com\/tenis\/?p=1905"},"modified":"2025-07-31T08:52:22","modified_gmt":"2025-07-31T07:52:22","slug":"la-xxv-liga-de-tenis-echa-a-andar","status":"publish","type":"post","link":"https:\/\/tenislastorres.com\/tenis\/2015\/09\/la-xxv-liga-de-tenis-echa-a-andar\/","title":{"rendered":"La XXV Liga de Tenis echa a andar"},"content":{"rendered":"<p style=\"text-align: justify;\"><span style=\"color: #800000;\">Hoy lunes, 14 de Septiembre&#8217;15, da comienzo la <strong>XXV edici\u00f3n de la Liga de Tenis<\/strong> de Las Torres de Cotillas, organizada un a\u00f1o m\u00e1s por <strong>La Asociaci\u00f3n de Tenis Las Torres<\/strong>. Ser\u00e1n <strong>121<\/strong> los jugadores (1 f\u00e9mina) que tendr\u00e1n la oportunidad de disfrutar y competir un a\u00f1o m\u00e1s en esta liga de tenis, y que durante 9 meses demostrar\u00e1n su implicaci\u00f3n y compromiso por defender su plaza que le d\u00e9 derecho a participar en a\u00f1os sucesivos.<\/span><br \/>\n<span style=\"color: #800000;\">Como en la anterior edici\u00f3n, se han formado <strong>6 categor\u00edas<\/strong> por nivel de juego: <strong>M\u00e1ster,<\/strong> <strong>Honor, 1\u00aa categor\u00eda, 2\u00aa categor\u00eda, 3\u00aa categor\u00eda y Veteranos+50 a\u00f1os<\/strong>, obteniendo trofeo los tres primeros clasificados de cada grupo.<\/span><br \/>\n<span style=\"color: #800000;\">En ella participan jugadores procedentes de <strong>Moratalla, Villanueva, Alhama, Librilla, La Uni\u00f3n, Bullas, Molina de Segura, Santomera, \u00a0Alcantarilla, Murcia y pedan\u00edas (Los Garres, Palmar, Sangonera Verde, Sangonera Seca, Llano de Brujas, Torreag\u00fcera, Pte. Tocinos, Aljucer) Alguazas, Ceut\u00ed, Lorqu\u00ed, Las Torres de Cotillas,<\/strong>&#8230;<\/span><br \/>\n<span style=\"color: #800000;\">Entre los favoritos para ganar en Categ. M\u00e1ster nos atrevemos a citar al bicampe\u00f3n de los 2 a\u00f1os anteriores, <strong>Abel Garc\u00eda, Manolo Navarro, Justo Mu\u00f1oz, Juan Salvador P\u00e1rraga, Pascual Mero\u00f1o, Rom\u00e1n Mart\u00ed,<\/strong> ,,, y alg\u00fan otro que pudiera meterse en los puestos de cabeza y que no ser\u00eda nada sorpresa dada la progresi\u00f3n y alto nivel que exhiben casi todos sus componentes.<\/span><br \/>\n<span style=\"color: #800000;\">Entre los jugadores m\u00e1s veteranos cabe menciona<\/span>r <span style=\"color: #800000;\">a <strong>Jes\u00fas Bermejo, Paco L\u00f3pez Planes, Mariano Samper, Jos\u00e9 Barquero, Jos\u00e9 Carlos Samper, Manolo Navarro, Roque<\/strong> <strong>Guill\u00e9n<\/strong>,&#8230; quienes sirven de ejemplo en <strong>esfuerzo, ilusi\u00f3n, compromiso y<\/strong> <strong>competitividad<\/strong> para el resto de participantes, y sobre todo a los chupetas del campeonato, como <strong>Daniel Ca\u00f1ete, Alberto L\u00f3pez, Roberto Carlos Espinosa<\/strong>, chavales menores de edad entre 14 y 16 a\u00f1os.<\/span><br \/>\n<span style=\"color: #800000;\">Colabora la <strong>Concejal\u00eda de Deportes del Ayto. de Las Torres de Cotillas<\/strong>.<\/span><\/p>\n","protected":false},"excerpt":{"rendered":"<p>Hoy lunes, 14 de Septiembre&#8217;15, da comienzo la XXV edici\u00f3n de la Liga de Tenis de Las Torres de Cotillas, organizada un a\u00f1o m\u00e1s por La Asociaci\u00f3n de Tenis Las Torres. Ser\u00e1n 121 los jugadores (1 f\u00e9mina) que tendr\u00e1n la oportunidad de disfrutar y competir un a\u00f1o m\u00e1s en esta liga de tenis, y que &hellip; <a href=\"https:\/\/tenislastorres.com\/tenis\/2015\/09\/la-xxv-liga-de-tenis-echa-a-andar\/\" class=\"more-link\">Seguir leyendo <span class=\"screen-reader-text\">La XXV Liga de Tenis echa a andar<\/span> <span class=\"meta-nav\">&rarr;<\/span><\/a><\/p>\n","protected":false},"author":2,"featured_media":0,"comment_status":"closed","ping_status":"closed","sticky":false,"template":"","format":"standard","meta":{"footnotes":""},"categories":[3],"tags":[],"class_list":["post-1905","post","type-post","status-publish","format-standard","hentry","category-noticias"],"_links":{"self":[{"href":"https:\/\/tenislastorres.com\/tenis\/wp-json\/wp\/v2\/posts\/1905","targetHints":{"allow":["GET"]}}],"collection":[{"href":"https:\/\/tenislastorres.com\/tenis\/wp-json\/wp\/v2\/posts"}],"about":[{"href":"https:\/\/tenislastorres.com\/tenis\/wp-json\/wp\/v2\/types\/post"}],"author":[{"embeddable":true,"href":"https:\/\/tenislastorres.com\/tenis\/wp-json\/wp\/v2\/users\/2"}],"replies":[{"embeddable":true,"href":"https:\/\/tenislastorres.com\/tenis\/wp-json\/wp\/v2\/comments?post=1905"}],"version-history":[{"count":1,"href":"https:\/\/tenislastorres.com\/tenis\/wp-json\/wp\/v2\/posts\/1905\/revisions"}],"predecessor-version":[{"id":1906,"href":"https:\/\/tenislastorres.com\/tenis\/wp-json\/wp\/v2\/posts\/1905\/revisions\/1906"}],"wp:attachment":[{"href":"https:\/\/tenislastorres.com\/tenis\/wp-json\/wp\/v2\/media?parent=1905"}],"wp:term":[{"taxonomy":"category","embeddable":true,"href":"https:\/\/tenislastorres.com\/tenis\/wp-json\/wp\/v2\/categories?post=1905"},{"taxonomy":"post_tag","embeddable":true,"href":"https:\/\/tenislastorres.com\/tenis\/wp-json\/wp\/v2\/tags?post=1905"}],"curies":[{"name":"wp","href":"https:\/\/api.w.org\/{rel}","templated":true}]}}