{"id":1889,"date":"2015-08-29T13:25:47","date_gmt":"2015-08-29T11:25:47","guid":{"rendered":"http:\/\/tenislastorres.com\/tenis\/?p=1889"},"modified":"2025-07-31T08:52:22","modified_gmt":"2025-07-31T07:52:22","slug":"abel-garcia-y-luis-fernandez-ganan-el-fiestas-de-tenis15","status":"publish","type":"post","link":"https:\/\/tenislastorres.com\/tenis\/2015\/08\/abel-garcia-y-luis-fernandez-ganan-el-fiestas-de-tenis15\/","title":{"rendered":"Abel Garc\u00eda y Luis Fern\u00e1ndez ganan el Fiestas de Tenis&#8217;15"},"content":{"rendered":"<p style=\"text-align: justify;\"><span style=\"color: #0000ff;\">Entretenidos y emocionantes partidos los ofrecidos por los finalistas del Trofeo Fiestas de Tenis 2015, entre <strong>Abel Garc\u00eda y Adri\u00e1n S\u00e1nchez<\/strong> en modalidad absoluta, y <strong>Luis Fern\u00e1ndez y Angel Abell\u00e1n <\/strong>en modalidad \u00abconsolaci\u00f3n\u00bb.\u00a0<\/span><br \/>\n<span style=\"color: #0000ff;\">En absoluto, el bicampe\u00f3n de la liga y anteriores trofeos de Fiestas, <strong>Abel Garc\u00eda<\/strong>, se impuso a <strong>Adri\u00e1n S\u00e1nchez<\/strong> en un buen partido, con incertidumbre en el resultado por 7\/6 (1) 7\/5. En el primer set fue <strong>Abel<\/strong> quien se adelant\u00f3 con 3-0 en el marcador, para despu\u00e9s del 4-1, y tras una reacci\u00f3n de <strong>S\u00e1nchez<\/strong> igualando la contienda, \u00a0imponerse en el tie-breack por 7\/1. En el 2\u00ba set nuevamente cogi\u00f3 ventaja Abel con un 4\/1, adelant\u00e1ndose su rival con 5\/4, pero el campe\u00f3n supo controlar el partido buscando el fallo de su rival, y se anot\u00f3 el set y el partido con mucha igualdad en el mismo, \u00a0ofreciendo ambos un tenis de categor\u00eda y alto nivel.<\/span><br \/>\n<a href=\"https:\/\/tenislastorres.com\/tenis\/wp-content\/uploads\/2015\/08\/Adrian.Abel_.jpg\"><img loading=\"lazy\" decoding=\"async\" class=\"alignnone wp-image-1890 size-large\" src=\"https:\/\/tenislastorres.com\/tenis\/wp-content\/uploads\/2015\/08\/Adrian.Abel_-1024x575.jpg\" alt=\"Adrian.Abel\" width=\"584\" height=\"328\" srcset=\"https:\/\/tenislastorres.com\/tenis\/wp-content\/uploads\/2015\/08\/Adrian.Abel_-1024x575.jpg 1024w, https:\/\/tenislastorres.com\/tenis\/wp-content\/uploads\/2015\/08\/Adrian.Abel_-300x168.jpg 300w, https:\/\/tenislastorres.com\/tenis\/wp-content\/uploads\/2015\/08\/Adrian.Abel_-500x281.jpg 500w\" sizes=\"auto, (max-width: 584px) 100vw, 584px\" \/><br \/>\n<\/a>\u00a0 \u00a0<em>Adri\u00e1n S\u00e1nchez y Abel Garc\u00eda<\/em><\/p>\n<p><span style=\"color: #0000ff;\">En \u00abconsolaci\u00f3n\u00bb, el torre\u00f1o <strong>Luis Fern\u00e1ndez<\/strong> se impuso a <strong>Angel Abell\u00e1n<\/strong> por 6\/4 6\/3 en un entretenido partido, donde la juventud y buen juego de Luis prevaleci\u00f3 sobre las ganas y experiencia de <strong>Abell\u00e1n<\/strong>, quien pese a su diferencia de edad se lo puso complicado a su rival. Angel Abell\u00e1n repet\u00eda final, en aquella ocasi\u00f3n contra <strong>Gin\u00e9s Pern\u00edas<\/strong>\u00a0en 2013 y con mejor suerte.<\/span><\/p>\n<p><a href=\"https:\/\/tenislastorres.com\/tenis\/wp-content\/uploads\/2015\/08\/Luis.Abellan.jpg\"><img loading=\"lazy\" decoding=\"async\" class=\"alignnone wp-image-1891 size-large\" src=\"https:\/\/tenislastorres.com\/tenis\/wp-content\/uploads\/2015\/08\/Luis.Abellan-1024x575.jpg\" alt=\"Luis.Abellan\" width=\"584\" height=\"328\" srcset=\"https:\/\/tenislastorres.com\/tenis\/wp-content\/uploads\/2015\/08\/Luis.Abellan-1024x575.jpg 1024w, https:\/\/tenislastorres.com\/tenis\/wp-content\/uploads\/2015\/08\/Luis.Abellan-300x168.jpg 300w, https:\/\/tenislastorres.com\/tenis\/wp-content\/uploads\/2015\/08\/Luis.Abellan-500x281.jpg 500w\" sizes=\"auto, (max-width: 584px) 100vw, 584px\" \/><br \/>\n<\/a>\u00a0 Luis Fern\u00e1ndez Corbal\u00e1n y Angel Abell\u00e1n<\/p>\n<p><span style=\"color: #0000ff;\">Destacar el <strong>buen nivel de juego<\/strong> exhibido en el torneo por parte de todos los jugadores, as\u00ed como su deportividad y buenas sensaciones en cada partido, lo cual ha permitido que el torneo transcurra sin problemas y se haya desarrollado por los cauces normales.<\/span><br \/>\n<span style=\"color: #0000ff;\">Han colaborado en el mismo, <strong>Deportes Marathon, is<span style=\"color: #ff00ff;\">A<\/span>bel estilistas, Centro Deportivo Las Torres y la Concejal\u00eda de<\/strong> <strong>Deportes del Ayuntamiento de Las Torres de Cotillas<\/strong>, corriendo la organizaci\u00f3n a cargo de la <strong>Asociaci\u00f3n de Tenis Las Torres.<\/strong><\/span><br \/>\n<span style=\"color: #0000ff;\">El torneo se clausur\u00f3 con la entrega de trofeos a los semifinalistas y finalistas por parte del Presidente de la ATT, <strong>Pepe Mart\u00ednez<\/strong>, y el edil de Deportes del Ayto. de Las Torres de Cotillas, <strong>Gin\u00e9s P\u00e9rez<\/strong>. La Asociaci\u00f3n concedi\u00f3 un trofeo a la \u00abdeportividad e ilusi\u00f3n\u00bb que esta vez fue para la \u00fanica f\u00e9mina participante y joven tenista molinense,\u00a0<strong>Lola Garc\u00eda<\/strong>.<\/span><\/p>\n<p><a href=\"https:\/\/tenislastorres.com\/tenis\/wp-content\/uploads\/2015\/08\/Lola.I.jpg\"><img loading=\"lazy\" decoding=\"async\" class=\"alignnone wp-image-1892 size-large\" src=\"https:\/\/tenislastorres.com\/tenis\/wp-content\/uploads\/2015\/08\/Lola.I-768x1024.jpg\" alt=\"Lola.I\" width=\"584\" height=\"779\" srcset=\"https:\/\/tenislastorres.com\/tenis\/wp-content\/uploads\/2015\/08\/Lola.I-768x1024.jpg 768w, https:\/\/tenislastorres.com\/tenis\/wp-content\/uploads\/2015\/08\/Lola.I-225x300.jpg 225w, https:\/\/tenislastorres.com\/tenis\/wp-content\/uploads\/2015\/08\/Lola.I.jpg 1944w\" sizes=\"auto, (max-width: 584px) 100vw, 584px\" \/><\/a>\u00a0<a href=\"https:\/\/tenislastorres.com\/tenis\/wp-content\/uploads\/2015\/08\/Abel.Trofeo.jpg\"><img loading=\"lazy\" decoding=\"async\" class=\"alignnone wp-image-1893 size-large\" src=\"https:\/\/tenislastorres.com\/tenis\/wp-content\/uploads\/2015\/08\/Abel.Trofeo-1024x575.jpg\" alt=\"Abel.Trofeo\" width=\"584\" height=\"328\" srcset=\"https:\/\/tenislastorres.com\/tenis\/wp-content\/uploads\/2015\/08\/Abel.Trofeo-1024x575.jpg 1024w, https:\/\/tenislastorres.com\/tenis\/wp-content\/uploads\/2015\/08\/Abel.Trofeo-300x168.jpg 300w, https:\/\/tenislastorres.com\/tenis\/wp-content\/uploads\/2015\/08\/Abel.Trofeo-500x281.jpg 500w\" sizes=\"auto, (max-width: 584px) 100vw, 584px\" \/><br \/>\n<\/a><a href=\"https:\/\/tenislastorres.com\/tenis\/wp-content\/uploads\/2015\/08\/Ca\u00f1ete.Trofeo.jpg\"><img loading=\"lazy\" decoding=\"async\" class=\"alignnone wp-image-1894 size-large\" src=\"https:\/\/tenislastorres.com\/tenis\/wp-content\/uploads\/2015\/08\/Ca\u00f1ete.Trofeo-1024x575.jpg\" alt=\"Ca\u00f1ete.Trofeo\" width=\"584\" height=\"328\" srcset=\"https:\/\/tenislastorres.com\/tenis\/wp-content\/uploads\/2015\/08\/Ca\u00f1ete.Trofeo-1024x575.jpg 1024w, https:\/\/tenislastorres.com\/tenis\/wp-content\/uploads\/2015\/08\/Ca\u00f1ete.Trofeo-300x168.jpg 300w, https:\/\/tenislastorres.com\/tenis\/wp-content\/uploads\/2015\/08\/Ca\u00f1ete.Trofeo-500x281.jpg 500w\" sizes=\"auto, (max-width: 584px) 100vw, 584px\" \/><br \/>\n<\/a><a href=\"https:\/\/tenislastorres.com\/tenis\/wp-content\/uploads\/2015\/08\/Angel.Trofeo.jpg\"><img loading=\"lazy\" decoding=\"async\" class=\"alignnone wp-image-1895 size-large\" src=\"https:\/\/tenislastorres.com\/tenis\/wp-content\/uploads\/2015\/08\/Angel.Trofeo-1024x575.jpg\" alt=\"Angel.Trofeo\" width=\"584\" height=\"328\" srcset=\"https:\/\/tenislastorres.com\/tenis\/wp-content\/uploads\/2015\/08\/Angel.Trofeo-1024x575.jpg 1024w, https:\/\/tenislastorres.com\/tenis\/wp-content\/uploads\/2015\/08\/Angel.Trofeo-300x168.jpg 300w, https:\/\/tenislastorres.com\/tenis\/wp-content\/uploads\/2015\/08\/Angel.Trofeo-500x281.jpg 500w\" sizes=\"auto, (max-width: 584px) 100vw, 584px\" \/><br \/>\n<\/a><a href=\"https:\/\/tenislastorres.com\/tenis\/wp-content\/uploads\/2015\/08\/Cesar.Dani_.Trofeo.jpg\"><img loading=\"lazy\" decoding=\"async\" class=\"alignnone wp-image-1896 size-large\" src=\"https:\/\/tenislastorres.com\/tenis\/wp-content\/uploads\/2015\/08\/Cesar.Dani_.Trofeo-1024x575.jpg\" alt=\"Cesar.Dani.Trofeo\" width=\"584\" height=\"328\" srcset=\"https:\/\/tenislastorres.com\/tenis\/wp-content\/uploads\/2015\/08\/Cesar.Dani_.Trofeo-1024x575.jpg 1024w, https:\/\/tenislastorres.com\/tenis\/wp-content\/uploads\/2015\/08\/Cesar.Dani_.Trofeo-300x168.jpg 300w, https:\/\/tenislastorres.com\/tenis\/wp-content\/uploads\/2015\/08\/Cesar.Dani_.Trofeo-500x281.jpg 500w\" sizes=\"auto, (max-width: 584px) 100vw, 584px\" \/><br \/>\n<\/a><a href=\"https:\/\/tenislastorres.com\/tenis\/wp-content\/uploads\/2015\/08\/Galardonados.Final_.I.jpg\"><img loading=\"lazy\" decoding=\"async\" class=\"alignnone wp-image-1901 size-large\" src=\"https:\/\/tenislastorres.com\/tenis\/wp-content\/uploads\/2015\/08\/Galardonados.Final_.I-1024x575.jpg\" alt=\"Galardonados.Final.I\" width=\"584\" height=\"328\" srcset=\"https:\/\/tenislastorres.com\/tenis\/wp-content\/uploads\/2015\/08\/Galardonados.Final_.I-1024x575.jpg 1024w, https:\/\/tenislastorres.com\/tenis\/wp-content\/uploads\/2015\/08\/Galardonados.Final_.I-300x168.jpg 300w, https:\/\/tenislastorres.com\/tenis\/wp-content\/uploads\/2015\/08\/Galardonados.Final_.I-500x281.jpg 500w\" sizes=\"auto, (max-width: 584px) 100vw, 584px\" \/><\/a><a href=\"https:\/\/tenislastorres.com\/tenis\/wp-content\/uploads\/2015\/08\/Cesar.Dani_.Trofeo.jpg\"><br \/>\n<\/a><\/p>\n","protected":false},"excerpt":{"rendered":"<p>Entretenidos y emocionantes partidos los ofrecidos por los finalistas del Trofeo Fiestas de Tenis 2015, entre Abel Garc\u00eda y Adri\u00e1n S\u00e1nchez en modalidad absoluta, y Luis Fern\u00e1ndez y Angel Abell\u00e1n en modalidad \u00abconsolaci\u00f3n\u00bb.\u00a0 En absoluto, el bicampe\u00f3n de la liga y anteriores trofeos de Fiestas, Abel Garc\u00eda, se impuso a Adri\u00e1n S\u00e1nchez en un buen &hellip; <a href=\"https:\/\/tenislastorres.com\/tenis\/2015\/08\/abel-garcia-y-luis-fernandez-ganan-el-fiestas-de-tenis15\/\" class=\"more-link\">Seguir leyendo <span class=\"screen-reader-text\">Abel Garc\u00eda y Luis Fern\u00e1ndez ganan el Fiestas de Tenis&#8217;15<\/span> <span class=\"meta-nav\">&rarr;<\/span><\/a><\/p>\n","protected":false},"author":2,"featured_media":0,"comment_status":"closed","ping_status":"closed","sticky":false,"template":"","format":"standard","meta":{"footnotes":""},"categories":[3],"tags":[],"class_list":["post-1889","post","type-post","status-publish","format-standard","hentry","category-noticias"],"_links":{"self":[{"href":"https:\/\/tenislastorres.com\/tenis\/wp-json\/wp\/v2\/posts\/1889","targetHints":{"allow":["GET"]}}],"collection":[{"href":"https:\/\/tenislastorres.com\/tenis\/wp-json\/wp\/v2\/posts"}],"about":[{"href":"https:\/\/tenislastorres.com\/tenis\/wp-json\/wp\/v2\/types\/post"}],"author":[{"embeddable":true,"href":"https:\/\/tenislastorres.com\/tenis\/wp-json\/wp\/v2\/users\/2"}],"replies":[{"embeddable":true,"href":"https:\/\/tenislastorres.com\/tenis\/wp-json\/wp\/v2\/comments?post=1889"}],"version-history":[{"count":5,"href":"https:\/\/tenislastorres.com\/tenis\/wp-json\/wp\/v2\/posts\/1889\/revisions"}],"predecessor-version":[{"id":1903,"href":"https:\/\/tenislastorres.com\/tenis\/wp-json\/wp\/v2\/posts\/1889\/revisions\/1903"}],"wp:attachment":[{"href":"https:\/\/tenislastorres.com\/tenis\/wp-json\/wp\/v2\/media?parent=1889"}],"wp:term":[{"taxonomy":"category","embeddable":true,"href":"https:\/\/tenislastorres.com\/tenis\/wp-json\/wp\/v2\/categories?post=1889"},{"taxonomy":"post_tag","embeddable":true,"href":"https:\/\/tenislastorres.com\/tenis\/wp-json\/wp\/v2\/tags?post=1889"}],"curies":[{"name":"wp","href":"https:\/\/api.w.org\/{rel}","templated":true}]}}