{"id":1883,"date":"2015-08-29T12:31:16","date_gmt":"2015-08-29T10:31:16","guid":{"rendered":"http:\/\/tenislastorres.com\/tenis\/?p=1883"},"modified":"2025-07-31T08:52:22","modified_gmt":"2025-07-31T07:52:22","slug":"semifinales-de-lujo-en-el-fiestas-de-tenis","status":"publish","type":"post","link":"https:\/\/tenislastorres.com\/tenis\/2015\/08\/semifinales-de-lujo-en-el-fiestas-de-tenis\/","title":{"rendered":"Semifinales de lujo en el Fiestas de Tenis"},"content":{"rendered":"<p style=\"text-align: justify;\"><span style=\"color: #800000;\">Ya se conocen los finalistas del Torneo Fiestas de Tenis 2015; en modalidad absoluta, <strong>Adri\u00e1n S\u00e1nchez<\/strong> venci\u00f3 al joven torre\u00f1o, <strong>Dani Ca\u00f1ete<\/strong>, por 6\/1 6\/2 en un partido de toma y daca, sin especulaciones, donde la experiencia de S\u00e1nchez se hizo notar en los momentos cruciales.\u00a0<\/span><br \/>\n<span style=\"color: #800000;\">En la otra semifinal <strong>Abel Garc\u00eda<\/strong> se impuso el tambi\u00e9n joven de Santomera, <strong>David<\/strong> <strong>Beltr\u00e1n<\/strong>, por un 6\/0 6\/2, con notable superioridad de Abel en todo el partido, en el que David evidenci\u00f3 su falta de partidos en las \u00faltimas fechas.\u00a0<\/span><br \/>\n<a href=\"https:\/\/tenislastorres.com\/tenis\/wp-content\/uploads\/2015\/08\/Ca\u00f1ete.Adrian.jpg\"><img loading=\"lazy\" decoding=\"async\" class=\"alignnone wp-image-1884 size-medium\" src=\"https:\/\/tenislastorres.com\/tenis\/wp-content\/uploads\/2015\/08\/Ca\u00f1ete.Adrian-225x300.jpg\" alt=\"Ca\u00f1ete.Adrian\" width=\"225\" height=\"300\" srcset=\"https:\/\/tenislastorres.com\/tenis\/wp-content\/uploads\/2015\/08\/Ca\u00f1ete.Adrian-225x300.jpg 225w, https:\/\/tenislastorres.com\/tenis\/wp-content\/uploads\/2015\/08\/Ca\u00f1ete.Adrian-768x1024.jpg 768w, https:\/\/tenislastorres.com\/tenis\/wp-content\/uploads\/2015\/08\/Ca\u00f1ete.Adrian.jpg 1944w\" sizes=\"auto, (max-width: 225px) 100vw, 225px\" \/>\u00a0<\/a><a href=\"https:\/\/tenislastorres.com\/tenis\/wp-content\/uploads\/2015\/08\/Abel.David_.jpg\"><img loading=\"lazy\" decoding=\"async\" class=\"alignnone size-medium wp-image-1885\" src=\"https:\/\/tenislastorres.com\/tenis\/wp-content\/uploads\/2015\/08\/Abel.David_-225x300.jpg\" alt=\"Abel.David\" width=\"225\" height=\"300\" srcset=\"https:\/\/tenislastorres.com\/tenis\/wp-content\/uploads\/2015\/08\/Abel.David_-225x300.jpg 225w, https:\/\/tenislastorres.com\/tenis\/wp-content\/uploads\/2015\/08\/Abel.David_-768x1024.jpg 768w, https:\/\/tenislastorres.com\/tenis\/wp-content\/uploads\/2015\/08\/Abel.David_.jpg 1944w\" sizes=\"auto, (max-width: 225px) 100vw, 225px\" \/><\/a><a href=\"https:\/\/tenislastorres.com\/tenis\/wp-content\/uploads\/2015\/08\/Ca\u00f1ete.Adrian.jpg\"><br \/>\n<\/a>\u00a0<em>Dani Ca\u00f1ete y Adri\u00e1n S\u00e1nchez \u00a0 \u00a0 \u00a0 \u00a0 \u00a0 \u00a0 Abel Garc\u00eda y David Beltr\u00e1n<\/p>\n<p><span style=\"color: #800000;\">En la modalidad \u00ab<span style=\"text-decoration: underline;\">consolaci\u00f3n<\/span>\u00ab, el joven local <strong>Luis Fern\u00e1ndez Corbal\u00e1n<\/strong> se deshizo con facilidad del correoso <strong>C\u00e9sar Ortega<\/strong>, por un 6\/0 6\/2, \u00a0que nada pudo hacer por neutralizar la avalancha de buen juego de Fern\u00e1ndez Corbal\u00e1n, convirti\u00e9ndose as\u00ed en el primer finalista, para enfrentarse al ganador del siguiente partido entre el veterano de LLano de Brujas, <strong>Angel Abell\u00e1n<\/strong>, y el molinense <strong>Daniel G\u00f3mez<\/strong>; venci\u00f3 el primero, no sin problemas, por 6\/1 6\/4 en dos horas de partido.<\/p>\n<p><a href=\"https:\/\/tenislastorres.com\/tenis\/wp-content\/uploads\/2015\/08\/Luis.Cesar_.jpg\"><img loading=\"lazy\" decoding=\"async\" class=\"alignnone size-medium wp-image-1886\" src=\"https:\/\/tenislastorres.com\/tenis\/wp-content\/uploads\/2015\/08\/Luis.Cesar_-225x300.jpg\" alt=\"Luis.Cesar\" width=\"225\" height=\"300\" srcset=\"https:\/\/tenislastorres.com\/tenis\/wp-content\/uploads\/2015\/08\/Luis.Cesar_-225x300.jpg 225w, https:\/\/tenislastorres.com\/tenis\/wp-content\/uploads\/2015\/08\/Luis.Cesar_-768x1024.jpg 768w, https:\/\/tenislastorres.com\/tenis\/wp-content\/uploads\/2015\/08\/Luis.Cesar_.jpg 1944w\" sizes=\"auto, (max-width: 225px) 100vw, 225px\" \/><\/a>\u00a0\u00a0<a href=\"https:\/\/tenislastorres.com\/tenis\/wp-content\/uploads\/2015\/08\/Abellan.DaniGomez.jpg\"><img loading=\"lazy\" decoding=\"async\" class=\"alignnone size-medium wp-image-1887\" src=\"https:\/\/tenislastorres.com\/tenis\/wp-content\/uploads\/2015\/08\/Abellan.DaniGomez-225x300.jpg\" alt=\"Abellan.DaniGomez\" width=\"225\" height=\"300\" srcset=\"https:\/\/tenislastorres.com\/tenis\/wp-content\/uploads\/2015\/08\/Abellan.DaniGomez-225x300.jpg 225w, https:\/\/tenislastorres.com\/tenis\/wp-content\/uploads\/2015\/08\/Abellan.DaniGomez-768x1024.jpg 768w, https:\/\/tenislastorres.com\/tenis\/wp-content\/uploads\/2015\/08\/Abellan.DaniGomez.jpg 1944w\" sizes=\"auto, (max-width: 225px) 100vw, 225px\" \/><\/a><br \/>\n<\/span>\u00a0 Luis Fern\u00e1ndez y C\u00e9sar Ortega \u00a0 \u00a0 \u00a0 \u00a0 \u00a0 \u00a0Angel Abell\u00e1n y Dani G\u00f3mez<\/em><\/p>\n","protected":false},"excerpt":{"rendered":"<p>Ya se conocen los finalistas del Torneo Fiestas de Tenis 2015; en modalidad absoluta, Adri\u00e1n S\u00e1nchez venci\u00f3 al joven torre\u00f1o, Dani Ca\u00f1ete, por 6\/1 6\/2 en un partido de toma y daca, sin especulaciones, donde la experiencia de S\u00e1nchez se hizo notar en los momentos cruciales.\u00a0 En la otra semifinal Abel Garc\u00eda se impuso el &hellip; <a href=\"https:\/\/tenislastorres.com\/tenis\/2015\/08\/semifinales-de-lujo-en-el-fiestas-de-tenis\/\" class=\"more-link\">Seguir leyendo <span class=\"screen-reader-text\">Semifinales de lujo en el Fiestas de Tenis<\/span> <span class=\"meta-nav\">&rarr;<\/span><\/a><\/p>\n","protected":false},"author":2,"featured_media":0,"comment_status":"closed","ping_status":"closed","sticky":false,"template":"","format":"standard","meta":{"footnotes":""},"categories":[3],"tags":[],"class_list":["post-1883","post","type-post","status-publish","format-standard","hentry","category-noticias"],"_links":{"self":[{"href":"https:\/\/tenislastorres.com\/tenis\/wp-json\/wp\/v2\/posts\/1883","targetHints":{"allow":["GET"]}}],"collection":[{"href":"https:\/\/tenislastorres.com\/tenis\/wp-json\/wp\/v2\/posts"}],"about":[{"href":"https:\/\/tenislastorres.com\/tenis\/wp-json\/wp\/v2\/types\/post"}],"author":[{"embeddable":true,"href":"https:\/\/tenislastorres.com\/tenis\/wp-json\/wp\/v2\/users\/2"}],"replies":[{"embeddable":true,"href":"https:\/\/tenislastorres.com\/tenis\/wp-json\/wp\/v2\/comments?post=1883"}],"version-history":[{"count":1,"href":"https:\/\/tenislastorres.com\/tenis\/wp-json\/wp\/v2\/posts\/1883\/revisions"}],"predecessor-version":[{"id":1888,"href":"https:\/\/tenislastorres.com\/tenis\/wp-json\/wp\/v2\/posts\/1883\/revisions\/1888"}],"wp:attachment":[{"href":"https:\/\/tenislastorres.com\/tenis\/wp-json\/wp\/v2\/media?parent=1883"}],"wp:term":[{"taxonomy":"category","embeddable":true,"href":"https:\/\/tenislastorres.com\/tenis\/wp-json\/wp\/v2\/categories?post=1883"},{"taxonomy":"post_tag","embeddable":true,"href":"https:\/\/tenislastorres.com\/tenis\/wp-json\/wp\/v2\/tags?post=1883"}],"curies":[{"name":"wp","href":"https:\/\/api.w.org\/{rel}","templated":true}]}}