{"id":1867,"date":"2015-08-22T01:44:31","date_gmt":"2015-08-21T23:44:31","guid":{"rendered":"http:\/\/tenislastorres.com\/tenis\/?p=1867"},"modified":"2025-07-31T08:52:22","modified_gmt":"2025-07-31T07:52:22","slug":"tenis-de-alto-nivel-en-los-14-final","status":"publish","type":"post","link":"https:\/\/tenislastorres.com\/tenis\/2015\/08\/tenis-de-alto-nivel-en-los-14-final\/","title":{"rendered":"Tenis de alto nivel en los 1\/4 final"},"content":{"rendered":"<p style=\"text-align: justify;\"><span style=\"color: #800000;\">En el d\u00eda de hoy, viernes, se han disputado 3 de los 4 partidos de 1\/4 final del torneo de las Fiestas de Tenis-15; tenis de alto nivel el exhibido entre los cuartofinalistas del torneo, con incertidumbre del resultado en parte de ellos.<\/span><br \/>\n<span style=\"color: #800000;\"> El cabeza de serie n\u00ba 1, <strong>Abel Garc\u00eda<\/strong>, venci\u00f3 al manchego, afincado en Cartagena, <strong>Jos\u00e9<\/strong> <strong>Carlos Rico<\/strong>, por 6\/2 6\/0, donde Rico no supo aprovechar las ventajas que tuvo en casi todos los juegos del primer set; esto propici\u00f3 que se fuera del partido y regalara la segunda manga en apenas 20 minutos. Buen torneo el de Jos\u00e9 Carlos, y Abel haciendo buena su condici\u00f3n de favorito.<\/span><br \/>\n<a href=\"https:\/\/tenislastorres.com\/tenis\/wp-content\/uploads\/2015\/08\/Rico.Abel_.I.jpg\"><br \/>\n<\/a><a href=\"https:\/\/tenislastorres.com\/tenis\/wp-content\/uploads\/2015\/08\/Rico.Abel_.I.jpg\"><img loading=\"lazy\" decoding=\"async\" class=\"alignnone wp-image-1868 size-large\" src=\"https:\/\/tenislastorres.com\/tenis\/wp-content\/uploads\/2015\/08\/Rico.Abel_.I-575x1024.jpg\" alt=\"Rico.Abel.I\" width=\"575\" height=\"1024\" srcset=\"https:\/\/tenislastorres.com\/tenis\/wp-content\/uploads\/2015\/08\/Rico.Abel_.I-575x1024.jpg 575w, https:\/\/tenislastorres.com\/tenis\/wp-content\/uploads\/2015\/08\/Rico.Abel_.I-168x300.jpg 168w\" sizes=\"auto, (max-width: 575px) 100vw, 575px\" \/><\/a>\u00a0 \u00a0<em>Jos\u00e9 Carlos Rico y Abel Garc\u00eda<\/em><\/p>\n<p style=\"text-align: justify;\"><span style=\"color: #800000;\"><strong>Jos\u00e9 Antonio Granados<\/strong> y el joven de 15 a\u00f1os, <strong>David Beltr\u00e1n<\/strong>, se disputaron el pase a semifinales en otro gran partido que tuvo que dilucidarse en 3 set despu\u00e9s de 2 horas de partido. La primera manga fue para el santomerano <strong>David Beltr\u00e1n<\/strong> por 6\/4, con alternativas en el juego, pero con m\u00e1s acierto que su rival. El 2\u00ba set se lo llev\u00f3 <strong>Granados<\/strong> en el tie-breack (10-8), despu\u00e9s de no cerrar el set con su ventaja de 6-5 al resto.<\/span><br \/>\n<span style=\"color: #800000;\"> Y en el tercero y definitivo fue <strong>Beltr\u00e1n<\/strong> quien supo aprovecharse del cansancio de su rival, y con un poco m\u00e1s de acierto que en los dos set anteriores, acab\u00f3 por apunt\u00e1rselo con un 6\/2.<\/span><br \/>\n<a href=\"https:\/\/tenislastorres.com\/tenis\/wp-content\/uploads\/2015\/08\/David.Granados.I.jpg\"><img loading=\"lazy\" decoding=\"async\" class=\"alignnone wp-image-1870 size-large\" src=\"https:\/\/tenislastorres.com\/tenis\/wp-content\/uploads\/2015\/08\/David.Granados.I-575x1024.jpg\" alt=\"David.Granados.I\" width=\"575\" height=\"1024\" srcset=\"https:\/\/tenislastorres.com\/tenis\/wp-content\/uploads\/2015\/08\/David.Granados.I-575x1024.jpg 575w, https:\/\/tenislastorres.com\/tenis\/wp-content\/uploads\/2015\/08\/David.Granados.I-168x300.jpg 168w\" sizes=\"auto, (max-width: 575px) 100vw, 575px\" \/><br \/>\n<\/a>\u00a0 <em>David Beltr\u00e1n y Jos\u00e9 A. Granados<\/em><\/p>\n<p style=\"text-align: justify;\"><span style=\"color: #800000;\">Y en el tercer partido de la tarde, <strong>Dani Ca\u00f1ete<\/strong> (3) y <strong>Dami\u00e1n S\u00e1nchez<\/strong> (6) ofrecieron un sensacional partido demostrando ambos jugadores el por qu\u00e9 de su condici\u00f3n de favoritos. Se enfrentaban la juventud contra la experiencia, pero hablando un mismo idioma: el buen tenis.<\/span><br \/>\n<span style=\"color: #800000;\"> El que tuvo retuvo, y el que tiene ilusi\u00f3n, bien que tiene su premio; esto se podr\u00eda decir de estos dos buenos tenistas donde cualquiera pod\u00eda haber ganado el partido.<\/span><br \/>\n<span style=\"color: #800000;\"> <strong>Dami\u00e1n S\u00e1nchez<\/strong>, m\u00e1s centrado en la pista que su rival en el primer set, se lo anot\u00f3 en apenas 30 minutos por un claro 6\/1 de manera incontestable;\u00a0<strong>Dani<\/strong> ve\u00eda c\u00f3mo el vendaval se lo llevaba para adelante. Pero tirando de garra, y aprovechando un baj\u00f3n de su rival en los comienzos del 2\u00ba set, se puso por delante con un 3-0 lo cual le sirvi\u00f3 para coger confianza y anotarse el mismo por 6\/3. Todo quedaba en el aire.<\/span><br \/>\n<span style=\"color: #800000;\"> Y si en los dos primeros set los intercambios eran obuses por parte de ambos jugadores, buscando las l\u00edneas soltando el brazo, en el tercero y definitivo no se amilanaron y nos dieron un festival de buen tenis sin especulaciones. <strong>Dani<\/strong> cogi\u00f3 una ventaja de 3-1 que<\/span> <span style=\"color: #800000;\">enseguida igual\u00f3 su rival, para llegar al final del set muy igualados. S\u00e1nchez pudo haber conseguido el empate a 5 despu\u00e9s de ponerse 30-0 con dos bonitas dejadas, pero no supo precisar un par de golpes, lo cual propici\u00f3 que Ca\u00f1ete aprovechara la 3\u00aa bola de partido para finiquitarlo y meterse as\u00ed en semis ante Adri\u00e1n S\u00e1nchez (7)<\/span><br \/>\n<a href=\"https:\/\/tenislastorres.com\/tenis\/wp-content\/uploads\/2015\/08\/Ca\u00f1ete.Damian.I.jpg\"><img loading=\"lazy\" decoding=\"async\" class=\"alignnone wp-image-1871 size-large\" src=\"https:\/\/tenislastorres.com\/tenis\/wp-content\/uploads\/2015\/08\/Ca\u00f1ete.Damian.I-575x1024.jpg\" alt=\"Ca\u00f1ete.Damian.I\" width=\"575\" height=\"1024\" srcset=\"https:\/\/tenislastorres.com\/tenis\/wp-content\/uploads\/2015\/08\/Ca\u00f1ete.Damian.I-575x1024.jpg 575w, https:\/\/tenislastorres.com\/tenis\/wp-content\/uploads\/2015\/08\/Ca\u00f1ete.Damian.I-168x300.jpg 168w\" sizes=\"auto, (max-width: 575px) 100vw, 575px\" \/><br \/>\n<\/a>\u00a0 <em>Dani Ca\u00f1ete y Dami\u00e1n S\u00e1nchez<\/em><\/p>\n<p><span style=\"color: #800000;\">En el 4\u00ba partido de 1\/4, <strong>Adri\u00e1n<\/strong> <strong>S\u00e1nchez<\/strong> (7) venci\u00f3 a <strong>Jorge Radrig\u00e1n<\/strong> 6\/2 6\/1 en un gran partido de toma y daca, donde Adri\u00e1n no dej\u00f3 pensar a su rival y se anot\u00f3 la mayor\u00eda de los juegos; quiz\u00e1s el marcador no refleje lo acontecido en la pista, pero el ir abajo en el marcador fue un h\u00e1ndicap para Jorge que no pudo ni supo contrarrestar el buen juego de su rival.<br \/>\n<a href=\"https:\/\/tenislastorres.com\/tenis\/wp-content\/uploads\/2015\/08\/Jorge.Adrian.jpg\"><img loading=\"lazy\" decoding=\"async\" class=\"alignnone wp-image-1881 size-large\" src=\"https:\/\/tenislastorres.com\/tenis\/wp-content\/uploads\/2015\/08\/Jorge.Adrian-768x1024.jpg\" alt=\"Jorge.Adrian\" width=\"584\" height=\"779\" srcset=\"https:\/\/tenislastorres.com\/tenis\/wp-content\/uploads\/2015\/08\/Jorge.Adrian-768x1024.jpg 768w, https:\/\/tenislastorres.com\/tenis\/wp-content\/uploads\/2015\/08\/Jorge.Adrian-225x300.jpg 225w, https:\/\/tenislastorres.com\/tenis\/wp-content\/uploads\/2015\/08\/Jorge.Adrian.jpg 1944w\" sizes=\"auto, (max-width: 584px) 100vw, 584px\" \/><br \/>\n<\/a>\u00a0<em>Jorge Radrig\u00e1n y Adri\u00e1n S\u00e1nchez<\/em><\/span><\/p>\n","protected":false},"excerpt":{"rendered":"<p>En el d\u00eda de hoy, viernes, se han disputado 3 de los 4 partidos de 1\/4 final del torneo de las Fiestas de Tenis-15; tenis de alto nivel el exhibido entre los cuartofinalistas del torneo, con incertidumbre del resultado en parte de ellos. El cabeza de serie n\u00ba 1, Abel Garc\u00eda, venci\u00f3 al manchego, afincado &hellip; <a href=\"https:\/\/tenislastorres.com\/tenis\/2015\/08\/tenis-de-alto-nivel-en-los-14-final\/\" class=\"more-link\">Seguir leyendo <span class=\"screen-reader-text\">Tenis de alto nivel en los 1\/4 final<\/span> <span class=\"meta-nav\">&rarr;<\/span><\/a><\/p>\n","protected":false},"author":2,"featured_media":0,"comment_status":"closed","ping_status":"closed","sticky":false,"template":"","format":"standard","meta":{"footnotes":""},"categories":[3],"tags":[],"class_list":["post-1867","post","type-post","status-publish","format-standard","hentry","category-noticias"],"_links":{"self":[{"href":"https:\/\/tenislastorres.com\/tenis\/wp-json\/wp\/v2\/posts\/1867","targetHints":{"allow":["GET"]}}],"collection":[{"href":"https:\/\/tenislastorres.com\/tenis\/wp-json\/wp\/v2\/posts"}],"about":[{"href":"https:\/\/tenislastorres.com\/tenis\/wp-json\/wp\/v2\/types\/post"}],"author":[{"embeddable":true,"href":"https:\/\/tenislastorres.com\/tenis\/wp-json\/wp\/v2\/users\/2"}],"replies":[{"embeddable":true,"href":"https:\/\/tenislastorres.com\/tenis\/wp-json\/wp\/v2\/comments?post=1867"}],"version-history":[{"count":7,"href":"https:\/\/tenislastorres.com\/tenis\/wp-json\/wp\/v2\/posts\/1867\/revisions"}],"predecessor-version":[{"id":1882,"href":"https:\/\/tenislastorres.com\/tenis\/wp-json\/wp\/v2\/posts\/1867\/revisions\/1882"}],"wp:attachment":[{"href":"https:\/\/tenislastorres.com\/tenis\/wp-json\/wp\/v2\/media?parent=1867"}],"wp:term":[{"taxonomy":"category","embeddable":true,"href":"https:\/\/tenislastorres.com\/tenis\/wp-json\/wp\/v2\/categories?post=1867"},{"taxonomy":"post_tag","embeddable":true,"href":"https:\/\/tenislastorres.com\/tenis\/wp-json\/wp\/v2\/tags?post=1867"}],"curies":[{"name":"wp","href":"https:\/\/api.w.org\/{rel}","templated":true}]}}