{"id":1851,"date":"2015-08-20T01:17:14","date_gmt":"2015-08-19T23:17:14","guid":{"rendered":"http:\/\/tenislastorres.com\/tenis\/?p=1851"},"modified":"2025-07-31T08:52:22","modified_gmt":"2025-07-31T07:52:22","slug":"buen-tenis-en-el-cuadro-absoluto","status":"publish","type":"post","link":"https:\/\/tenislastorres.com\/tenis\/2015\/08\/buen-tenis-en-el-cuadro-absoluto\/","title":{"rendered":"Buen tenis en la fase absoluta de 1\/8 final"},"content":{"rendered":"<p style=\"text-align: justify;\">En la tarde noche de hoy, mi\u00e9rcoles, se han disputados los 1\/8 de final en el cuadro absoluto del torneo de Tenis Fiestas 2015; partidos intensos y atractivos, aflorando el buen tenis en la mayor\u00eda de las raquetas que se dan cita en este torneo veraniego.<br \/>\n<span style=\"color: #800000;\">Abel Garc\u00eda (1) y Roberto Carlos<\/span> se disputaron la primera plaza para 1\/4, siendo el primero quien se impondr\u00eda por 7\/5 6\/3 en un equilibrado partido, y donde el joven Roberto le plant\u00f3 cara al doble campe\u00f3n de Master y ganador de los \u00faltimos torneos de Fiestas.<br \/>\nIgual de interesante y atractivo estuvo el <span style=\"color: #800000;\">Dami\u00e1n S\u00e1nchez (6) &amp; Jos\u00e9 Antonio D\u00f3lera<\/span>, dos j\u00f3venes, pero veteranos en estas lides, y que ofrecieron un partido de duros intercambios y golpes de aut\u00e9nticos maestros; l\u00e1stima que se cruzaran en cuartos, pues bien parec\u00eda una semi o final anticipada.<br \/>\nOtro partido m\u00e1s que emocionante fue el disputado por\u00a0<span style=\"color: #800000;\">Jos\u00e9 Tom\u00e1s Blaya (8) &amp; Jos\u00e9<\/span> <span style=\"color: #800000;\">Carlos Rico<\/span>, dos tenistas con un nivel de tenis alto, pegadores ambos, y que solvent\u00f3 el manchego Jos\u00e9 Carlos Rico por 6\/3 7\/5 en 2 horas y media; cualquier resultado se podr\u00eda haber dado, pero a veces la suerte decide, aunque no hay que quitarle m\u00e9rito alguno al ganador, cuya progresi\u00f3n es ascendentes en los \u00faltimos 6 meses.<br \/>\nM\u00e1s c\u00f3modos fueron los partidos de los tres cabezas de serie restantes: <span style=\"color: #800000;\">Jorge Radrig\u00e1n<\/span> (2) se impuso por un doble 6\/1 a <span style=\"color: #800000;\">Pedro Jos\u00e9 Ortu\u00f1o<\/span>; <span style=\"color: #800000;\">Dani Ca\u00f1ete<\/span> (3) le endos\u00f3 un doble 6\/0 al veterano de Santomera, <span style=\"color: #800000;\">Antonio Mart\u00ednez<\/span>, en apenas 50 minutos, y <span style=\"color: #800000;\">Adri\u00e1n S\u00e1nchez<\/span> (7) gan\u00f3 al bullense <span style=\"color: #800000;\">Paco Ruiz<\/span> por 6\/1 6\/4 en un buen partido donde el cansancio hizo doblegar a Ruiz, sin confianza en s\u00ed mismo.<br \/>\n<span style=\"color: #800000;\">Victor Rivera<\/span> (4) no se present\u00f3 ante J<span style=\"color: #800000;\">os\u00e9 Antonio Granados<\/span>, pasando \u00e9ste a 1\/4 tras aplicarle wo a su rival, y para ma\u00f1ana Jueves queda el <span style=\"color: #800000;\">David Beltr\u00e1n<\/span> (5) &amp; <span style=\"color: #800000;\">Pepe Mart\u00ednez<\/span>, quien esta tarde se ha impuesto en 3 set a <span style=\"color: #800000;\">Dani T\u00e9var <span style=\"color: #000000;\">en partido de 1\/8 final<\/span>,<\/span> por 6\/3 3\/6 6\/3, y de donde saldr\u00e1 el 8\u00ba cuartofinalista.<br \/>\nLos partidos de 1\/4 quedan as\u00ed:<br \/>\n* <span style=\"color: #ff0000;\">Abel Garc\u00eda &amp; Jos\u00e9 Carlos Rico<\/span><br \/>\n<span style=\"color: #ff0000;\">* Jos\u00e9 Ant. Granados &amp; vencedor David Beltr\u00e1n-Pepe Mart\u00ednez<\/span><br \/>\n<span style=\"color: #ff0000;\">* Dani Ca\u00f1ete &amp; Dami\u00e1n S\u00e1nchez<\/span><br \/>\n<span style=\"color: #ff0000;\">* Adri\u00e1n S\u00e1nchez &amp; Jorge Radrig\u00e1n<\/p>\n<p><a href=\"https:\/\/tenislastorres.com\/tenis\/wp-content\/uploads\/2015\/08\/Abel.Roberto.II_.jpg\"><img loading=\"lazy\" decoding=\"async\" class=\"alignnone wp-image-1854 size-large\" src=\"https:\/\/tenislastorres.com\/tenis\/wp-content\/uploads\/2015\/08\/Abel.Roberto.II_-1024x575.jpg\" alt=\"Abel.Roberto.II\" width=\"584\" height=\"328\" srcset=\"https:\/\/tenislastorres.com\/tenis\/wp-content\/uploads\/2015\/08\/Abel.Roberto.II_-1024x575.jpg 1024w, https:\/\/tenislastorres.com\/tenis\/wp-content\/uploads\/2015\/08\/Abel.Roberto.II_-300x168.jpg 300w, https:\/\/tenislastorres.com\/tenis\/wp-content\/uploads\/2015\/08\/Abel.Roberto.II_-500x281.jpg 500w\" sizes=\"auto, (max-width: 584px) 100vw, 584px\" \/><\/a>\u00a0<a href=\"https:\/\/tenislastorres.com\/tenis\/wp-content\/uploads\/2015\/08\/Dami\u00e1n.D\u00f3lera.jpg\"><img loading=\"lazy\" decoding=\"async\" class=\"alignnone wp-image-1855 size-large\" src=\"https:\/\/tenislastorres.com\/tenis\/wp-content\/uploads\/2015\/08\/Dami\u00e1n.D\u00f3lera-768x1024.jpg\" alt=\"Dami\u00e1n.D\u00f3lera\" width=\"584\" height=\"779\" srcset=\"https:\/\/tenislastorres.com\/tenis\/wp-content\/uploads\/2015\/08\/Dami\u00e1n.D\u00f3lera-768x1024.jpg 768w, https:\/\/tenislastorres.com\/tenis\/wp-content\/uploads\/2015\/08\/Dami\u00e1n.D\u00f3lera-225x300.jpg 225w, https:\/\/tenislastorres.com\/tenis\/wp-content\/uploads\/2015\/08\/Dami\u00e1n.D\u00f3lera.jpg 1944w\" sizes=\"auto, (max-width: 584px) 100vw, 584px\" \/><br \/>\n<\/a><a href=\"https:\/\/tenislastorres.com\/tenis\/wp-content\/uploads\/2015\/08\/Jos\u00e9-Tom\u00e1s.-Rico.II_.jpg\"><img loading=\"lazy\" decoding=\"async\" class=\"alignnone wp-image-1856 size-large\" src=\"https:\/\/tenislastorres.com\/tenis\/wp-content\/uploads\/2015\/08\/Jos\u00e9-Tom\u00e1s.-Rico.II_-1024x575.jpg\" alt=\"Jos\u00e9 Tom\u00e1s. Rico.II\" width=\"584\" height=\"328\" srcset=\"https:\/\/tenislastorres.com\/tenis\/wp-content\/uploads\/2015\/08\/Jos\u00e9-Tom\u00e1s.-Rico.II_-1024x575.jpg 1024w, https:\/\/tenislastorres.com\/tenis\/wp-content\/uploads\/2015\/08\/Jos\u00e9-Tom\u00e1s.-Rico.II_-300x168.jpg 300w, https:\/\/tenislastorres.com\/tenis\/wp-content\/uploads\/2015\/08\/Jos\u00e9-Tom\u00e1s.-Rico.II_-500x281.jpg 500w\" sizes=\"auto, (max-width: 584px) 100vw, 584px\" \/><br \/>\n<\/a><a href=\"https:\/\/tenislastorres.com\/tenis\/wp-content\/uploads\/2015\/08\/Radrig\u00e1n.Ortu\u00f1o.jpg\"><img loading=\"lazy\" decoding=\"async\" class=\"alignnone wp-image-1857 size-large\" src=\"https:\/\/tenislastorres.com\/tenis\/wp-content\/uploads\/2015\/08\/Radrig\u00e1n.Ortu\u00f1o-768x1024.jpg\" alt=\"Radrig\u00e1n.Ortu\u00f1o\" width=\"584\" height=\"779\" srcset=\"https:\/\/tenislastorres.com\/tenis\/wp-content\/uploads\/2015\/08\/Radrig\u00e1n.Ortu\u00f1o-768x1024.jpg 768w, https:\/\/tenislastorres.com\/tenis\/wp-content\/uploads\/2015\/08\/Radrig\u00e1n.Ortu\u00f1o-225x300.jpg 225w, https:\/\/tenislastorres.com\/tenis\/wp-content\/uploads\/2015\/08\/Radrig\u00e1n.Ortu\u00f1o.jpg 1944w\" sizes=\"auto, (max-width: 584px) 100vw, 584px\" \/><br \/>\n<\/a><a href=\"https:\/\/tenislastorres.com\/tenis\/wp-content\/uploads\/2015\/08\/Adri\u00e1n.Paco-Ruiz.jpg\"><img loading=\"lazy\" decoding=\"async\" class=\"alignnone wp-image-1858 size-large\" src=\"https:\/\/tenislastorres.com\/tenis\/wp-content\/uploads\/2015\/08\/Adri\u00e1n.Paco-Ruiz-768x1024.jpg\" alt=\"Adri\u00e1n.Paco Ruiz\" width=\"584\" height=\"779\" srcset=\"https:\/\/tenislastorres.com\/tenis\/wp-content\/uploads\/2015\/08\/Adri\u00e1n.Paco-Ruiz-768x1024.jpg 768w, https:\/\/tenislastorres.com\/tenis\/wp-content\/uploads\/2015\/08\/Adri\u00e1n.Paco-Ruiz-225x300.jpg 225w, https:\/\/tenislastorres.com\/tenis\/wp-content\/uploads\/2015\/08\/Adri\u00e1n.Paco-Ruiz.jpg 1944w\" sizes=\"auto, (max-width: 584px) 100vw, 584px\" \/><br \/>\n<\/a><a href=\"https:\/\/tenislastorres.com\/tenis\/wp-content\/uploads\/2015\/08\/Ca\u00f1ete.Antonio-Mtez.II_.jpg\"><img loading=\"lazy\" decoding=\"async\" class=\"alignnone wp-image-1859 size-large\" src=\"https:\/\/tenislastorres.com\/tenis\/wp-content\/uploads\/2015\/08\/Ca\u00f1ete.Antonio-Mtez.II_-1024x575.jpg\" alt=\"Ca\u00f1ete.Antonio Mtez.II\" width=\"584\" height=\"328\" srcset=\"https:\/\/tenislastorres.com\/tenis\/wp-content\/uploads\/2015\/08\/Ca\u00f1ete.Antonio-Mtez.II_-1024x575.jpg 1024w, https:\/\/tenislastorres.com\/tenis\/wp-content\/uploads\/2015\/08\/Ca\u00f1ete.Antonio-Mtez.II_-300x168.jpg 300w, https:\/\/tenislastorres.com\/tenis\/wp-content\/uploads\/2015\/08\/Ca\u00f1ete.Antonio-Mtez.II_-500x281.jpg 500w\" sizes=\"auto, (max-width: 584px) 100vw, 584px\" \/><br \/>\n<\/a><a href=\"https:\/\/tenislastorres.com\/tenis\/wp-content\/uploads\/2015\/08\/Dani-Tevar.Pepe-Mtez.II_.jpg\"><img loading=\"lazy\" decoding=\"async\" class=\"alignnone wp-image-1860 size-large\" src=\"https:\/\/tenislastorres.com\/tenis\/wp-content\/uploads\/2015\/08\/Dani-Tevar.Pepe-Mtez.II_-1024x575.jpg\" alt=\"Dani Tevar.Pepe Mtez.II\" width=\"584\" height=\"328\" srcset=\"https:\/\/tenislastorres.com\/tenis\/wp-content\/uploads\/2015\/08\/Dani-Tevar.Pepe-Mtez.II_-1024x575.jpg 1024w, https:\/\/tenislastorres.com\/tenis\/wp-content\/uploads\/2015\/08\/Dani-Tevar.Pepe-Mtez.II_-300x168.jpg 300w, https:\/\/tenislastorres.com\/tenis\/wp-content\/uploads\/2015\/08\/Dani-Tevar.Pepe-Mtez.II_-500x281.jpg 500w\" sizes=\"auto, (max-width: 584px) 100vw, 584px\" \/><\/a><br \/>\n<\/span><\/p>\n","protected":false},"excerpt":{"rendered":"<p>En la tarde noche de hoy, mi\u00e9rcoles, se han disputados los 1\/8 de final en el cuadro absoluto del torneo de Tenis Fiestas 2015; partidos intensos y atractivos, aflorando el buen tenis en la mayor\u00eda de las raquetas que se dan cita en este torneo veraniego. Abel Garc\u00eda (1) y Roberto Carlos se disputaron la &hellip; <a href=\"https:\/\/tenislastorres.com\/tenis\/2015\/08\/buen-tenis-en-el-cuadro-absoluto\/\" class=\"more-link\">Seguir leyendo <span class=\"screen-reader-text\">Buen tenis en la fase absoluta de 1\/8 final<\/span> <span class=\"meta-nav\">&rarr;<\/span><\/a><\/p>\n","protected":false},"author":2,"featured_media":0,"comment_status":"closed","ping_status":"closed","sticky":false,"template":"","format":"standard","meta":{"footnotes":""},"categories":[3],"tags":[],"class_list":["post-1851","post","type-post","status-publish","format-standard","hentry","category-noticias"],"_links":{"self":[{"href":"https:\/\/tenislastorres.com\/tenis\/wp-json\/wp\/v2\/posts\/1851","targetHints":{"allow":["GET"]}}],"collection":[{"href":"https:\/\/tenislastorres.com\/tenis\/wp-json\/wp\/v2\/posts"}],"about":[{"href":"https:\/\/tenislastorres.com\/tenis\/wp-json\/wp\/v2\/types\/post"}],"author":[{"embeddable":true,"href":"https:\/\/tenislastorres.com\/tenis\/wp-json\/wp\/v2\/users\/2"}],"replies":[{"embeddable":true,"href":"https:\/\/tenislastorres.com\/tenis\/wp-json\/wp\/v2\/comments?post=1851"}],"version-history":[{"count":3,"href":"https:\/\/tenislastorres.com\/tenis\/wp-json\/wp\/v2\/posts\/1851\/revisions"}],"predecessor-version":[{"id":1861,"href":"https:\/\/tenislastorres.com\/tenis\/wp-json\/wp\/v2\/posts\/1851\/revisions\/1861"}],"wp:attachment":[{"href":"https:\/\/tenislastorres.com\/tenis\/wp-json\/wp\/v2\/media?parent=1851"}],"wp:term":[{"taxonomy":"category","embeddable":true,"href":"https:\/\/tenislastorres.com\/tenis\/wp-json\/wp\/v2\/categories?post=1851"},{"taxonomy":"post_tag","embeddable":true,"href":"https:\/\/tenislastorres.com\/tenis\/wp-json\/wp\/v2\/tags?post=1851"}],"curies":[{"name":"wp","href":"https:\/\/api.w.org\/{rel}","templated":true}]}}