{"id":1839,"date":"2015-08-19T02:27:04","date_gmt":"2015-08-19T00:27:04","guid":{"rendered":"http:\/\/tenislastorres.com\/tenis\/?p=1839"},"modified":"2025-07-31T08:52:22","modified_gmt":"2025-07-31T07:52:22","slug":"interesantes-partidos-en-la-2a-jornada","status":"publish","type":"post","link":"https:\/\/tenislastorres.com\/tenis\/2015\/08\/interesantes-partidos-en-la-2a-jornada\/","title":{"rendered":"Interesantes partidos en la 2\u00aa Jornada"},"content":{"rendered":"<p style=\"text-align: justify;\">Una vez disputada la 2\u00ba jornada del torneo Fiestas de Tenis, ya han quedado configurados los dos cuadros, tanto en <span style=\"text-decoration: underline;\">absoluto<\/span> como en <span style=\"text-decoration: underline;\">consolaci\u00f3n<\/span>.<br \/>\nInteresantes y competidos se han presentado los partidos de esta jornada con los siguientes resultados:<br \/>\n<strong>Dami\u00e1n S\u00e1nchez<\/strong> vence a Pedro Sales por 6\/1 6\/1, dos jugadores con mucha pegada.<br \/>\n<strong>Paco Ruiz<\/strong> vence a Daniel G\u00f3mez por 6\/1 6\/2, con juego en fondo de pista.<br \/>\n<strong>Adri\u00e1n S\u00e1nchez<\/strong> se impone a Gin\u00e9s Pern\u00edas por 6\/2 6\/1, en un partido de intercambios y control por parte de Adri\u00e1n.<br \/>\n<strong>Pedro J. Ortu\u00f1o<\/strong> vence a Sergio Guerrero por 6\/4 7\/6 (4) en un partido igualado.<br \/>\nJ<strong>os\u00e9 Antonio Granados<\/strong> vence a C\u00e9sar Ortega por 6\/3 6\/0 con autoridad y sin dar tregua a su rival.<br \/>\nY <strong>Jos\u00e9 Antonio D\u00f3lera<\/strong> \u00a0se impone, no sin esfuerzo, a Angel Abell\u00e1n en tres set, 6\/3 5\/7 6\/1, en un partido de m\u00e1xima igualdad e incertidumbre.<br \/>\n<a href=\"https:\/\/tenislastorres.com\/tenis\/wp-content\/uploads\/2015\/08\/IMG_20150818_190405.jpg\"><img loading=\"lazy\" decoding=\"async\" class=\"alignnone size-medium wp-image-1843\" src=\"https:\/\/tenislastorres.com\/tenis\/wp-content\/uploads\/2015\/08\/IMG_20150818_190405-225x300.jpg\" alt=\"IMG_20150818_190405\" width=\"225\" height=\"300\" srcset=\"https:\/\/tenislastorres.com\/tenis\/wp-content\/uploads\/2015\/08\/IMG_20150818_190405-225x300.jpg 225w, https:\/\/tenislastorres.com\/tenis\/wp-content\/uploads\/2015\/08\/IMG_20150818_190405-768x1024.jpg 768w, https:\/\/tenislastorres.com\/tenis\/wp-content\/uploads\/2015\/08\/IMG_20150818_190405.jpg 1944w\" sizes=\"auto, (max-width: 225px) 100vw, 225px\" \/><\/a>\u00a0<a href=\"https:\/\/tenislastorres.com\/tenis\/wp-content\/uploads\/2015\/08\/IMG_20150818_190516.jpg\"><img loading=\"lazy\" decoding=\"async\" class=\"alignnone size-medium wp-image-1844\" src=\"https:\/\/tenislastorres.com\/tenis\/wp-content\/uploads\/2015\/08\/IMG_20150818_190516-225x300.jpg\" alt=\"IMG_20150818_190516\" width=\"225\" height=\"300\" srcset=\"https:\/\/tenislastorres.com\/tenis\/wp-content\/uploads\/2015\/08\/IMG_20150818_190516-225x300.jpg 225w, https:\/\/tenislastorres.com\/tenis\/wp-content\/uploads\/2015\/08\/IMG_20150818_190516-768x1024.jpg 768w, https:\/\/tenislastorres.com\/tenis\/wp-content\/uploads\/2015\/08\/IMG_20150818_190516.jpg 1944w\" sizes=\"auto, (max-width: 225px) 100vw, 225px\" \/><\/a><br \/>\nDani G\u00f3mez y Paco Ruiz \u00a0 \u00a0 \u00a0 \u00a0 \u00a0 \u00a0 \u00a0 \u00a0 \u00a0 \u00a0 \u00a0Angel Abell\u00e1n y Jos\u00e9 Ant. D\u00f3lera<br \/>\n<a href=\"https:\/\/tenislastorres.com\/tenis\/wp-content\/uploads\/2015\/08\/IMG_20150818_205245.jpg\"><img loading=\"lazy\" decoding=\"async\" class=\"alignnone size-medium wp-image-1845\" src=\"https:\/\/tenislastorres.com\/tenis\/wp-content\/uploads\/2015\/08\/IMG_20150818_205245-225x300.jpg\" alt=\"IMG_20150818_205245\" width=\"225\" height=\"300\" srcset=\"https:\/\/tenislastorres.com\/tenis\/wp-content\/uploads\/2015\/08\/IMG_20150818_205245-225x300.jpg 225w, https:\/\/tenislastorres.com\/tenis\/wp-content\/uploads\/2015\/08\/IMG_20150818_205245-768x1024.jpg 768w, https:\/\/tenislastorres.com\/tenis\/wp-content\/uploads\/2015\/08\/IMG_20150818_205245.jpg 1944w\" sizes=\"auto, (max-width: 225px) 100vw, 225px\" \/><\/a><a href=\"https:\/\/tenislastorres.com\/tenis\/wp-content\/uploads\/2015\/08\/IMG_20150818_211254.jpg\"><img loading=\"lazy\" decoding=\"async\" class=\"alignnone size-medium wp-image-1846\" src=\"https:\/\/tenislastorres.com\/tenis\/wp-content\/uploads\/2015\/08\/IMG_20150818_211254-225x300.jpg\" alt=\"IMG_20150818_211254\" width=\"225\" height=\"300\" srcset=\"https:\/\/tenislastorres.com\/tenis\/wp-content\/uploads\/2015\/08\/IMG_20150818_211254-225x300.jpg 225w, https:\/\/tenislastorres.com\/tenis\/wp-content\/uploads\/2015\/08\/IMG_20150818_211254-768x1024.jpg 768w, https:\/\/tenislastorres.com\/tenis\/wp-content\/uploads\/2015\/08\/IMG_20150818_211254.jpg 1944w\" sizes=\"auto, (max-width: 225px) 100vw, 225px\" \/><\/a><br \/>\nAdri\u00e1n S\u00e1ncez y Gin\u00e9s Pern\u00edas \u00a0 \u00a0 \u00a0 \u00a0 \u00a0 Sergio Guerrero y Pedro J. Ortu\u00f1o<\/p>\n<p style=\"text-align: justify;\"><a href=\"https:\/\/tenislastorres.com\/tenis\/wp-content\/uploads\/2015\/08\/IMG_20150818_213400.jpg\"><img loading=\"lazy\" decoding=\"async\" class=\"alignnone size-medium wp-image-1847\" src=\"https:\/\/tenislastorres.com\/tenis\/wp-content\/uploads\/2015\/08\/IMG_20150818_213400-225x300.jpg\" alt=\"IMG_20150818_213400\" width=\"225\" height=\"300\" srcset=\"https:\/\/tenislastorres.com\/tenis\/wp-content\/uploads\/2015\/08\/IMG_20150818_213400-225x300.jpg 225w, https:\/\/tenislastorres.com\/tenis\/wp-content\/uploads\/2015\/08\/IMG_20150818_213400-768x1024.jpg 768w, https:\/\/tenislastorres.com\/tenis\/wp-content\/uploads\/2015\/08\/IMG_20150818_213400.jpg 1944w\" sizes=\"auto, (max-width: 225px) 100vw, 225px\" \/><\/a>\u00a0 \u00a0\u00a0<a href=\"https:\/\/tenislastorres.com\/tenis\/wp-content\/uploads\/2015\/08\/IMG_20150818_191338.jpg\"><img loading=\"lazy\" decoding=\"async\" class=\"alignnone size-medium wp-image-1841\" src=\"https:\/\/tenislastorres.com\/tenis\/wp-content\/uploads\/2015\/08\/IMG_20150818_191338-225x300.jpg\" alt=\"Dami\u00e1n Schez y Pedro Sales\" width=\"225\" height=\"300\" srcset=\"https:\/\/tenislastorres.com\/tenis\/wp-content\/uploads\/2015\/08\/IMG_20150818_191338-225x300.jpg 225w, https:\/\/tenislastorres.com\/tenis\/wp-content\/uploads\/2015\/08\/IMG_20150818_191338-768x1024.jpg 768w, https:\/\/tenislastorres.com\/tenis\/wp-content\/uploads\/2015\/08\/IMG_20150818_191338.jpg 1944w\" sizes=\"auto, (max-width: 225px) 100vw, 225px\" \/><br \/>\n<\/a>C\u00e9sar Ortega y Jos\u00e9 Ant. Granados \u00a0 \u00a0 \u00a0 \u00a0 \u00a0Dami\u00e1n S\u00e1nchez y Pedro A. Sales<\/p>\n","protected":false},"excerpt":{"rendered":"<p>Una vez disputada la 2\u00ba jornada del torneo Fiestas de Tenis, ya han quedado configurados los dos cuadros, tanto en absoluto como en consolaci\u00f3n. Interesantes y competidos se han presentado los partidos de esta jornada con los siguientes resultados: Dami\u00e1n S\u00e1nchez vence a Pedro Sales por 6\/1 6\/1, dos jugadores con mucha pegada. Paco Ruiz &hellip; <a href=\"https:\/\/tenislastorres.com\/tenis\/2015\/08\/interesantes-partidos-en-la-2a-jornada\/\" class=\"more-link\">Seguir leyendo <span class=\"screen-reader-text\">Interesantes partidos en la 2\u00aa Jornada<\/span> <span class=\"meta-nav\">&rarr;<\/span><\/a><\/p>\n","protected":false},"author":2,"featured_media":0,"comment_status":"closed","ping_status":"closed","sticky":false,"template":"","format":"standard","meta":{"footnotes":""},"categories":[1],"tags":[],"class_list":["post-1839","post","type-post","status-publish","format-standard","hentry","category-sin-categoria"],"_links":{"self":[{"href":"https:\/\/tenislastorres.com\/tenis\/wp-json\/wp\/v2\/posts\/1839","targetHints":{"allow":["GET"]}}],"collection":[{"href":"https:\/\/tenislastorres.com\/tenis\/wp-json\/wp\/v2\/posts"}],"about":[{"href":"https:\/\/tenislastorres.com\/tenis\/wp-json\/wp\/v2\/types\/post"}],"author":[{"embeddable":true,"href":"https:\/\/tenislastorres.com\/tenis\/wp-json\/wp\/v2\/users\/2"}],"replies":[{"embeddable":true,"href":"https:\/\/tenislastorres.com\/tenis\/wp-json\/wp\/v2\/comments?post=1839"}],"version-history":[{"count":4,"href":"https:\/\/tenislastorres.com\/tenis\/wp-json\/wp\/v2\/posts\/1839\/revisions"}],"predecessor-version":[{"id":1850,"href":"https:\/\/tenislastorres.com\/tenis\/wp-json\/wp\/v2\/posts\/1839\/revisions\/1850"}],"wp:attachment":[{"href":"https:\/\/tenislastorres.com\/tenis\/wp-json\/wp\/v2\/media?parent=1839"}],"wp:term":[{"taxonomy":"category","embeddable":true,"href":"https:\/\/tenislastorres.com\/tenis\/wp-json\/wp\/v2\/categories?post=1839"},{"taxonomy":"post_tag","embeddable":true,"href":"https:\/\/tenislastorres.com\/tenis\/wp-json\/wp\/v2\/tags?post=1839"}],"curies":[{"name":"wp","href":"https:\/\/api.w.org\/{rel}","templated":true}]}}