{"id":1824,"date":"2015-08-18T01:53:27","date_gmt":"2015-08-17T23:53:27","guid":{"rendered":"http:\/\/tenislastorres.com\/tenis\/?p=1824"},"modified":"2025-07-31T08:52:22","modified_gmt":"2025-07-31T07:52:22","slug":"granados-gana-el-consolacion-de-veteranos-de-torrevieja","status":"publish","type":"post","link":"https:\/\/tenislastorres.com\/tenis\/2015\/08\/granados-gana-el-consolacion-de-veteranos-de-torrevieja\/","title":{"rendered":"Granados gana el Consolaci\u00f3n de Veteranos de Torrevieja"},"content":{"rendered":"<figure id=\"attachment_1825\" aria-describedby=\"caption-attachment-1825\" style=\"width: 215px\" class=\"wp-caption alignnone\"><a href=\"https:\/\/tenislastorres.com\/tenis\/wp-content\/uploads\/2015\/08\/Granados.TorreviejaI.jpg\"><img loading=\"lazy\" decoding=\"async\" class=\"wp-image-1825 \" src=\"https:\/\/tenislastorres.com\/tenis\/wp-content\/uploads\/2015\/08\/Granados.TorreviejaI-169x300.jpg\" alt=\"Granados.TorreviejaI\" width=\"215\" height=\"382\" srcset=\"https:\/\/tenislastorres.com\/tenis\/wp-content\/uploads\/2015\/08\/Granados.TorreviejaI-169x300.jpg 169w, https:\/\/tenislastorres.com\/tenis\/wp-content\/uploads\/2015\/08\/Granados.TorreviejaI.jpg 540w\" sizes=\"auto, (max-width: 215px) 100vw, 215px\" \/><\/a><figcaption id=\"caption-attachment-1825\" class=\"wp-caption-text\">Granados y Vicente Su\u00e1rez, campe\u00f3n y subcampe\u00f3n del torneo<\/figcaption><\/figure>\n<figure id=\"attachment_1828\" aria-describedby=\"caption-attachment-1828\" style=\"width: 222px\" class=\"wp-caption alignnone\"><a href=\"https:\/\/tenislastorres.com\/tenis\/wp-content\/uploads\/2015\/08\/Granados.TorreviejaI-3.jpg\"><img loading=\"lazy\" decoding=\"async\" class=\"wp-image-1828 \" src=\"https:\/\/tenislastorres.com\/tenis\/wp-content\/uploads\/2015\/08\/Granados.TorreviejaI-3-169x300.jpg\" alt=\"Granados.TorreviejaI (3)\" width=\"222\" height=\"394\" srcset=\"https:\/\/tenislastorres.com\/tenis\/wp-content\/uploads\/2015\/08\/Granados.TorreviejaI-3-169x300.jpg 169w, https:\/\/tenislastorres.com\/tenis\/wp-content\/uploads\/2015\/08\/Granados.TorreviejaI-3-576x1024.jpg 576w, https:\/\/tenislastorres.com\/tenis\/wp-content\/uploads\/2015\/08\/Granados.TorreviejaI-3.jpg 900w\" sizes=\"auto, (max-width: 222px) 100vw, 222px\" \/><\/a><figcaption id=\"caption-attachment-1828\" class=\"wp-caption-text\">Ant. Mtez. Cascales, entrenador de Juan Carlos Ferrero, y Jos\u00e9 Ant. Granados.<\/figcaption><\/figure>\n<p><span style=\"color: #ff0000;\">Jos\u00e9 Antonio Granados se ha proclamado campe\u00f3n de veteranos+35 a\u00f1os en la mod. consolaci\u00f3n, en el torneo disputado en el Club de Tenis Torrevieja. En primera ronda perdi\u00f3 ante Francisco S\u00e1nchez S\u00e1nchez, antigua promesa del tenis de Torrevieja y criado ten\u00edsticamente en el Murcia Club de Tenis, por 6\/3 6\/4. En 1\/4 de \u00abconsolaci\u00f3n\u00bb venci\u00f3 a Antonio Cano por 6\/3 6\/4; en semifinales se impuso con facilidad a Joaqu\u00edn Serna por un doble 6\/0, para ganar la final a Vicente Su\u00e1rez por 6\/4 6\/4.<\/span><br \/>\n<a href=\"https:\/\/tenislastorres.com\/tenis\/wp-content\/uploads\/2015\/08\/Granados.TorreviejaI-2.jpg\"><img loading=\"lazy\" decoding=\"async\" class=\"alignnone  wp-image-1826\" src=\"https:\/\/tenislastorres.com\/tenis\/wp-content\/uploads\/2015\/08\/Granados.TorreviejaI-2-300x225.jpg\" alt=\"Granados.TorreviejaI (2)\" width=\"401\" height=\"304\" \/><\/a><a href=\"https:\/\/tenislastorres.com\/tenis\/wp-content\/uploads\/2015\/08\/Granados.TorreviejaI-1.jpg\"><img loading=\"lazy\" decoding=\"async\" class=\"alignnone  wp-image-1827\" src=\"https:\/\/tenislastorres.com\/tenis\/wp-content\/uploads\/2015\/08\/Granados.TorreviejaI-1-300x169.jpg\" alt=\"Granados.TorreviejaI (1)\" width=\"405\" height=\"234\" \/><\/a><\/p>\n<p>&nbsp;<\/p>\n<p><span style=\"color: #ff0000;\">Buen torneo el disputado por el jugador de Alcantarilla, y socio de la ATT, Jos\u00e9 Antonio Granados, quien sigue llenando sus vitrinas de trofeos con raqueta en mano.<\/span><\/p>\n","protected":false},"excerpt":{"rendered":"<p>Jos\u00e9 Antonio Granados se ha proclamado campe\u00f3n de veteranos+35 a\u00f1os en la mod. consolaci\u00f3n, en el torneo disputado en el Club de Tenis Torrevieja. En primera ronda perdi\u00f3 ante Francisco S\u00e1nchez S\u00e1nchez, antigua promesa del tenis de Torrevieja y criado ten\u00edsticamente en el Murcia Club de Tenis, por 6\/3 6\/4. En 1\/4 de \u00abconsolaci\u00f3n\u00bb venci\u00f3 &hellip; <a href=\"https:\/\/tenislastorres.com\/tenis\/2015\/08\/granados-gana-el-consolacion-de-veteranos-de-torrevieja\/\" class=\"more-link\">Seguir leyendo <span class=\"screen-reader-text\">Granados gana el Consolaci\u00f3n de Veteranos de Torrevieja<\/span> <span class=\"meta-nav\">&rarr;<\/span><\/a><\/p>\n","protected":false},"author":2,"featured_media":0,"comment_status":"closed","ping_status":"closed","sticky":false,"template":"","format":"standard","meta":{"footnotes":""},"categories":[3],"tags":[],"class_list":["post-1824","post","type-post","status-publish","format-standard","hentry","category-noticias"],"_links":{"self":[{"href":"https:\/\/tenislastorres.com\/tenis\/wp-json\/wp\/v2\/posts\/1824","targetHints":{"allow":["GET"]}}],"collection":[{"href":"https:\/\/tenislastorres.com\/tenis\/wp-json\/wp\/v2\/posts"}],"about":[{"href":"https:\/\/tenislastorres.com\/tenis\/wp-json\/wp\/v2\/types\/post"}],"author":[{"embeddable":true,"href":"https:\/\/tenislastorres.com\/tenis\/wp-json\/wp\/v2\/users\/2"}],"replies":[{"embeddable":true,"href":"https:\/\/tenislastorres.com\/tenis\/wp-json\/wp\/v2\/comments?post=1824"}],"version-history":[{"count":2,"href":"https:\/\/tenislastorres.com\/tenis\/wp-json\/wp\/v2\/posts\/1824\/revisions"}],"predecessor-version":[{"id":1830,"href":"https:\/\/tenislastorres.com\/tenis\/wp-json\/wp\/v2\/posts\/1824\/revisions\/1830"}],"wp:attachment":[{"href":"https:\/\/tenislastorres.com\/tenis\/wp-json\/wp\/v2\/media?parent=1824"}],"wp:term":[{"taxonomy":"category","embeddable":true,"href":"https:\/\/tenislastorres.com\/tenis\/wp-json\/wp\/v2\/categories?post=1824"},{"taxonomy":"post_tag","embeddable":true,"href":"https:\/\/tenislastorres.com\/tenis\/wp-json\/wp\/v2\/tags?post=1824"}],"curies":[{"name":"wp","href":"https:\/\/api.w.org\/{rel}","templated":true}]}}