{"id":1785,"date":"2015-07-16T19:10:53","date_gmt":"2015-07-16T17:10:53","guid":{"rendered":"http:\/\/tenislastorres.com\/tenis\/?p=1785"},"modified":"2025-07-31T08:52:22","modified_gmt":"2025-07-31T07:52:22","slug":"torneo-fiestas-de-tenis-2015","status":"publish","type":"post","link":"https:\/\/tenislastorres.com\/tenis\/2015\/07\/torneo-fiestas-de-tenis-2015\/","title":{"rendered":"Torneo Fiestas de Tenis 2015"},"content":{"rendered":"<p>&nbsp;<\/p>\n<p><a href=\"https:\/\/tenislastorres.com\/tenis\/wp-content\/uploads\/2015\/07\/Cartel-Fiestas-2015.jpg\"><img loading=\"lazy\" decoding=\"async\" class=\"alignnone  wp-image-1788\" src=\"https:\/\/tenislastorres.com\/tenis\/wp-content\/uploads\/2015\/07\/Cartel-Fiestas-2015-225x300.jpg\" alt=\"Cartel Fiestas 2015\" width=\"335\" height=\"442\" \/><\/a><\/p>\n<p>&nbsp;<\/p>\n<p style=\"text-align: justify;\">Ya est\u00e1 abierto el plazo de inscripciones para el torneo <strong>Fiestas de Tenis de Las Torres de<\/strong> <strong>Cotillas<\/strong>, organizado por la <strong>Asociaci\u00f3n de Tenis Las Torres<\/strong>. Dar\u00e1 comienzo el 17 de Agosto con la fase de 1\/16 de final; los perdedores en primera ronda pasar\u00e1n a disputar la Consolaci\u00f3n.<br \/>\nLa inscripci\u00f3n ser\u00e1 de <strong>10,00<\/strong>\u20ac para socios de la ATT al corriente en\u00a0sus cuotas, y de <strong>15,00<\/strong> \u20ac para los No Socios, y que se podr\u00e1 hacer en el Tfno:620130560 (Pepe Mart\u00ednez) o email: pepemartinez59@hotmail.com<br \/>\nLos partidos se disputar\u00e1n de <strong>Lunes a Viernes, de 19,00 a 23,00 horas<\/strong>, estando previstas las finales para el <strong>Jueves, 27 de Agosto, a las 19,00 h<\/strong>.<br \/>\nColaboran en dicho torneo, la <strong>Concejal\u00eda de Deportes del Ayto. de Las Torres de Cotillas, Deportes Marathon e Is<span style=\"color: #800080;\">A<\/span>bel estilistas.<\/strong><\/p>\n","protected":false},"excerpt":{"rendered":"<p>&nbsp; &nbsp; Ya est\u00e1 abierto el plazo de inscripciones para el torneo Fiestas de Tenis de Las Torres de Cotillas, organizado por la Asociaci\u00f3n de Tenis Las Torres. Dar\u00e1 comienzo el 17 de Agosto con la fase de 1\/16 de final; los perdedores en primera ronda pasar\u00e1n a disputar la Consolaci\u00f3n. La inscripci\u00f3n ser\u00e1 de &hellip; <a href=\"https:\/\/tenislastorres.com\/tenis\/2015\/07\/torneo-fiestas-de-tenis-2015\/\" class=\"more-link\">Seguir leyendo <span class=\"screen-reader-text\">Torneo Fiestas de Tenis 2015<\/span> <span class=\"meta-nav\">&rarr;<\/span><\/a><\/p>\n","protected":false},"author":2,"featured_media":0,"comment_status":"closed","ping_status":"closed","sticky":false,"template":"","format":"standard","meta":{"footnotes":""},"categories":[3],"tags":[],"class_list":["post-1785","post","type-post","status-publish","format-standard","hentry","category-noticias"],"_links":{"self":[{"href":"https:\/\/tenislastorres.com\/tenis\/wp-json\/wp\/v2\/posts\/1785","targetHints":{"allow":["GET"]}}],"collection":[{"href":"https:\/\/tenislastorres.com\/tenis\/wp-json\/wp\/v2\/posts"}],"about":[{"href":"https:\/\/tenislastorres.com\/tenis\/wp-json\/wp\/v2\/types\/post"}],"author":[{"embeddable":true,"href":"https:\/\/tenislastorres.com\/tenis\/wp-json\/wp\/v2\/users\/2"}],"replies":[{"embeddable":true,"href":"https:\/\/tenislastorres.com\/tenis\/wp-json\/wp\/v2\/comments?post=1785"}],"version-history":[{"count":2,"href":"https:\/\/tenislastorres.com\/tenis\/wp-json\/wp\/v2\/posts\/1785\/revisions"}],"predecessor-version":[{"id":1790,"href":"https:\/\/tenislastorres.com\/tenis\/wp-json\/wp\/v2\/posts\/1785\/revisions\/1790"}],"wp:attachment":[{"href":"https:\/\/tenislastorres.com\/tenis\/wp-json\/wp\/v2\/media?parent=1785"}],"wp:term":[{"taxonomy":"category","embeddable":true,"href":"https:\/\/tenislastorres.com\/tenis\/wp-json\/wp\/v2\/categories?post=1785"},{"taxonomy":"post_tag","embeddable":true,"href":"https:\/\/tenislastorres.com\/tenis\/wp-json\/wp\/v2\/tags?post=1785"}],"curies":[{"name":"wp","href":"https:\/\/api.w.org\/{rel}","templated":true}]}}