{"id":1777,"date":"2015-06-21T23:39:49","date_gmt":"2015-06-21T21:39:49","guid":{"rendered":"http:\/\/tenislastorres.com\/tenis\/?p=1777"},"modified":"2025-07-31T08:52:22","modified_gmt":"2025-07-31T07:52:22","slug":"clausura-de-la-liga-de-tenis-con-cena-y-entrega-de-trofeos","status":"publish","type":"post","link":"https:\/\/tenislastorres.com\/tenis\/2015\/06\/clausura-de-la-liga-de-tenis-con-cena-y-entrega-de-trofeos\/","title":{"rendered":"La liga de tenis entrega sus trofeos"},"content":{"rendered":"<p style=\"text-align: justify;\"><a href=\"https:\/\/tenislastorres.com\/tenis\/wp-content\/uploads\/2015\/06\/Premiados.jpg\"><img loading=\"lazy\" decoding=\"async\" class=\"alignnone wp-image-1791 size-large\" src=\"https:\/\/tenislastorres.com\/tenis\/wp-content\/uploads\/2015\/06\/Premiados-1024x704.jpg\" alt=\"Premiados\" width=\"584\" height=\"402\" srcset=\"https:\/\/tenislastorres.com\/tenis\/wp-content\/uploads\/2015\/06\/Premiados-1024x704.jpg 1024w, https:\/\/tenislastorres.com\/tenis\/wp-content\/uploads\/2015\/06\/Premiados-300x206.jpg 300w, https:\/\/tenislastorres.com\/tenis\/wp-content\/uploads\/2015\/06\/Premiados-437x300.jpg 437w, https:\/\/tenislastorres.com\/tenis\/wp-content\/uploads\/2015\/06\/Premiados.jpg 1892w\" sizes=\"auto, (max-width: 584px) 100vw, 584px\" \/><\/p>\n<p>E<\/a>l pasado Mi\u00e9rcoles, d\u00eda 15, ha tenido lugar en el Polideportivo Municipal la entrega de trofeos de la <strong>XXIV Liga de Tenis<\/strong> de <strong>Las Torres de Cotillas<\/strong>, organizada por la <strong>Asociaci\u00f3n de Tenis Las Torres<\/strong>. <strong>Gin\u00e9s P\u00e9rez Iniesta<\/strong>, edil de Deportes del Ayto. de Las Torres de Cotillas, y <strong>Pepe Mart\u00ednez<\/strong>, Pte. de la Asociaci\u00f3n de Tenis Las Torres, hicieron la entrega de los trofeos a los 3 primeros clasificados de cada uno de los 9 grupos que han participado.<br \/>\nLos trofeos han sido patrocinados por <strong>Cl\u00ednica Dental Sergio L\u00f3pez Lozano,<\/strong> quien, por motivos laborales, no pudo asistir al acto. La Asociaci\u00f3n, en reconocimiento a su desinteresada colaboraci\u00f3n en los \u00faltimos a\u00f1os, apostando y apoyando a nuestro colectivo, tuvo a bien concederle una placa de agradecimiento; la recogi\u00f3 el Concejal de Deportes, Gin\u00e9s P\u00e9rez, quien cerr\u00f3 el acto con unas palabras de agradecimiento a todos, tanto a jugadores, organizaci\u00f3n, y c\u00f3mo no, a Sergio L\u00f3pez.<br \/>\nAl finalizar, la Asociaci\u00f3n ofreci\u00f3\u00a0un refrigerio para todos los galardonados y asistentes.<br \/>\nLos premiados por categor\u00eda fueron los siguientes:<br \/>\n&#8211; Categ. Master.- 1\u00ba Abel Garc\u00eda; 2\u00ba Manolo Navarro; 3\u00ba Justo Mu\u00f1oz<br \/>\n&#8211; Categ. Honor.- 1\u00ba Juan Salvador P\u00e1rraga; 2\u00ba Bartolo Ot\u00e1lora; 3\u00ba Pascual Mero\u00f1o<br \/>\n&#8211; Cat. 1\u00aa Grupo A.- 1\u00ba V\u00edctor Roncero; 2\u00ba Jes\u00fas Miguel Caravaca; 3\u00ba Luis Fdez. Corbal\u00e1n<br \/>\n&#8211; Cat. 1\u00aa Grupo B.- 1\u00ba Lorenzo Jim\u00e9nez; 2\u00ba Jos\u00e9 Ignacio Mtez.; 3\u00ba Dani Ca\u00f1ete<br \/>\n&#8211; Cat. 2\u00aa Grupo A.- 1\u00ba Daniel Mart\u00ednez; 2\u00ba Miguel Pay; 3\u00ba Fulgencio Vicente<br \/>\n&#8211; Cat. 2\u00aa Grupo B.- 1\u00ba Alberto Castillo; 2\u00ba Javi Ortiz; 3\u00ba Juli\u00e1n Ceacero<br \/>\n&#8211; Cat. 3\u00aa Grupo A.- 1\u00ba Roberto Carlos Espinosa; 2\u00ba Juan Ant. Esparza; 3\u00aa J. Manuel Parejo<br \/>\n&#8211; Cat. 3\u00aa Grupo B.- 1\u00ba Daniel G\u00f3mez; 2\u00ba Juan Pedro Mtez. Domingo; 3\u00ba Sergio Belda<br \/>\n-Cat. Veteranos .- 1\u00ba Jes\u00fas Bermejo; 2\u00ba Roque Guill\u00e9n; 3\u00ba Jos\u00e9 Luis Mendoza.<\/p>\n<p><a href=\"https:\/\/tenislastorres.com\/tenis\/wp-content\/uploads\/2015\/06\/Manolo-Navarro.jpg\"><img loading=\"lazy\" decoding=\"async\" class=\"alignnone size-medium wp-image-1792\" src=\"https:\/\/tenislastorres.com\/tenis\/wp-content\/uploads\/2015\/06\/Manolo-Navarro-225x300.jpg\" alt=\"Manolo Navarro\" width=\"225\" height=\"300\" srcset=\"https:\/\/tenislastorres.com\/tenis\/wp-content\/uploads\/2015\/06\/Manolo-Navarro-225x300.jpg 225w, https:\/\/tenislastorres.com\/tenis\/wp-content\/uploads\/2015\/06\/Manolo-Navarro-768x1024.jpg 768w, https:\/\/tenislastorres.com\/tenis\/wp-content\/uploads\/2015\/06\/Manolo-Navarro.jpg 1944w\" sizes=\"auto, (max-width: 225px) 100vw, 225px\" \/><\/a>\u00a0<a href=\"https:\/\/tenislastorres.com\/tenis\/wp-content\/uploads\/2015\/06\/Justo.jpg\"><img loading=\"lazy\" decoding=\"async\" class=\"alignnone size-medium wp-image-1793\" src=\"https:\/\/tenislastorres.com\/tenis\/wp-content\/uploads\/2015\/06\/Justo-225x300.jpg\" alt=\"Justo\" width=\"225\" height=\"300\" srcset=\"https:\/\/tenislastorres.com\/tenis\/wp-content\/uploads\/2015\/06\/Justo-225x300.jpg 225w, https:\/\/tenislastorres.com\/tenis\/wp-content\/uploads\/2015\/06\/Justo-768x1024.jpg 768w, https:\/\/tenislastorres.com\/tenis\/wp-content\/uploads\/2015\/06\/Justo.jpg 1944w\" sizes=\"auto, (max-width: 225px) 100vw, 225px\" \/><\/a>\u00a0<a href=\"https:\/\/tenislastorres.com\/tenis\/wp-content\/uploads\/2015\/06\/Juan-Salva.jpg\"><img loading=\"lazy\" decoding=\"async\" class=\"alignnone size-medium wp-image-1794\" src=\"https:\/\/tenislastorres.com\/tenis\/wp-content\/uploads\/2015\/06\/Juan-Salva-225x300.jpg\" alt=\"Juan Salva\" width=\"225\" height=\"300\" srcset=\"https:\/\/tenislastorres.com\/tenis\/wp-content\/uploads\/2015\/06\/Juan-Salva-225x300.jpg 225w, https:\/\/tenislastorres.com\/tenis\/wp-content\/uploads\/2015\/06\/Juan-Salva-768x1024.jpg 768w, https:\/\/tenislastorres.com\/tenis\/wp-content\/uploads\/2015\/06\/Juan-Salva.jpg 1944w\" sizes=\"auto, (max-width: 225px) 100vw, 225px\" \/><\/a>\u00a0<a href=\"https:\/\/tenislastorres.com\/tenis\/wp-content\/uploads\/2015\/06\/Luiyi.Ca\u00f1ete.jpg\"><img loading=\"lazy\" decoding=\"async\" class=\"alignnone size-medium wp-image-1795\" src=\"https:\/\/tenislastorres.com\/tenis\/wp-content\/uploads\/2015\/06\/Luiyi.Ca\u00f1ete-225x300.jpg\" alt=\"Luiyi.Ca\u00f1ete\" width=\"225\" height=\"300\" srcset=\"https:\/\/tenislastorres.com\/tenis\/wp-content\/uploads\/2015\/06\/Luiyi.Ca\u00f1ete-225x300.jpg 225w, https:\/\/tenislastorres.com\/tenis\/wp-content\/uploads\/2015\/06\/Luiyi.Ca\u00f1ete-768x1024.jpg 768w, https:\/\/tenislastorres.com\/tenis\/wp-content\/uploads\/2015\/06\/Luiyi.Ca\u00f1ete.jpg 1944w\" sizes=\"auto, (max-width: 225px) 100vw, 225px\" \/><\/a>\u00a0<a href=\"https:\/\/tenislastorres.com\/tenis\/wp-content\/uploads\/2015\/06\/Juan-Salva-y-Lorenzo.jpg\"><img loading=\"lazy\" decoding=\"async\" class=\"alignnone size-medium wp-image-1796\" src=\"https:\/\/tenislastorres.com\/tenis\/wp-content\/uploads\/2015\/06\/Juan-Salva-y-Lorenzo-225x300.jpg\" alt=\"Juan Salva y Lorenzo\" width=\"225\" height=\"300\" srcset=\"https:\/\/tenislastorres.com\/tenis\/wp-content\/uploads\/2015\/06\/Juan-Salva-y-Lorenzo-225x300.jpg 225w, https:\/\/tenislastorres.com\/tenis\/wp-content\/uploads\/2015\/06\/Juan-Salva-y-Lorenzo-768x1024.jpg 768w, https:\/\/tenislastorres.com\/tenis\/wp-content\/uploads\/2015\/06\/Juan-Salva-y-Lorenzo.jpg 1944w\" sizes=\"auto, (max-width: 225px) 100vw, 225px\" \/><\/a>\u00a0<a href=\"https:\/\/tenislastorres.com\/tenis\/wp-content\/uploads\/2015\/06\/Dani-Mtez..jpg\"><img loading=\"lazy\" decoding=\"async\" class=\"alignnone size-medium wp-image-1797\" src=\"https:\/\/tenislastorres.com\/tenis\/wp-content\/uploads\/2015\/06\/Dani-Mtez.-225x300.jpg\" alt=\"Dani Mtez.\" width=\"225\" height=\"300\" srcset=\"https:\/\/tenislastorres.com\/tenis\/wp-content\/uploads\/2015\/06\/Dani-Mtez.-225x300.jpg 225w, https:\/\/tenislastorres.com\/tenis\/wp-content\/uploads\/2015\/06\/Dani-Mtez.-768x1024.jpg 768w, https:\/\/tenislastorres.com\/tenis\/wp-content\/uploads\/2015\/06\/Dani-Mtez..jpg 1944w\" sizes=\"auto, (max-width: 225px) 100vw, 225px\" \/><\/a>\u00a0<a href=\"https:\/\/tenislastorres.com\/tenis\/wp-content\/uploads\/2015\/06\/Javi-Ortiz.jpg\"><img loading=\"lazy\" decoding=\"async\" class=\"alignnone size-medium wp-image-1798\" src=\"https:\/\/tenislastorres.com\/tenis\/wp-content\/uploads\/2015\/06\/Javi-Ortiz-225x300.jpg\" alt=\"Javi Ortiz\" width=\"225\" height=\"300\" srcset=\"https:\/\/tenislastorres.com\/tenis\/wp-content\/uploads\/2015\/06\/Javi-Ortiz-225x300.jpg 225w, https:\/\/tenislastorres.com\/tenis\/wp-content\/uploads\/2015\/06\/Javi-Ortiz-768x1024.jpg 768w, https:\/\/tenislastorres.com\/tenis\/wp-content\/uploads\/2015\/06\/Javi-Ortiz.jpg 1944w\" sizes=\"auto, (max-width: 225px) 100vw, 225px\" \/><\/a>\u00a0<a href=\"https:\/\/tenislastorres.com\/tenis\/wp-content\/uploads\/2015\/06\/Jesus-Bermejo.jpg\"><img loading=\"lazy\" decoding=\"async\" class=\"alignnone size-medium wp-image-1799\" src=\"https:\/\/tenislastorres.com\/tenis\/wp-content\/uploads\/2015\/06\/Jesus-Bermejo-225x300.jpg\" alt=\"Jesus Bermejo\" width=\"225\" height=\"300\" srcset=\"https:\/\/tenislastorres.com\/tenis\/wp-content\/uploads\/2015\/06\/Jesus-Bermejo-225x300.jpg 225w, https:\/\/tenislastorres.com\/tenis\/wp-content\/uploads\/2015\/06\/Jesus-Bermejo-768x1024.jpg 768w, https:\/\/tenislastorres.com\/tenis\/wp-content\/uploads\/2015\/06\/Jesus-Bermejo.jpg 1944w\" sizes=\"auto, (max-width: 225px) 100vw, 225px\" \/><\/a>\u00a0<a href=\"https:\/\/tenislastorres.com\/tenis\/wp-content\/uploads\/2015\/06\/Roque.jpg\"><img loading=\"lazy\" decoding=\"async\" class=\"alignnone size-medium wp-image-1800\" src=\"https:\/\/tenislastorres.com\/tenis\/wp-content\/uploads\/2015\/06\/Roque-225x300.jpg\" alt=\"Roque\" width=\"225\" height=\"300\" srcset=\"https:\/\/tenislastorres.com\/tenis\/wp-content\/uploads\/2015\/06\/Roque-225x300.jpg 225w, https:\/\/tenislastorres.com\/tenis\/wp-content\/uploads\/2015\/06\/Roque-768x1024.jpg 768w, https:\/\/tenislastorres.com\/tenis\/wp-content\/uploads\/2015\/06\/Roque.jpg 1944w\" sizes=\"auto, (max-width: 225px) 100vw, 225px\" \/><\/a>\u00a0<a href=\"https:\/\/tenislastorres.com\/tenis\/wp-content\/uploads\/2015\/06\/Roberto-Carlos.jpg\"><img loading=\"lazy\" decoding=\"async\" class=\"alignnone size-medium wp-image-1801\" src=\"https:\/\/tenislastorres.com\/tenis\/wp-content\/uploads\/2015\/06\/Roberto-Carlos-225x300.jpg\" alt=\"Roberto Carlos\" width=\"225\" height=\"300\" srcset=\"https:\/\/tenislastorres.com\/tenis\/wp-content\/uploads\/2015\/06\/Roberto-Carlos-225x300.jpg 225w, https:\/\/tenislastorres.com\/tenis\/wp-content\/uploads\/2015\/06\/Roberto-Carlos-768x1024.jpg 768w, https:\/\/tenislastorres.com\/tenis\/wp-content\/uploads\/2015\/06\/Roberto-Carlos.jpg 1944w\" sizes=\"auto, (max-width: 225px) 100vw, 225px\" \/><\/a>\u00a0<a href=\"https:\/\/tenislastorres.com\/tenis\/wp-content\/uploads\/2015\/06\/Parejo.Belda_.jpg\"><img loading=\"lazy\" decoding=\"async\" class=\"alignnone size-medium wp-image-1802\" src=\"https:\/\/tenislastorres.com\/tenis\/wp-content\/uploads\/2015\/06\/Parejo.Belda_-225x300.jpg\" alt=\"Parejo.Belda\" width=\"225\" height=\"300\" srcset=\"https:\/\/tenislastorres.com\/tenis\/wp-content\/uploads\/2015\/06\/Parejo.Belda_-225x300.jpg 225w, https:\/\/tenislastorres.com\/tenis\/wp-content\/uploads\/2015\/06\/Parejo.Belda_-768x1024.jpg 768w, https:\/\/tenislastorres.com\/tenis\/wp-content\/uploads\/2015\/06\/Parejo.Belda_.jpg 1944w\" sizes=\"auto, (max-width: 225px) 100vw, 225px\" \/><\/a>\u00a0<a href=\"https:\/\/tenislastorres.com\/tenis\/wp-content\/uploads\/2015\/06\/Juan-Pedro.jpg\"><img loading=\"lazy\" decoding=\"async\" class=\"alignnone size-medium wp-image-1803\" src=\"https:\/\/tenislastorres.com\/tenis\/wp-content\/uploads\/2015\/06\/Juan-Pedro-225x300.jpg\" alt=\"Juan Pedro\" width=\"225\" height=\"300\" srcset=\"https:\/\/tenislastorres.com\/tenis\/wp-content\/uploads\/2015\/06\/Juan-Pedro-225x300.jpg 225w, https:\/\/tenislastorres.com\/tenis\/wp-content\/uploads\/2015\/06\/Juan-Pedro-768x1024.jpg 768w, https:\/\/tenislastorres.com\/tenis\/wp-content\/uploads\/2015\/06\/Juan-Pedro.jpg 1944w\" sizes=\"auto, (max-width: 225px) 100vw, 225px\" \/><\/a>\u00a0<a href=\"https:\/\/tenislastorres.com\/tenis\/wp-content\/uploads\/2015\/06\/TrofeosI.jpg\"><img loading=\"lazy\" decoding=\"async\" class=\"alignnone size-medium wp-image-1804\" src=\"https:\/\/tenislastorres.com\/tenis\/wp-content\/uploads\/2015\/06\/TrofeosI-300x225.jpg\" alt=\"TrofeosI\" width=\"300\" height=\"225\" srcset=\"https:\/\/tenislastorres.com\/tenis\/wp-content\/uploads\/2015\/06\/TrofeosI-300x225.jpg 300w, https:\/\/tenislastorres.com\/tenis\/wp-content\/uploads\/2015\/06\/TrofeosI-1024x768.jpg 1024w, https:\/\/tenislastorres.com\/tenis\/wp-content\/uploads\/2015\/06\/TrofeosI-400x300.jpg 400w\" sizes=\"auto, (max-width: 300px) 100vw, 300px\" \/><\/a><\/p>\n<p style=\"text-align: justify;\">\n","protected":false},"excerpt":{"rendered":"<p>El pasado Mi\u00e9rcoles, d\u00eda 15, ha tenido lugar en el Polideportivo Municipal la entrega de trofeos de la XXIV Liga de Tenis de Las Torres de Cotillas, organizada por la Asociaci\u00f3n de Tenis Las Torres. Gin\u00e9s P\u00e9rez Iniesta, edil de Deportes del Ayto. de Las Torres de Cotillas, y Pepe Mart\u00ednez, Pte. de la Asociaci\u00f3n &hellip; <a href=\"https:\/\/tenislastorres.com\/tenis\/2015\/06\/clausura-de-la-liga-de-tenis-con-cena-y-entrega-de-trofeos\/\" class=\"more-link\">Seguir leyendo <span class=\"screen-reader-text\">La liga de tenis entrega sus trofeos<\/span> <span class=\"meta-nav\">&rarr;<\/span><\/a><\/p>\n","protected":false},"author":2,"featured_media":0,"comment_status":"closed","ping_status":"closed","sticky":false,"template":"","format":"standard","meta":{"footnotes":""},"categories":[3],"tags":[],"class_list":["post-1777","post","type-post","status-publish","format-standard","hentry","category-noticias"],"_links":{"self":[{"href":"https:\/\/tenislastorres.com\/tenis\/wp-json\/wp\/v2\/posts\/1777","targetHints":{"allow":["GET"]}}],"collection":[{"href":"https:\/\/tenislastorres.com\/tenis\/wp-json\/wp\/v2\/posts"}],"about":[{"href":"https:\/\/tenislastorres.com\/tenis\/wp-json\/wp\/v2\/types\/post"}],"author":[{"embeddable":true,"href":"https:\/\/tenislastorres.com\/tenis\/wp-json\/wp\/v2\/users\/2"}],"replies":[{"embeddable":true,"href":"https:\/\/tenislastorres.com\/tenis\/wp-json\/wp\/v2\/comments?post=1777"}],"version-history":[{"count":4,"href":"https:\/\/tenislastorres.com\/tenis\/wp-json\/wp\/v2\/posts\/1777\/revisions"}],"predecessor-version":[{"id":1806,"href":"https:\/\/tenislastorres.com\/tenis\/wp-json\/wp\/v2\/posts\/1777\/revisions\/1806"}],"wp:attachment":[{"href":"https:\/\/tenislastorres.com\/tenis\/wp-json\/wp\/v2\/media?parent=1777"}],"wp:term":[{"taxonomy":"category","embeddable":true,"href":"https:\/\/tenislastorres.com\/tenis\/wp-json\/wp\/v2\/categories?post=1777"},{"taxonomy":"post_tag","embeddable":true,"href":"https:\/\/tenislastorres.com\/tenis\/wp-json\/wp\/v2\/tags?post=1777"}],"curies":[{"name":"wp","href":"https:\/\/api.w.org\/{rel}","templated":true}]}}