{"id":1731,"date":"2015-05-31T23:35:58","date_gmt":"2015-05-31T21:35:58","guid":{"rendered":"http:\/\/tenislastorres.com\/tenis\/?p=1731"},"modified":"2025-07-31T08:52:22","modified_gmt":"2025-07-31T07:52:22","slug":"el-equipo-de-la-att-estara-en-la-final-four","status":"publish","type":"post","link":"https:\/\/tenislastorres.com\/tenis\/2015\/05\/el-equipo-de-la-att-estara-en-la-final-four\/","title":{"rendered":"El equipo de la ATT se ha clasificado para la final four"},"content":{"rendered":"<p style=\"text-align: justify;\"><span style=\"color: #000080;\">El equipo de la <strong>Asociaci\u00f3n de Tenis Las Torres (ATT<\/strong>), estar\u00e1 en la final four el pr\u00f3ximo fin de semana del 13-14 de Junio, que se va a celebrar en el Club de Tenis Cordillera; el equipo capitaneado por J<strong>os\u00e9 Antonio Granados<\/strong> se ha impuesto en 1\/4 de final a domicilio al Club de Tenis Mazarr\u00f3n por 1-4, disputado este fin de semana.<\/span><br \/>\n<span style=\"color: #000080;\">Los resultados han sido \u00e9stos:\u00a0<\/span><br \/>\n<span style=\"color: #000080;\"><span style=\"color: #800000;\">Jes\u00fas Quesada<\/span> &amp; Andr\u00e9s S\u00e1nchez . . . . . . . . . 6\/1 6\/0<\/span><br \/>\n<span style=\"color: #000080;\"><span style=\"color: #800000;\">Rafa Domene<\/span> &amp; Daniel M\u00e9ndez . . . . . . . . . . . . 6\/0 6\/0<\/span><br \/>\n<span style=\"color: #000080;\">Jos\u00e9 Carlos Rico &amp; <span style=\"color: #800000;\">Vicente Orozco<\/span> . . . . . . . . . 6\/4 2\/6 3\/6<\/span><br \/>\n<span style=\"color: #000080;\"><span style=\"color: #800000;\">Justo Mu\u00f1oz<\/span> &amp; J.C. Mallenco . . . . . . . . . . . . . . .6\/4 6\/4<\/span><br \/>\n<span style=\"color: #000080;\"><span style=\"color: #800000;\">Luis Fern\u00e1ndez<\/span> &amp; Ernesto Mar\u00edn . . . . . . . . . . . . 6\/3 6\/3<\/span><\/p>\n<p style=\"text-align: justify;\"><span style=\"color: #000080;\">El rival a batir en semifinales ser\u00e1 el <strong>Club de Tenis El Limonar<\/strong>.<br \/>\nMagn\u00edfica representaci\u00f3n del equipo torre\u00f1o en el torneo que organiza la CMTA, enfrent\u00e1ndose a los mejores equipos de la regi\u00f3n, y dejando el pabell\u00f3n de la ATT bien alto.<\/span><\/p>\n","protected":false},"excerpt":{"rendered":"<p>El equipo de la Asociaci\u00f3n de Tenis Las Torres (ATT), estar\u00e1 en la final four el pr\u00f3ximo fin de semana del 13-14 de Junio, que se va a celebrar en el Club de Tenis Cordillera; el equipo capitaneado por Jos\u00e9 Antonio Granados se ha impuesto en 1\/4 de final a domicilio al Club de Tenis &hellip; <a href=\"https:\/\/tenislastorres.com\/tenis\/2015\/05\/el-equipo-de-la-att-estara-en-la-final-four\/\" class=\"more-link\">Seguir leyendo <span class=\"screen-reader-text\">El equipo de la ATT se ha clasificado para la final four<\/span> <span class=\"meta-nav\">&rarr;<\/span><\/a><\/p>\n","protected":false},"author":2,"featured_media":0,"comment_status":"closed","ping_status":"closed","sticky":false,"template":"","format":"standard","meta":{"footnotes":""},"categories":[3],"tags":[],"class_list":["post-1731","post","type-post","status-publish","format-standard","hentry","category-noticias"],"_links":{"self":[{"href":"https:\/\/tenislastorres.com\/tenis\/wp-json\/wp\/v2\/posts\/1731","targetHints":{"allow":["GET"]}}],"collection":[{"href":"https:\/\/tenislastorres.com\/tenis\/wp-json\/wp\/v2\/posts"}],"about":[{"href":"https:\/\/tenislastorres.com\/tenis\/wp-json\/wp\/v2\/types\/post"}],"author":[{"embeddable":true,"href":"https:\/\/tenislastorres.com\/tenis\/wp-json\/wp\/v2\/users\/2"}],"replies":[{"embeddable":true,"href":"https:\/\/tenislastorres.com\/tenis\/wp-json\/wp\/v2\/comments?post=1731"}],"version-history":[{"count":3,"href":"https:\/\/tenislastorres.com\/tenis\/wp-json\/wp\/v2\/posts\/1731\/revisions"}],"predecessor-version":[{"id":1734,"href":"https:\/\/tenislastorres.com\/tenis\/wp-json\/wp\/v2\/posts\/1731\/revisions\/1734"}],"wp:attachment":[{"href":"https:\/\/tenislastorres.com\/tenis\/wp-json\/wp\/v2\/media?parent=1731"}],"wp:term":[{"taxonomy":"category","embeddable":true,"href":"https:\/\/tenislastorres.com\/tenis\/wp-json\/wp\/v2\/categories?post=1731"},{"taxonomy":"post_tag","embeddable":true,"href":"https:\/\/tenislastorres.com\/tenis\/wp-json\/wp\/v2\/tags?post=1731"}],"curies":[{"name":"wp","href":"https:\/\/api.w.org\/{rel}","templated":true}]}}