{"id":1726,"date":"2015-05-17T02:17:24","date_gmt":"2015-05-17T00:17:24","guid":{"rendered":"http:\/\/tenislastorres.com\/tenis\/?p=1726"},"modified":"2025-07-31T08:52:22","modified_gmt":"2025-07-31T07:52:22","slug":"la-liga-de-tenis-entra-en-su-ultima-jornada","status":"publish","type":"post","link":"https:\/\/tenislastorres.com\/tenis\/2015\/05\/la-liga-de-tenis-entra-en-su-ultima-jornada\/","title":{"rendered":"La liga de Tenis entra en su \u00faltima jornada"},"content":{"rendered":"<figure id=\"attachment_1230\" aria-describedby=\"caption-attachment-1230\" style=\"width: 300px\" class=\"wp-caption alignnone\"><a href=\"https:\/\/tenislastorres.com\/tenis\/wp-content\/uploads\/2014\/05\/Abel.jpg\"><img loading=\"lazy\" decoding=\"async\" class=\"wp-image-1230 size-medium\" src=\"https:\/\/tenislastorres.com\/tenis\/wp-content\/uploads\/2014\/05\/Abel-300x270.jpg\" alt=\"DIGITAL CAMERA\" width=\"300\" height=\"270\" srcset=\"https:\/\/tenislastorres.com\/tenis\/wp-content\/uploads\/2014\/05\/Abel-300x270.jpg 300w, https:\/\/tenislastorres.com\/tenis\/wp-content\/uploads\/2014\/05\/Abel-1024x921.jpg 1024w, https:\/\/tenislastorres.com\/tenis\/wp-content\/uploads\/2014\/05\/Abel-333x300.jpg 333w\" sizes=\"auto, (max-width: 300px) 100vw, 300px\" \/><\/a><figcaption id=\"caption-attachment-1230\" class=\"wp-caption-text\">Abel Garc\u00eda<\/figcaption><\/figure>\n<p style=\"text-align: justify;\">La liga de tenis 2014-15 entra en la \u00faltima jornada a partir del lunes 18 de Mayo, y a\u00fan quedan posiciones por decidir; unas afectan a ascensos y promociones, otras, a descensos de categor\u00eda.<br \/>\n<strong>Abel Garc\u00eda<\/strong> sigue demostrando en Master su buen nivel, y salvo sorpresas de \u00faltima hora, se vislumbra como ganador por 2\u00ba a\u00f1o consecutivo. Por la parte baja falta por decidir qui\u00e9n acompa\u00f1a a los retirados, Sergio L\u00f3pez y Pablo de la Calle.<br \/>\nEn la categor\u00eda de Honor destacan <strong>Juan Salvador P\u00e1rraga y Bartolo Ot\u00e1lora,<\/strong> invictos hasta el momento, y que tienen pie y medio en Master, salvo debacle; las otras 2 plazas de ascenso est\u00e1n por decidir, situ\u00e1ndose en primera l\u00ednea de favoritos <strong>Pascual Mero\u00f1o y Jos\u00e9 Luis G\u00f3mez. <\/strong>En cuanto al descenso, queda una plaza para 4 jugadores, pues las otras 3 corresponden a los retirados Alejandro S\u00e1nchez, V\u00edctor Mtez. Rivera y Javier Mtez. Peris.<\/p>\n<p><a href=\"https:\/\/tenislastorres.com\/tenis\/wp-content\/uploads\/2014\/05\/Juan-Salvador.jpg\"><img loading=\"lazy\" decoding=\"async\" class=\"alignnone size-medium wp-image-1195\" src=\"https:\/\/tenislastorres.com\/tenis\/wp-content\/uploads\/2014\/05\/Juan-Salvador-225x300.jpg\" alt=\"Juan Salvador\" width=\"225\" height=\"300\" srcset=\"https:\/\/tenislastorres.com\/tenis\/wp-content\/uploads\/2014\/05\/Juan-Salvador-225x300.jpg 225w, https:\/\/tenislastorres.com\/tenis\/wp-content\/uploads\/2014\/05\/Juan-Salvador-768x1024.jpg 768w, https:\/\/tenislastorres.com\/tenis\/wp-content\/uploads\/2014\/05\/Juan-Salvador.jpg 1920w\" sizes=\"auto, (max-width: 225px) 100vw, 225px\" \/><\/a>\u00a0\u00a0<a href=\"https:\/\/tenislastorres.com\/tenis\/wp-content\/uploads\/2014\/05\/Bartolo-Otalora.jpg\"><img loading=\"lazy\" decoding=\"async\" class=\"alignnone size-medium wp-image-1196\" src=\"https:\/\/tenislastorres.com\/tenis\/wp-content\/uploads\/2014\/05\/Bartolo-Otalora-225x300.jpg\" alt=\"Bartolo Otalora\" width=\"225\" height=\"300\" srcset=\"https:\/\/tenislastorres.com\/tenis\/wp-content\/uploads\/2014\/05\/Bartolo-Otalora-225x300.jpg 225w, https:\/\/tenislastorres.com\/tenis\/wp-content\/uploads\/2014\/05\/Bartolo-Otalora-768x1024.jpg 768w, https:\/\/tenislastorres.com\/tenis\/wp-content\/uploads\/2014\/05\/Bartolo-Otalora.jpg 1920w\" sizes=\"auto, (max-width: 225px) 100vw, 225px\" \/><br \/>\n<\/a>\u00a0<span style=\"color: #800000;\"><em>Juan Salvador P\u00e1rraga<\/em><\/span> \u00a0 \u00a0 \u00a0 \u00a0 \u00a0 \u00a0 \u00a0 \u00a0 \u00a0 \u00a0 \u00a0 \u00a0 \u00a0<span style=\"color: #800000;\">Bartolo Ot\u00e1lora<\/span><\/p>\n<p style=\"text-align: justify;\">La 1\u00aa categor\u00eda est\u00e1 muy igualada y los enfrentamientos directos de las \u00faltimas jornadas, dirimir\u00e1n los posiciones de ascenso, promoci\u00f3n y descenso; en el grupo \u00abA\u00bb destaca <strong>V\u00edctor Roncero<\/strong>, invicto hasta la fecha, y el joven <strong>Luis Fern\u00e1ndez,<\/strong> quien ya tiene asegurada la promoci\u00f3n; C\u00e9sar Ortega y Jes\u00fas Miguel Caravaca, tambi\u00e9n tienen intactas sus opciones.<br \/>\n<a href=\"https:\/\/tenislastorres.com\/tenis\/wp-content\/uploads\/2013\/12\/Luis-Fdez..jpg\"><img loading=\"lazy\" decoding=\"async\" class=\"alignnone size-medium wp-image-956\" src=\"https:\/\/tenislastorres.com\/tenis\/wp-content\/uploads\/2013\/12\/Luis-Fdez.-300x270.jpg\" alt=\"Luis Fdez.\" width=\"300\" height=\"270\" srcset=\"https:\/\/tenislastorres.com\/tenis\/wp-content\/uploads\/2013\/12\/Luis-Fdez.-300x270.jpg 300w, https:\/\/tenislastorres.com\/tenis\/wp-content\/uploads\/2013\/12\/Luis-Fdez.-1024x921.jpg 1024w, https:\/\/tenislastorres.com\/tenis\/wp-content\/uploads\/2013\/12\/Luis-Fdez.-333x300.jpg 333w\" sizes=\"auto, (max-width: 300px) 100vw, 300px\" \/><\/a>\u00a0<a href=\"https:\/\/tenislastorres.com\/tenis\/wp-content\/uploads\/2014\/03\/Jos\u00e9-Ignacio-Mtez9.jpg\"><img loading=\"lazy\" decoding=\"async\" class=\"alignnone size-medium wp-image-1090\" src=\"https:\/\/tenislastorres.com\/tenis\/wp-content\/uploads\/2014\/03\/Jos\u00e9-Ignacio-Mtez9-225x300.jpg\" alt=\"Jos\u00e9 Ignacio Mtez9\" width=\"225\" height=\"300\" srcset=\"https:\/\/tenislastorres.com\/tenis\/wp-content\/uploads\/2014\/03\/Jos\u00e9-Ignacio-Mtez9-225x300.jpg 225w, https:\/\/tenislastorres.com\/tenis\/wp-content\/uploads\/2014\/03\/Jos\u00e9-Ignacio-Mtez9-768x1024.jpg 768w, https:\/\/tenislastorres.com\/tenis\/wp-content\/uploads\/2014\/03\/Jos\u00e9-Ignacio-Mtez9.jpg 1920w\" sizes=\"auto, (max-width: 225px) 100vw, 225px\" \/><\/a><br \/>\n<span style=\"color: #800000;\"><em>Luis Fern\u00e1ndez \u00a0 \u00a0 \u00a0 \u00a0 \u00a0 \u00a0 \u00a0 \u00a0 \u00a0 \u00a0 \u00a0 \u00a0 \u00a0 \u00a0 \u00a0 \u00a0 \u00a0 \u00a0 \u00a0 \u00a0 \u00a0 \u00a0 \u00a0 \u00a0 \u00a0 \u00a0 \u00a0 Jos\u00e9 Ignacio Mart\u00ednez<\/em><\/span><\/p>\n<p><a href=\"https:\/\/tenislastorres.com\/tenis\/wp-content\/uploads\/2014\/08\/Abellan-y-Ca\u00f1ete.jpg\"><img loading=\"lazy\" decoding=\"async\" class=\"alignnone size-medium wp-image-1423\" src=\"https:\/\/tenislastorres.com\/tenis\/wp-content\/uploads\/2014\/08\/Abellan-y-Ca\u00f1ete-225x300.jpg\" alt=\"Abellan y Ca\u00f1ete\" width=\"225\" height=\"300\" srcset=\"https:\/\/tenislastorres.com\/tenis\/wp-content\/uploads\/2014\/08\/Abellan-y-Ca\u00f1ete-225x300.jpg 225w, https:\/\/tenislastorres.com\/tenis\/wp-content\/uploads\/2014\/08\/Abellan-y-Ca\u00f1ete-768x1024.jpg 768w, https:\/\/tenislastorres.com\/tenis\/wp-content\/uploads\/2014\/08\/Abellan-y-Ca\u00f1ete.jpg 1920w\" sizes=\"auto, (max-width: 225px) 100vw, 225px\" \/><\/a><br \/>\n<span style=\"color: #800000;\"><em>Angel Abell\u00e1n y Dani Ca\u00f1ete<\/em><\/span><\/p>\n<p style=\"text-align: justify;\">En el grupo \u00abB\u00bb, nada hay decidido, ya que <strong>Lorenzo Jim\u00e9nez<\/strong>, que cuenta sus partidos por victorias, es seguido muy de cerca por <em><strong>Jos\u00e9 Ignacio Mtez<\/strong><\/em> (1 derrota), por la revelaci\u00f3n del campeonato, <strong>Dani Ca\u00f1ete<\/strong>, y el veterano <strong>Silvio A. Carrillo.<br \/>\n<\/strong>Las tres posiciones de descenso est\u00e1n por decidir en la \u00faltima jornada con 5 jugadores implicados.<br \/>\nEn 2\u00aa categor\u00eda (Grupo A) tienen mucho ganado <strong>Miguel Pay, Dani Mart\u00ednez y Jos\u00e9 L\u00f3pez<\/strong>; en el grupo B, brillan con luz propia <strong>Alberto Castillo y Javi Ortiz,<\/strong> y que si no hay sorpresas, ser\u00e1n jugadores de primera categor\u00eda la siguiente campa\u00f1a.<br \/>\n<a href=\"https:\/\/tenislastorres.com\/tenis\/wp-content\/uploads\/2014\/05\/Javi-Ortiz1.jpg\"><img loading=\"lazy\" decoding=\"async\" class=\"alignnone size-medium wp-image-1201\" src=\"https:\/\/tenislastorres.com\/tenis\/wp-content\/uploads\/2014\/05\/Javi-Ortiz1-225x300.jpg\" alt=\"Javi Ortiz\" width=\"225\" height=\"300\" srcset=\"https:\/\/tenislastorres.com\/tenis\/wp-content\/uploads\/2014\/05\/Javi-Ortiz1-225x300.jpg 225w, https:\/\/tenislastorres.com\/tenis\/wp-content\/uploads\/2014\/05\/Javi-Ortiz1-768x1024.jpg 768w, https:\/\/tenislastorres.com\/tenis\/wp-content\/uploads\/2014\/05\/Javi-Ortiz1.jpg 1920w\" sizes=\"auto, (max-width: 225px) 100vw, 225px\" \/><\/a><br \/>\n<span style=\"color: #800000;\"><em>Javi Ortiz<\/em><\/span><\/p>\n<p><span style=\"color: #000000;\"><strong>Roberto Carlos Espinosa<\/strong> demuestra su superioridad en 3\u00aa A, contando sus partidos por victorias y cediendo s\u00f3lo un set en lo que va de campeonato; sin duda, el mejor jugador de la categor\u00eda, la cual se le queda bastante peque\u00f1a por lo demostrado. Y en busca de las 2 siguientes plazas de ascenso se encuentran J<strong>uanjo S\u00e1nchez, J.Antonio Esparza, J.Manuel Parejo y David Mar\u00edn.<\/strong><br \/>\n<a href=\"https:\/\/tenislastorres.com\/tenis\/wp-content\/uploads\/2015\/05\/Roberto.jpg\"><img loading=\"lazy\" decoding=\"async\" class=\"alignnone size-medium wp-image-1703\" src=\"https:\/\/tenislastorres.com\/tenis\/wp-content\/uploads\/2015\/05\/Roberto-225x300.jpg\" alt=\"Roberto\" width=\"225\" height=\"300\" srcset=\"https:\/\/tenislastorres.com\/tenis\/wp-content\/uploads\/2015\/05\/Roberto-225x300.jpg 225w, https:\/\/tenislastorres.com\/tenis\/wp-content\/uploads\/2015\/05\/Roberto.jpg 243w\" sizes=\"auto, (max-width: 225px) 100vw, 225px\" \/><\/a><br \/>\n<span style=\"color: #800000;\">Roberto Carlos Espinosa con Pepe Mtez.<\/span><\/span><\/p>\n<p style=\"text-align: justify;\"><span style=\"color: #000000;\">No podemos decir lo mismo del grupo B\u00bb, donde despu\u00e9s de 5 retirados, el grupo ha quedado mermado destacando sobre el resto, <strong>Juan Pedro Mart\u00ednez y Daniel G\u00f3mez<\/strong>, ya jugadores de 2\u00aa categ.<br \/>\nY por \u00faltimo, y disputando sus \u00faltimos encuentros, destaca en Veteranos el alguace\u00f1o <strong>Jes\u00fas Bermejo<\/strong>, quien ha vencido a todos sus rivales c\u00f3modamente; le siguen muy de cerca en busca de trofeo,\u00a0<strong>Jos\u00e9 Luis Mendoza, Jos\u00e9 Barquero y Roque Guill\u00e9n.<\/strong><\/span><\/p>\n","protected":false},"excerpt":{"rendered":"<p>La liga de tenis 2014-15 entra en la \u00faltima jornada a partir del lunes 18 de Mayo, y a\u00fan quedan posiciones por decidir; unas afectan a ascensos y promociones, otras, a descensos de categor\u00eda. Abel Garc\u00eda sigue demostrando en Master su buen nivel, y salvo sorpresas de \u00faltima hora, se vislumbra como ganador por 2\u00ba &hellip; <a href=\"https:\/\/tenislastorres.com\/tenis\/2015\/05\/la-liga-de-tenis-entra-en-su-ultima-jornada\/\" class=\"more-link\">Seguir leyendo <span class=\"screen-reader-text\">La liga de Tenis entra en su \u00faltima jornada<\/span> <span class=\"meta-nav\">&rarr;<\/span><\/a><\/p>\n","protected":false},"author":2,"featured_media":0,"comment_status":"closed","ping_status":"closed","sticky":false,"template":"","format":"standard","meta":{"footnotes":""},"categories":[3],"tags":[],"class_list":["post-1726","post","type-post","status-publish","format-standard","hentry","category-noticias"],"_links":{"self":[{"href":"https:\/\/tenislastorres.com\/tenis\/wp-json\/wp\/v2\/posts\/1726","targetHints":{"allow":["GET"]}}],"collection":[{"href":"https:\/\/tenislastorres.com\/tenis\/wp-json\/wp\/v2\/posts"}],"about":[{"href":"https:\/\/tenislastorres.com\/tenis\/wp-json\/wp\/v2\/types\/post"}],"author":[{"embeddable":true,"href":"https:\/\/tenislastorres.com\/tenis\/wp-json\/wp\/v2\/users\/2"}],"replies":[{"embeddable":true,"href":"https:\/\/tenislastorres.com\/tenis\/wp-json\/wp\/v2\/comments?post=1726"}],"version-history":[{"count":3,"href":"https:\/\/tenislastorres.com\/tenis\/wp-json\/wp\/v2\/posts\/1726\/revisions"}],"predecessor-version":[{"id":1729,"href":"https:\/\/tenislastorres.com\/tenis\/wp-json\/wp\/v2\/posts\/1726\/revisions\/1729"}],"wp:attachment":[{"href":"https:\/\/tenislastorres.com\/tenis\/wp-json\/wp\/v2\/media?parent=1726"}],"wp:term":[{"taxonomy":"category","embeddable":true,"href":"https:\/\/tenislastorres.com\/tenis\/wp-json\/wp\/v2\/categories?post=1726"},{"taxonomy":"post_tag","embeddable":true,"href":"https:\/\/tenislastorres.com\/tenis\/wp-json\/wp\/v2\/tags?post=1726"}],"curies":[{"name":"wp","href":"https:\/\/api.w.org\/{rel}","templated":true}]}}