{"id":1691,"date":"2015-05-10T22:50:03","date_gmt":"2015-05-10T20:50:03","guid":{"rendered":"http:\/\/tenislastorres.com\/tenis\/?p=1691"},"modified":"2025-07-31T08:52:22","modified_gmt":"2025-07-31T07:52:22","slug":"gran-jornada-de-tenis-en-las-12-horas","status":"publish","type":"post","link":"https:\/\/tenislastorres.com\/tenis\/2015\/05\/gran-jornada-de-tenis-en-las-12-horas\/","title":{"rendered":"Gran jornada de tenis en las 12 horas"},"content":{"rendered":"<p style=\"text-align: justify;\">Un a\u00f1o m\u00e1s, &#8211; y van 16 &#8211; , se han celebrado las <span style=\"color: #000080;\"><strong>12 horas de tenis<\/strong><\/span> que organiza la <strong><span style=\"color: #000080;\">Asociaci\u00f3n de Tenis Las Torres<\/span><\/strong>; en ellas han participado 25 tenistas repartidos en 5 equipos, y que en sistema de liga, todos contra todos, han disfrutado de una gran jornada de tenis en las pistas del Polideportivo Municipal de Las Torres de Cotillas.<br \/>\nCon gran presencia de familiares y amigos, acompa\u00f1ando a los jugadores participantes, se ha desarrollado el torneo con toda normalidad, donde la emoci\u00f3n ha estado presente hasta el \u00faltimo partido, donde se decid\u00eda las dos primeras posiciones que a la postre se har\u00edan merecedoras de los trofeos donados por la ATT.<br \/>\nDe principio a fin se ha contado con un servicio de fisioterapeuta, ayudando a los osados jugadores a aguantar la calurosa jornada, e incluso atendiendo a alg\u00fan tenista a pie de pista por sobrecargas musculares.<br \/>\nEl equipo ganador (B) era el integrado por: <span style=\"color: #000080;\"><strong>Fco. Gin\u00e9s Iniesta, Dani Ca\u00f1ete, Roberto<\/strong> <strong>Carlos Espinosa, Pedro Angel Sales y Eustaquio Cascales.<\/strong><\/span><br \/>\nEl subcampe\u00f3n (A) por: <span style=\"color: #000080;\"><strong>Juan Salvador P\u00e1rraga, Antonio Fuentes, Gin\u00e9s Pern\u00edas, Javier Ortiz y Miguel Molina.<br \/>\n<\/strong><span style=\"color: #000000;\">En 3\u00aa posici\u00f3n qued\u00f3 el equipo D, formado por: <span style=\"color: #000080;\"><strong>V\u00edctor Mart\u00ednez Rivera, Luis Fern\u00e1ndez, Eustaquio Cascales Jr, Sergio Belda y Jos\u00e9 Jesualdo.<br \/>\n<\/strong><span style=\"color: #000000;\">El equipo \u00abC\u00bb lo formaban<\/span><strong>: Jos\u00e9 Antonio D\u00f3lera, Pepe Mart\u00ednez, Fco. Javier Alc\u00e1zar y Jos\u00e9 Tom\u00e1s Capel; \u00a0<\/strong><span style=\"color: #000000;\">mientras que el \u00abE\u00bb era el compuesto por<\/span><strong>: \u00a0Jos\u00e9 Carlos Rico, Angel Abell\u00e1n, C\u00e9sar Ortega, Pedro L\u00f3pez y Pablo Cassinello.<br \/>\n<\/strong>Han colaborado en esta edici\u00f3n, la <span style=\"color: #0000ff;\"><strong><span style=\"color: #000080;\">Concejal\u00eda de Deportes del Ayto. de Las Torres de<\/span> <\/strong><span style=\"color: #000080;\"><strong>Cotillas<\/strong><\/span><\/span>, as\u00ed como, <span style=\"color: #ff00ff;\"><strong>ISABEL estilistas<\/strong><\/span> y <strong><span style=\"color: #ff00ff;\">El Acerico<\/span><\/strong>, arreglos de ropa.<br \/>\nEl torneo qued\u00f3 clausurado con el acto de entrega de trofeos a los equipos ganadores, por parte del Pte. de la Asociaci\u00f3n de Tenis Las Torres, <strong>Pepe Mart\u00ednez<\/strong>, quien agradeci\u00f3 a todos su participaci\u00f3n y su deportividad, invit\u00e1ndoles a una nueva edici\u00f3n.<\/span><\/span><\/span><\/p>\n<figure id=\"attachment_1692\" aria-describedby=\"caption-attachment-1692\" style=\"width: 584px\" class=\"wp-caption alignnone\"><a href=\"https:\/\/tenislastorres.com\/tenis\/wp-content\/uploads\/2015\/05\/Campeones.jpg\"><img loading=\"lazy\" decoding=\"async\" class=\"wp-image-1692\" src=\"https:\/\/tenislastorres.com\/tenis\/wp-content\/uploads\/2015\/05\/Campeones.jpg\" alt=\"Campeones\" width=\"584\" height=\"438\" srcset=\"https:\/\/tenislastorres.com\/tenis\/wp-content\/uploads\/2015\/05\/Campeones.jpg 324w, https:\/\/tenislastorres.com\/tenis\/wp-content\/uploads\/2015\/05\/Campeones-300x225.jpg 300w\" sizes=\"auto, (max-width: 584px) 100vw, 584px\" \/><\/a><figcaption id=\"caption-attachment-1692\" class=\"wp-caption-text\">Equipo \u00abB\u00bb &#8211; Campe\u00f3n<\/figcaption><\/figure>\n<figure id=\"attachment_1693\" aria-describedby=\"caption-attachment-1693\" style=\"width: 584px\" class=\"wp-caption alignnone\"><a href=\"https:\/\/tenislastorres.com\/tenis\/wp-content\/uploads\/2015\/05\/Subcampeones.jpg\"><img loading=\"lazy\" decoding=\"async\" class=\"wp-image-1693\" src=\"https:\/\/tenislastorres.com\/tenis\/wp-content\/uploads\/2015\/05\/Subcampeones.jpg\" alt=\"Subcampeones\" width=\"584\" height=\"438\" srcset=\"https:\/\/tenislastorres.com\/tenis\/wp-content\/uploads\/2015\/05\/Subcampeones.jpg 324w, https:\/\/tenislastorres.com\/tenis\/wp-content\/uploads\/2015\/05\/Subcampeones-300x225.jpg 300w\" sizes=\"auto, (max-width: 584px) 100vw, 584px\" \/><\/a><figcaption id=\"caption-attachment-1693\" class=\"wp-caption-text\">Equipo \u00abA\u00bb &#8211; Subcampe\u00f3n<\/figcaption><\/figure>\n<figure id=\"attachment_1694\" aria-describedby=\"caption-attachment-1694\" style=\"width: 584px\" class=\"wp-caption alignnone\"><a href=\"https:\/\/tenislastorres.com\/tenis\/wp-content\/uploads\/2015\/05\/IMG_20150509_162643.jpg\"><img loading=\"lazy\" decoding=\"async\" class=\"wp-image-1694 size-large\" src=\"https:\/\/tenislastorres.com\/tenis\/wp-content\/uploads\/2015\/05\/IMG_20150509_162643-768x1024.jpg\" alt=\"IMG_20150509_162643\" width=\"584\" height=\"779\" srcset=\"https:\/\/tenislastorres.com\/tenis\/wp-content\/uploads\/2015\/05\/IMG_20150509_162643-768x1024.jpg 768w, https:\/\/tenislastorres.com\/tenis\/wp-content\/uploads\/2015\/05\/IMG_20150509_162643-225x300.jpg 225w, https:\/\/tenislastorres.com\/tenis\/wp-content\/uploads\/2015\/05\/IMG_20150509_162643.jpg 1944w\" sizes=\"auto, (max-width: 584px) 100vw, 584px\" \/><\/a><figcaption id=\"caption-attachment-1694\" class=\"wp-caption-text\">Equipo \u00abD\u00bb &#8211; 3\u00ba Clasificado<\/figcaption><\/figure>\n<figure id=\"attachment_1695\" aria-describedby=\"caption-attachment-1695\" style=\"width: 584px\" class=\"wp-caption alignnone\"><a href=\"https:\/\/tenislastorres.com\/tenis\/wp-content\/uploads\/2015\/05\/IMG_20150509_105438.jpg\"><img loading=\"lazy\" decoding=\"async\" class=\"wp-image-1695 size-large\" src=\"https:\/\/tenislastorres.com\/tenis\/wp-content\/uploads\/2015\/05\/IMG_20150509_105438-768x1024.jpg\" alt=\"IMG_20150509_105438\" width=\"584\" height=\"779\" srcset=\"https:\/\/tenislastorres.com\/tenis\/wp-content\/uploads\/2015\/05\/IMG_20150509_105438-768x1024.jpg 768w, https:\/\/tenislastorres.com\/tenis\/wp-content\/uploads\/2015\/05\/IMG_20150509_105438-225x300.jpg 225w, https:\/\/tenislastorres.com\/tenis\/wp-content\/uploads\/2015\/05\/IMG_20150509_105438.jpg 1944w\" sizes=\"auto, (max-width: 584px) 100vw, 584px\" \/><\/a><figcaption id=\"caption-attachment-1695\" class=\"wp-caption-text\">Equipo \u00abC\u00bb<\/figcaption><\/figure>\n<p><a href=\"https:\/\/tenislastorres.com\/tenis\/wp-content\/uploads\/2015\/05\/Fco.Gin\u00e9s.jpg\"><img loading=\"lazy\" decoding=\"async\" class=\"alignnone size-medium wp-image-1697\" src=\"https:\/\/tenislastorres.com\/tenis\/wp-content\/uploads\/2015\/05\/Fco.Gin\u00e9s-225x300.jpg\" alt=\"Fco.Gin\u00e9s\" width=\"225\" height=\"300\" srcset=\"https:\/\/tenislastorres.com\/tenis\/wp-content\/uploads\/2015\/05\/Fco.Gin\u00e9s-225x300.jpg 225w, https:\/\/tenislastorres.com\/tenis\/wp-content\/uploads\/2015\/05\/Fco.Gin\u00e9s.jpg 243w\" sizes=\"auto, (max-width: 225px) 100vw, 225px\" \/><\/a>\u00a0<a href=\"https:\/\/tenislastorres.com\/tenis\/wp-content\/uploads\/2015\/05\/Roberto.jpg\"><img loading=\"lazy\" decoding=\"async\" class=\"alignnone size-medium wp-image-1703\" src=\"https:\/\/tenislastorres.com\/tenis\/wp-content\/uploads\/2015\/05\/Roberto-225x300.jpg\" alt=\"Roberto\" width=\"225\" height=\"300\" srcset=\"https:\/\/tenislastorres.com\/tenis\/wp-content\/uploads\/2015\/05\/Roberto-225x300.jpg 225w, https:\/\/tenislastorres.com\/tenis\/wp-content\/uploads\/2015\/05\/Roberto.jpg 243w\" sizes=\"auto, (max-width: 225px) 100vw, 225px\" \/><\/a><\/p>\n<p><a href=\"https:\/\/tenislastorres.com\/tenis\/wp-content\/uploads\/2015\/05\/Ca\u00f1ete.jpg\"><img loading=\"lazy\" decoding=\"async\" class=\"alignnone size-medium wp-image-1698\" src=\"https:\/\/tenislastorres.com\/tenis\/wp-content\/uploads\/2015\/05\/Ca\u00f1ete-225x300.jpg\" alt=\"Ca\u00f1ete\" width=\"225\" height=\"300\" srcset=\"https:\/\/tenislastorres.com\/tenis\/wp-content\/uploads\/2015\/05\/Ca\u00f1ete-225x300.jpg 225w, https:\/\/tenislastorres.com\/tenis\/wp-content\/uploads\/2015\/05\/Ca\u00f1ete.jpg 243w\" sizes=\"auto, (max-width: 225px) 100vw, 225px\" \/><\/a>\u00a0<a href=\"https:\/\/tenislastorres.com\/tenis\/wp-content\/uploads\/2015\/05\/Eustaquio.jpg\"><img loading=\"lazy\" decoding=\"async\" class=\"alignnone size-medium wp-image-1699\" src=\"https:\/\/tenislastorres.com\/tenis\/wp-content\/uploads\/2015\/05\/Eustaquio-225x300.jpg\" alt=\"Eustaquio\" width=\"225\" height=\"300\" srcset=\"https:\/\/tenislastorres.com\/tenis\/wp-content\/uploads\/2015\/05\/Eustaquio-225x300.jpg 225w, https:\/\/tenislastorres.com\/tenis\/wp-content\/uploads\/2015\/05\/Eustaquio.jpg 243w\" sizes=\"auto, (max-width: 225px) 100vw, 225px\" \/><\/a><br \/>\n<a href=\"https:\/\/tenislastorres.com\/tenis\/wp-content\/uploads\/2015\/05\/Molina.jpg\"><img loading=\"lazy\" decoding=\"async\" class=\"alignnone size-medium wp-image-1700\" src=\"https:\/\/tenislastorres.com\/tenis\/wp-content\/uploads\/2015\/05\/Molina-225x300.jpg\" alt=\"Molina\" width=\"225\" height=\"300\" srcset=\"https:\/\/tenislastorres.com\/tenis\/wp-content\/uploads\/2015\/05\/Molina-225x300.jpg 225w, https:\/\/tenislastorres.com\/tenis\/wp-content\/uploads\/2015\/05\/Molina.jpg 243w\" sizes=\"auto, (max-width: 225px) 100vw, 225px\" \/><\/a>\u00a0<a href=\"https:\/\/tenislastorres.com\/tenis\/wp-content\/uploads\/2015\/05\/Pern\u00edas.jpg\"><img loading=\"lazy\" decoding=\"async\" class=\"alignnone size-medium wp-image-1702\" src=\"https:\/\/tenislastorres.com\/tenis\/wp-content\/uploads\/2015\/05\/Pern\u00edas-225x300.jpg\" alt=\"Pern\u00edas\" width=\"225\" height=\"300\" srcset=\"https:\/\/tenislastorres.com\/tenis\/wp-content\/uploads\/2015\/05\/Pern\u00edas-225x300.jpg 225w, https:\/\/tenislastorres.com\/tenis\/wp-content\/uploads\/2015\/05\/Pern\u00edas.jpg 243w\" sizes=\"auto, (max-width: 225px) 100vw, 225px\" \/><\/a><\/p>\n<p><a href=\"https:\/\/tenislastorres.com\/tenis\/wp-content\/uploads\/2015\/05\/JaviOrtiz.jpg\"><img loading=\"lazy\" decoding=\"async\" class=\"alignnone size-medium wp-image-1701\" src=\"https:\/\/tenislastorres.com\/tenis\/wp-content\/uploads\/2015\/05\/JaviOrtiz-300x168.jpg\" alt=\"JaviOrtiz\" width=\"300\" height=\"168\" srcset=\"https:\/\/tenislastorres.com\/tenis\/wp-content\/uploads\/2015\/05\/JaviOrtiz-300x168.jpg 300w, https:\/\/tenislastorres.com\/tenis\/wp-content\/uploads\/2015\/05\/JaviOrtiz-500x281.jpg 500w, https:\/\/tenislastorres.com\/tenis\/wp-content\/uploads\/2015\/05\/JaviOrtiz.jpg 520w\" sizes=\"auto, (max-width: 300px) 100vw, 300px\" \/><\/a>\u00a0<a href=\"https:\/\/tenislastorres.com\/tenis\/wp-content\/uploads\/2015\/05\/JuanSalvador.jpg\"><img loading=\"lazy\" decoding=\"async\" class=\"alignnone wp-image-1696 size-medium\" src=\"https:\/\/tenislastorres.com\/tenis\/wp-content\/uploads\/2015\/05\/JuanSalvador-300x168.jpg\" alt=\"JuanSalvador\" width=\"300\" height=\"168\" srcset=\"https:\/\/tenislastorres.com\/tenis\/wp-content\/uploads\/2015\/05\/JuanSalvador-300x168.jpg 300w, https:\/\/tenislastorres.com\/tenis\/wp-content\/uploads\/2015\/05\/JuanSalvador-500x281.jpg 500w, https:\/\/tenislastorres.com\/tenis\/wp-content\/uploads\/2015\/05\/JuanSalvador.jpg 520w\" sizes=\"auto, (max-width: 300px) 100vw, 300px\" \/><\/a><br \/>\n<a href=\"https:\/\/tenislastorres.com\/tenis\/wp-content\/uploads\/2015\/05\/Sales.jpg\"><img loading=\"lazy\" decoding=\"async\" class=\"alignnone size-medium wp-image-1704\" src=\"https:\/\/tenislastorres.com\/tenis\/wp-content\/uploads\/2015\/05\/Sales-225x300.jpg\" alt=\"Sales\" width=\"225\" height=\"300\" srcset=\"https:\/\/tenislastorres.com\/tenis\/wp-content\/uploads\/2015\/05\/Sales-225x300.jpg 225w, https:\/\/tenislastorres.com\/tenis\/wp-content\/uploads\/2015\/05\/Sales.jpg 243w\" sizes=\"auto, (max-width: 225px) 100vw, 225px\" \/><\/a>\u00a0<a href=\"https:\/\/tenislastorres.com\/tenis\/wp-content\/uploads\/2015\/05\/Pernias-e-hija.jpg\"><img loading=\"lazy\" decoding=\"async\" class=\"alignnone size-medium wp-image-1705\" src=\"https:\/\/tenislastorres.com\/tenis\/wp-content\/uploads\/2015\/05\/Pernias-e-hija-225x300.jpg\" alt=\"Pernias e hija\" width=\"225\" height=\"300\" srcset=\"https:\/\/tenislastorres.com\/tenis\/wp-content\/uploads\/2015\/05\/Pernias-e-hija-225x300.jpg 225w, https:\/\/tenislastorres.com\/tenis\/wp-content\/uploads\/2015\/05\/Pernias-e-hija-768x1024.jpg 768w, https:\/\/tenislastorres.com\/tenis\/wp-content\/uploads\/2015\/05\/Pernias-e-hija.jpg 1944w\" sizes=\"auto, (max-width: 225px) 100vw, 225px\" \/><\/a><\/p>\n<p><a href=\"https:\/\/tenislastorres.com\/tenis\/wp-content\/uploads\/2015\/05\/Abellan-y-Pepe.jpg\"><img loading=\"lazy\" decoding=\"async\" class=\"alignnone size-medium wp-image-1706\" src=\"https:\/\/tenislastorres.com\/tenis\/wp-content\/uploads\/2015\/05\/Abellan-y-Pepe-225x300.jpg\" alt=\"Abellan y Pepe\" width=\"225\" height=\"300\" srcset=\"https:\/\/tenislastorres.com\/tenis\/wp-content\/uploads\/2015\/05\/Abellan-y-Pepe-225x300.jpg 225w, https:\/\/tenislastorres.com\/tenis\/wp-content\/uploads\/2015\/05\/Abellan-y-Pepe-768x1024.jpg 768w, https:\/\/tenislastorres.com\/tenis\/wp-content\/uploads\/2015\/05\/Abellan-y-Pepe.jpg 1944w\" sizes=\"auto, (max-width: 225px) 100vw, 225px\" \/><\/a>\u00a0<a href=\"https:\/\/tenislastorres.com\/tenis\/wp-content\/uploads\/2015\/05\/Javi.Lesi\u00f3n.jpg\"><img loading=\"lazy\" decoding=\"async\" class=\"alignnone size-medium wp-image-1707\" src=\"https:\/\/tenislastorres.com\/tenis\/wp-content\/uploads\/2015\/05\/Javi.Lesi\u00f3n-225x300.jpg\" alt=\"Javi.Lesi\u00f3n\" width=\"225\" height=\"300\" srcset=\"https:\/\/tenislastorres.com\/tenis\/wp-content\/uploads\/2015\/05\/Javi.Lesi\u00f3n-225x300.jpg 225w, https:\/\/tenislastorres.com\/tenis\/wp-content\/uploads\/2015\/05\/Javi.Lesi\u00f3n-768x1024.jpg 768w, https:\/\/tenislastorres.com\/tenis\/wp-content\/uploads\/2015\/05\/Javi.Lesi\u00f3n.jpg 1944w\" sizes=\"auto, (max-width: 225px) 100vw, 225px\" \/><\/a><\/p>\n<p><a href=\"https:\/\/tenislastorres.com\/tenis\/wp-content\/uploads\/2015\/05\/Publico.jpg\"><img loading=\"lazy\" decoding=\"async\" class=\"alignnone size-medium wp-image-1708\" src=\"https:\/\/tenislastorres.com\/tenis\/wp-content\/uploads\/2015\/05\/Publico-225x300.jpg\" alt=\"Publico\" width=\"225\" height=\"300\" srcset=\"https:\/\/tenislastorres.com\/tenis\/wp-content\/uploads\/2015\/05\/Publico-225x300.jpg 225w, https:\/\/tenislastorres.com\/tenis\/wp-content\/uploads\/2015\/05\/Publico-768x1024.jpg 768w, https:\/\/tenislastorres.com\/tenis\/wp-content\/uploads\/2015\/05\/Publico.jpg 1944w\" sizes=\"auto, (max-width: 225px) 100vw, 225px\" \/><\/a>\u00a0<a href=\"https:\/\/tenislastorres.com\/tenis\/wp-content\/uploads\/2015\/05\/Participantes.jpg\"><img loading=\"lazy\" decoding=\"async\" class=\"alignnone wp-image-1709 size-large\" src=\"https:\/\/tenislastorres.com\/tenis\/wp-content\/uploads\/2015\/05\/Participantes-1024x574.jpg\" alt=\"Participantes\" width=\"584\" height=\"327\" srcset=\"https:\/\/tenislastorres.com\/tenis\/wp-content\/uploads\/2015\/05\/Participantes-1024x574.jpg 1024w, https:\/\/tenislastorres.com\/tenis\/wp-content\/uploads\/2015\/05\/Participantes-300x168.jpg 300w, https:\/\/tenislastorres.com\/tenis\/wp-content\/uploads\/2015\/05\/Participantes-500x280.jpg 500w, https:\/\/tenislastorres.com\/tenis\/wp-content\/uploads\/2015\/05\/Participantes.jpg 1056w\" sizes=\"auto, (max-width: 584px) 100vw, 584px\" \/><br \/>\n<\/a><\/p>\n<p>&nbsp;<\/p>\n<p>&nbsp;<\/p>\n<p>&nbsp;<\/p>\n<p>&nbsp;<\/p>\n<p>&nbsp;<\/p>\n<p>&nbsp;<\/p>\n<p style=\"text-align: justify;\">\n","protected":false},"excerpt":{"rendered":"<p>Un a\u00f1o m\u00e1s, &#8211; y van 16 &#8211; , se han celebrado las 12 horas de tenis que organiza la Asociaci\u00f3n de Tenis Las Torres; en ellas han participado 25 tenistas repartidos en 5 equipos, y que en sistema de liga, todos contra todos, han disfrutado de una gran jornada de tenis en las pistas &hellip; <a href=\"https:\/\/tenislastorres.com\/tenis\/2015\/05\/gran-jornada-de-tenis-en-las-12-horas\/\" class=\"more-link\">Seguir leyendo <span class=\"screen-reader-text\">Gran jornada de tenis en las 12 horas<\/span> <span class=\"meta-nav\">&rarr;<\/span><\/a><\/p>\n","protected":false},"author":2,"featured_media":0,"comment_status":"closed","ping_status":"closed","sticky":false,"template":"","format":"standard","meta":{"footnotes":""},"categories":[3],"tags":[],"class_list":["post-1691","post","type-post","status-publish","format-standard","hentry","category-noticias"],"_links":{"self":[{"href":"https:\/\/tenislastorres.com\/tenis\/wp-json\/wp\/v2\/posts\/1691","targetHints":{"allow":["GET"]}}],"collection":[{"href":"https:\/\/tenislastorres.com\/tenis\/wp-json\/wp\/v2\/posts"}],"about":[{"href":"https:\/\/tenislastorres.com\/tenis\/wp-json\/wp\/v2\/types\/post"}],"author":[{"embeddable":true,"href":"https:\/\/tenislastorres.com\/tenis\/wp-json\/wp\/v2\/users\/2"}],"replies":[{"embeddable":true,"href":"https:\/\/tenislastorres.com\/tenis\/wp-json\/wp\/v2\/comments?post=1691"}],"version-history":[{"count":2,"href":"https:\/\/tenislastorres.com\/tenis\/wp-json\/wp\/v2\/posts\/1691\/revisions"}],"predecessor-version":[{"id":1713,"href":"https:\/\/tenislastorres.com\/tenis\/wp-json\/wp\/v2\/posts\/1691\/revisions\/1713"}],"wp:attachment":[{"href":"https:\/\/tenislastorres.com\/tenis\/wp-json\/wp\/v2\/media?parent=1691"}],"wp:term":[{"taxonomy":"category","embeddable":true,"href":"https:\/\/tenislastorres.com\/tenis\/wp-json\/wp\/v2\/categories?post=1691"},{"taxonomy":"post_tag","embeddable":true,"href":"https:\/\/tenislastorres.com\/tenis\/wp-json\/wp\/v2\/tags?post=1691"}],"curies":[{"name":"wp","href":"https:\/\/api.w.org\/{rel}","templated":true}]}}