{"id":1673,"date":"2015-04-29T00:10:20","date_gmt":"2015-04-28T22:10:20","guid":{"rendered":"http:\/\/tenislastorres.com\/tenis\/?p=1673"},"modified":"2025-07-31T08:52:22","modified_gmt":"2025-07-31T07:52:22","slug":"el-equipo-de-la-att-se-impone-al-club-tenis-mazarron-a","status":"publish","type":"post","link":"https:\/\/tenislastorres.com\/tenis\/2015\/04\/el-equipo-de-la-att-se-impone-al-club-tenis-mazarron-a\/","title":{"rendered":"El equipo de la ATT se impone al Club Tenis Mazarr\u00f3n \u00abA\u00bb"},"content":{"rendered":"<figure id=\"attachment_1679\" aria-describedby=\"caption-attachment-1679\" style=\"width: 584px\" class=\"wp-caption alignnone\"><a href=\"https:\/\/tenislastorres.com\/tenis\/wp-content\/uploads\/2015\/04\/IMG_20150425_170357.jpg\"><img loading=\"lazy\" decoding=\"async\" class=\"wp-image-1679 size-large\" src=\"https:\/\/tenislastorres.com\/tenis\/wp-content\/uploads\/2015\/04\/IMG_20150425_170357-768x1024.jpg\" alt=\"IMG_20150425_170357\" width=\"584\" height=\"779\" srcset=\"https:\/\/tenislastorres.com\/tenis\/wp-content\/uploads\/2015\/04\/IMG_20150425_170357-768x1024.jpg 768w, https:\/\/tenislastorres.com\/tenis\/wp-content\/uploads\/2015\/04\/IMG_20150425_170357-225x300.jpg 225w, https:\/\/tenislastorres.com\/tenis\/wp-content\/uploads\/2015\/04\/IMG_20150425_170357.jpg 1944w\" sizes=\"auto, (max-width: 584px) 100vw, 584px\" \/><\/a><figcaption id=\"caption-attachment-1679\" class=\"wp-caption-text\">Daniel Garc\u00eda y Jes\u00fas Quesada<\/figcaption><\/figure>\n<p style=\"text-align: justify;\"><span style=\"color: #ff0000;\">El equipo absoluto de la <strong>Asociaci\u00f3n de Tenis Las Torres<\/strong>\u00a0(ATT) se ha impuesto al Club de tenis Mazarr\u00f3n \u00abA\u00bb por <strong>6<\/strong> a <strong>1<\/strong>, en partido disputado en las pistas de tenis del Polideportivo Municipal de Las Torres de Cotillas, correspondiente a la 7\u00aa jornada del campeonato por equipos que organiza la <strong>CMTA<\/strong> (Circuito Murciano de Tenistas Amateur).<\/span><br \/>\n<span style=\"color: #ff0000;\"> El n\u00ba 1 del equipo local, <em><strong>Jes\u00fas Quesada<\/strong><\/em>, venci\u00f3 a Daniel Garc\u00eda por 6\/1 6\/4 en un gran partido, donde ambos jugadores demostraron\u00a0un alto nivel de tenis, pese a su juventud.<\/span><br \/>\n<span style=\"color: #ff0000;\"> <em><strong>Rafa Domen\u00e9<\/strong><\/em>, actuando de n\u00ba 2, se deshizo de Jorge Radrig\u00e1n por 6\/0 6\/1, donde el jugador visitante no pudo hacer nada contra la veteran\u00eda y experiencia de Domen\u00e9.<\/span><br \/>\n<span style=\"color: #ff0000;\"> No tuvo suerte Justo Mu\u00f1oz, quien tras\u00a0ganar el primer set por 6\/2, sucumbi\u00f3 en los dos restantes por\u00a06\/0 6\/2, ante el n\u00ba 3 del equipo playero, <em><strong>V\u00edctor L\u00e1zaro<\/strong><\/em>.<\/span><br \/>\n<span style=\"color: #ff0000;\">El individual n\u00ba 4 fue para\u00a0el joven torre\u00f1o, \u00a0<em><strong>Luis Fern\u00e1ndez<\/strong><\/em>, imponi\u00e9ndose al tambi\u00e9n joven mazarronero, Alfonso Oliver\u00a0en tres set, 2\/6 6\/3 6\/2.<\/span><br \/>\n<span style=\"color: #ff0000;\"> Y ya como \u00faltimo enfrentamiento individual, el capit\u00e1n del equipo,\u00a0<strong><em>Jos\u00e9 Antonio<\/em> <em>Granados<\/em><\/strong> venci\u00f3, no sin problemas, en un igualado partido a Ernesto Mart\u00edn por 7\/6 6\/4 en un partido de alternativas, y que a la postre le dar\u00eda la victoria al equipo torre\u00f1o.<\/span><br \/>\n<span style=\"color: #ff0000;\">A continuaci\u00f3n se\u00a0dilucidaron los dos partidos de dobles: en el doble 1,\u00a0<em><strong>Jes\u00fas Quesada \/ Jos\u00e9 Carlos<\/strong> <strong>Rico (ATT)<\/strong><\/em> vencen a Daniel Garc\u00eda \/ Jorgen Radrig\u00e1n por 4\/6 6\/4 (10-4) en el super tie-breack, y\u00a0<em><strong>Justo Mu\u00f1oz \/ Rafa Domen\u00e9<\/strong><\/em>\u00a0a V\u00edctor L\u00e1zaro \/ Alfonso Oliver \u00a0por un doble 6\/2.<\/span><br \/>\n<span style=\"color: #ff0000;\"> Tarde muy soleada y de buen ambiente en el Polideportivo Municipal, donde la deportividad y el alto nivel de juego exhibido por ambos equipos fueron las notas resaltables de este enfrentamiento.<\/span><br \/>\n<span style=\"color: #ff0000;\"> Enhorabuena al equipo torre\u00f1o.<\/span><\/p>\n<p>&nbsp;<\/p>\n<figure id=\"attachment_1680\" aria-describedby=\"caption-attachment-1680\" style=\"width: 584px\" class=\"wp-caption alignnone\"><a href=\"https:\/\/tenislastorres.com\/tenis\/wp-content\/uploads\/2015\/04\/IMG_20150425_170814.jpg\"><img loading=\"lazy\" decoding=\"async\" class=\"wp-image-1680 size-large\" src=\"https:\/\/tenislastorres.com\/tenis\/wp-content\/uploads\/2015\/04\/IMG_20150425_170814-768x1024.jpg\" alt=\"IMG_20150425_170814\" width=\"584\" height=\"779\" srcset=\"https:\/\/tenislastorres.com\/tenis\/wp-content\/uploads\/2015\/04\/IMG_20150425_170814-768x1024.jpg 768w, https:\/\/tenislastorres.com\/tenis\/wp-content\/uploads\/2015\/04\/IMG_20150425_170814-225x300.jpg 225w, https:\/\/tenislastorres.com\/tenis\/wp-content\/uploads\/2015\/04\/IMG_20150425_170814.jpg 1944w\" sizes=\"auto, (max-width: 584px) 100vw, 584px\" \/><\/a><figcaption id=\"caption-attachment-1680\" class=\"wp-caption-text\">Jorge Radrig\u00e1n y Rafa Domen\u00e9<\/figcaption><\/figure>\n<figure id=\"attachment_1681\" aria-describedby=\"caption-attachment-1681\" style=\"width: 584px\" class=\"wp-caption alignnone\"><a href=\"https:\/\/tenislastorres.com\/tenis\/wp-content\/uploads\/2015\/04\/IMG_20150425_170958.jpg\"><img loading=\"lazy\" decoding=\"async\" class=\"wp-image-1681 size-large\" src=\"https:\/\/tenislastorres.com\/tenis\/wp-content\/uploads\/2015\/04\/IMG_20150425_170958-768x1024.jpg\" alt=\"IMG_20150425_170958\" width=\"584\" height=\"779\" srcset=\"https:\/\/tenislastorres.com\/tenis\/wp-content\/uploads\/2015\/04\/IMG_20150425_170958-768x1024.jpg 768w, https:\/\/tenislastorres.com\/tenis\/wp-content\/uploads\/2015\/04\/IMG_20150425_170958-225x300.jpg 225w, https:\/\/tenislastorres.com\/tenis\/wp-content\/uploads\/2015\/04\/IMG_20150425_170958.jpg 1944w\" sizes=\"auto, (max-width: 584px) 100vw, 584px\" \/><\/a><figcaption id=\"caption-attachment-1681\" class=\"wp-caption-text\">V\u00edctor L\u00e1zaro y Justo Mu\u00f1oz<\/figcaption><\/figure>\n<figure id=\"attachment_1682\" aria-describedby=\"caption-attachment-1682\" style=\"width: 584px\" class=\"wp-caption alignnone\"><a href=\"https:\/\/tenislastorres.com\/tenis\/wp-content\/uploads\/2015\/04\/IMG_20150425_170524.jpg\"><img loading=\"lazy\" decoding=\"async\" class=\"wp-image-1682 size-large\" src=\"https:\/\/tenislastorres.com\/tenis\/wp-content\/uploads\/2015\/04\/IMG_20150425_170524-768x1024.jpg\" alt=\"IMG_20150425_170524\" width=\"584\" height=\"779\" srcset=\"https:\/\/tenislastorres.com\/tenis\/wp-content\/uploads\/2015\/04\/IMG_20150425_170524-768x1024.jpg 768w, https:\/\/tenislastorres.com\/tenis\/wp-content\/uploads\/2015\/04\/IMG_20150425_170524-225x300.jpg 225w, https:\/\/tenislastorres.com\/tenis\/wp-content\/uploads\/2015\/04\/IMG_20150425_170524.jpg 1944w\" sizes=\"auto, (max-width: 584px) 100vw, 584px\" \/><\/a><figcaption id=\"caption-attachment-1682\" class=\"wp-caption-text\">Alfonso Oliver y Luis Fern\u00e1ndez<\/figcaption><\/figure>\n<figure id=\"attachment_1683\" aria-describedby=\"caption-attachment-1683\" style=\"width: 584px\" class=\"wp-caption alignnone\"><a href=\"https:\/\/tenislastorres.com\/tenis\/wp-content\/uploads\/2015\/04\/IMG_20150425_170307.jpg\"><img loading=\"lazy\" decoding=\"async\" class=\"wp-image-1683 size-large\" src=\"https:\/\/tenislastorres.com\/tenis\/wp-content\/uploads\/2015\/04\/IMG_20150425_170307-768x1024.jpg\" alt=\"IMG_20150425_170307\" width=\"584\" height=\"779\" srcset=\"https:\/\/tenislastorres.com\/tenis\/wp-content\/uploads\/2015\/04\/IMG_20150425_170307-768x1024.jpg 768w, https:\/\/tenislastorres.com\/tenis\/wp-content\/uploads\/2015\/04\/IMG_20150425_170307-225x300.jpg 225w, https:\/\/tenislastorres.com\/tenis\/wp-content\/uploads\/2015\/04\/IMG_20150425_170307.jpg 1944w\" sizes=\"auto, (max-width: 584px) 100vw, 584px\" \/><\/a><figcaption id=\"caption-attachment-1683\" class=\"wp-caption-text\">Jos\u00e9 Antonio Granados y Ernesto Mart\u00edn<\/figcaption><\/figure>\n<p style=\"text-align: justify;\"><span style=\"color: #ff0000;\">\u00a0<\/span><\/p>\n","protected":false},"excerpt":{"rendered":"<p>El equipo absoluto de la Asociaci\u00f3n de Tenis Las Torres\u00a0(ATT) se ha impuesto al Club de tenis Mazarr\u00f3n \u00abA\u00bb por 6 a 1, en partido disputado en las pistas de tenis del Polideportivo Municipal de Las Torres de Cotillas, correspondiente a la 7\u00aa jornada del campeonato por equipos que organiza la CMTA (Circuito Murciano de &hellip; <a href=\"https:\/\/tenislastorres.com\/tenis\/2015\/04\/el-equipo-de-la-att-se-impone-al-club-tenis-mazarron-a\/\" class=\"more-link\">Seguir leyendo <span class=\"screen-reader-text\">El equipo de la ATT se impone al Club Tenis Mazarr\u00f3n \u00abA\u00bb<\/span> <span class=\"meta-nav\">&rarr;<\/span><\/a><\/p>\n","protected":false},"author":2,"featured_media":0,"comment_status":"closed","ping_status":"closed","sticky":false,"template":"","format":"standard","meta":{"footnotes":""},"categories":[3],"tags":[],"class_list":["post-1673","post","type-post","status-publish","format-standard","hentry","category-noticias"],"_links":{"self":[{"href":"https:\/\/tenislastorres.com\/tenis\/wp-json\/wp\/v2\/posts\/1673","targetHints":{"allow":["GET"]}}],"collection":[{"href":"https:\/\/tenislastorres.com\/tenis\/wp-json\/wp\/v2\/posts"}],"about":[{"href":"https:\/\/tenislastorres.com\/tenis\/wp-json\/wp\/v2\/types\/post"}],"author":[{"embeddable":true,"href":"https:\/\/tenislastorres.com\/tenis\/wp-json\/wp\/v2\/users\/2"}],"replies":[{"embeddable":true,"href":"https:\/\/tenislastorres.com\/tenis\/wp-json\/wp\/v2\/comments?post=1673"}],"version-history":[{"count":4,"href":"https:\/\/tenislastorres.com\/tenis\/wp-json\/wp\/v2\/posts\/1673\/revisions"}],"predecessor-version":[{"id":1686,"href":"https:\/\/tenislastorres.com\/tenis\/wp-json\/wp\/v2\/posts\/1673\/revisions\/1686"}],"wp:attachment":[{"href":"https:\/\/tenislastorres.com\/tenis\/wp-json\/wp\/v2\/media?parent=1673"}],"wp:term":[{"taxonomy":"category","embeddable":true,"href":"https:\/\/tenislastorres.com\/tenis\/wp-json\/wp\/v2\/categories?post=1673"},{"taxonomy":"post_tag","embeddable":true,"href":"https:\/\/tenislastorres.com\/tenis\/wp-json\/wp\/v2\/tags?post=1673"}],"curies":[{"name":"wp","href":"https:\/\/api.w.org\/{rel}","templated":true}]}}