{"id":1652,"date":"2015-04-12T21:10:40","date_gmt":"2015-04-12T19:10:40","guid":{"rendered":"http:\/\/tenislastorres.com\/tenis\/?p=1652"},"modified":"2025-07-31T08:52:22","modified_gmt":"2025-07-31T07:52:22","slug":"las-xvi-12-horas-de-tenis-ya-estan-en-marcha","status":"publish","type":"post","link":"https:\/\/tenislastorres.com\/tenis\/2015\/04\/las-xvi-12-horas-de-tenis-ya-estan-en-marcha\/","title":{"rendered":"Las XVI 12 horas de Tenis ya est\u00e1n en marcha"},"content":{"rendered":"<p><span style=\"color: #ff0000;\">La <strong>XVI edici\u00f3n de las 12 Horas de Tenis<\/strong> se va a celebrar el pr\u00f3ximo <strong>S\u00e1bado, 9 de<\/strong> <strong>Mayo&#8217;15<\/strong> en las pistas de tenis del Polideportivo de Las Torres de Cotillas; para\u00a0dicho evento la Concejal\u00eda de Deportes del Ayto. de Las Torres de Cotillas ha puesto a disposici\u00f3n de la Asociaci\u00f3n de Tenis Las Torres las 5 pistas de Tenis.<\/span><br \/>\n<span style=\"color: #ff0000;\"> Como en a\u00f1os precedentes, dar\u00e1 comienzo a las <strong>8 de la ma\u00f1ana<\/strong>, estando previsto su finalizaci\u00f3n para las 8 de la tarde-noche. El sistema ser\u00e1 una liguilla por equipos, formados por 4 jugadores de distinto nivel de juego, enfrent\u00e1ndose entre s\u00ed\u00a0los de su mismo nivel.<\/span><br \/>\n<span style=\"color: #ff0000;\"> La Asociaci\u00f3n de Tenis Las Torres, organizadora del torneo, pondr\u00e1 a disposici\u00f3n de los participantes <strong>consumiciones<\/strong>, as\u00ed como<strong> bolas<\/strong> y <strong>trofeos<\/strong> para los equipos vencedores.<\/span><br \/>\n<span style=\"color: #ff0000;\"> La expectaci\u00f3n est\u00e1 asegurada en esta fiesta del tenis, donde siempre se llega al final con la incertidumbre de saber los equipos ganadores, sin estar nada decidido hasta el \u00faltimo partido.<\/span><br \/>\n<span style=\"color: #ff0000;\"> Colaboran en el torneo la <strong><em>Concejal\u00eda de Deportes del Ayto de Las Torres de Cotillas<\/em><\/strong>, <strong><em>is<span style=\"color: #800080;\">A<\/span>bel estilistas<\/em><\/strong> y <em><strong>El Acerico.<\/strong><\/em><\/span><\/p>\n<p><span style=\"color: #808000;\">\u00a0<\/span><\/p>\n","protected":false},"excerpt":{"rendered":"<p>La XVI edici\u00f3n de las 12 Horas de Tenis se va a celebrar el pr\u00f3ximo S\u00e1bado, 9 de Mayo&#8217;15 en las pistas de tenis del Polideportivo de Las Torres de Cotillas; para\u00a0dicho evento la Concejal\u00eda de Deportes del Ayto. de Las Torres de Cotillas ha puesto a disposici\u00f3n de la Asociaci\u00f3n de Tenis Las Torres &hellip; <a href=\"https:\/\/tenislastorres.com\/tenis\/2015\/04\/las-xvi-12-horas-de-tenis-ya-estan-en-marcha\/\" class=\"more-link\">Seguir leyendo <span class=\"screen-reader-text\">Las XVI 12 horas de Tenis ya est\u00e1n en marcha<\/span> <span class=\"meta-nav\">&rarr;<\/span><\/a><\/p>\n","protected":false},"author":2,"featured_media":0,"comment_status":"closed","ping_status":"closed","sticky":false,"template":"","format":"standard","meta":{"footnotes":""},"categories":[3,1],"tags":[],"class_list":["post-1652","post","type-post","status-publish","format-standard","hentry","category-noticias","category-sin-categoria"],"_links":{"self":[{"href":"https:\/\/tenislastorres.com\/tenis\/wp-json\/wp\/v2\/posts\/1652","targetHints":{"allow":["GET"]}}],"collection":[{"href":"https:\/\/tenislastorres.com\/tenis\/wp-json\/wp\/v2\/posts"}],"about":[{"href":"https:\/\/tenislastorres.com\/tenis\/wp-json\/wp\/v2\/types\/post"}],"author":[{"embeddable":true,"href":"https:\/\/tenislastorres.com\/tenis\/wp-json\/wp\/v2\/users\/2"}],"replies":[{"embeddable":true,"href":"https:\/\/tenislastorres.com\/tenis\/wp-json\/wp\/v2\/comments?post=1652"}],"version-history":[{"count":6,"href":"https:\/\/tenislastorres.com\/tenis\/wp-json\/wp\/v2\/posts\/1652\/revisions"}],"predecessor-version":[{"id":1663,"href":"https:\/\/tenislastorres.com\/tenis\/wp-json\/wp\/v2\/posts\/1652\/revisions\/1663"}],"wp:attachment":[{"href":"https:\/\/tenislastorres.com\/tenis\/wp-json\/wp\/v2\/media?parent=1652"}],"wp:term":[{"taxonomy":"category","embeddable":true,"href":"https:\/\/tenislastorres.com\/tenis\/wp-json\/wp\/v2\/categories?post=1652"},{"taxonomy":"post_tag","embeddable":true,"href":"https:\/\/tenislastorres.com\/tenis\/wp-json\/wp\/v2\/tags?post=1652"}],"curies":[{"name":"wp","href":"https:\/\/api.w.org\/{rel}","templated":true}]}}