{"id":1650,"date":"2015-04-12T20:44:59","date_gmt":"2015-04-12T18:44:59","guid":{"rendered":"http:\/\/tenislastorres.com\/tenis\/?p=1650"},"modified":"2025-07-31T08:52:22","modified_gmt":"2025-07-31T07:52:22","slug":"resultados-liga-tenis-abril15","status":"publish","type":"post","link":"https:\/\/tenislastorres.com\/tenis\/2015\/04\/resultados-liga-tenis-abril15\/","title":{"rendered":"Resultados liga Tenis &#8211; Abril&#8217;15"},"content":{"rendered":"<p><span style=\"color: #800000;\"><strong>Resultados de partidos de liga de tenis jugados durante el mes de Abril&#8217;15, por orden de llegada a la organizaci\u00f3n:<\/strong><\/span><\/p>\n<ol>\n<li><span style=\"color: #000080;\">Master &#8211; Paco Ruiz &amp; Fco. Gin\u00e9s Iniesta . . . . . . . . . . . . 6\/2 7\/5<\/span><\/li>\n<li><span style=\"color: #000080;\">1\u00aa A &#8211; Jos\u00e9 Antonio D\u00f3lera &amp; Fco. Javier Alc\u00e1zar . . . . . \u00a06\/1 7\/5<\/span><\/li>\n<li><span style=\"color: #000080;\">1\u00aa B &#8211; Andr\u00e9s Camacho &amp; Antonio Luque . . . . . . . . . . . \u00a06\/1 6\/3<\/span><\/li>\n<li><span style=\"color: #000080;\">2\u00aa A &#8211; Miguel Pay &amp; Jes\u00fas G\u00f3mez . . . . . . . . . . . . . . . . . .6\/2 3\/6 6\/4<\/span><\/li>\n<li><span style=\"color: #000080;\">Honor &#8211; Nacho Aliaga &amp; Pepe Mart\u00ednez . . . . . . . . . . . . . . 6\/1 6\/3<\/span><\/li>\n<li><span style=\"color: #000080;\">Master &#8211; Abel Garc\u00eda &amp; Jos\u00e9 Antonio Gil . . . . . . . . . . . . . 6\/1 6\/3<\/span><\/li>\n<li><span style=\"color: #000080;\">2\u00aa B &#8211; Javier Ortiz &amp; Onofre Gonz\u00e1lez . . . . . . . . . . . . . . .4\/6 6\/3 6\/3<\/span><\/li>\n<li><span style=\"color: #000080;\">Veteranos &#8211; Jes\u00fas Bermejo &amp; Jes\u00fas D\u00f3lera . . . . . . . . . . 6\/0 6\/0<\/span><\/li>\n<li><span style=\"color: #000080;\">1\u00aa B &#8211; Carlos Sandoval &amp; Jos\u00e9 Serna . . . . . . . . . . . . . . . .6\/4 7\/5<\/span><\/li>\n<li><span style=\"color: #000080;\">2\u00aa A &#8211; Juan Carlos P\u00e9rez &amp; Jos\u00e9 L\u00f3pez Balib. . . . . . . . . .6\/4 6\/2<\/span><\/li>\n<li><span style=\"color: #000080;\">3\u00aa B &#8211; Daniel G\u00f3mez &amp; Sergio Belda . . . . . . . . . . . . . . . ..6\/4 1\/6 6\/4<\/span><\/li>\n<li><span style=\"color: #000080;\">1\u00aa A &#8211; C\u00e9sar Ortega &amp; Pablo Leante . . . . . . . . . . . . . . . . .6\/4 7\/6<\/span><\/li>\n<li><span style=\"color: #000080;\">1\u00aa B &#8211; Lorenzo Jim\u00e9nez &amp; Andr\u00e9s Camacho . . . . . . . . . . 6\/4 4\/6 6\/3<\/span><\/li>\n<li><span style=\"color: #000080;\">1\u00aa B &#8211; Lorenzo Jim\u00e9nez &amp; Fco. Hern\u00e1ndez . . . . . . . . . . . 6\/3 6\/4<\/span><\/li>\n<li><span style=\"color: #000080;\">1\u00aa B &#8211; Jos\u00e9 Ignacio Mtez. &amp; Andr\u00e9s Camacho . . . . . . . . . 6\/2 3\/6 6\/1<\/span><\/li>\n<li><span style=\"color: #000080;\">3\u00aa A &#8211; Juan Ant. Esparza &amp; Juan Zapata . . . . . . . . . . . . . .6\/2 6\/3<\/span><\/li>\n<li><span style=\"color: #000080;\">1\u00aa A &#8211; Antonio Fco. Mart\u00ednez &amp; Jos\u00e9 Ant. Fuentes . . . . . . 7\/5 6\/3<\/span><\/li>\n<li><span style=\"color: #000080;\">Veteranos &#8211; Pepe Fern\u00e1ndez &amp; Jes\u00fas D\u00f3lera . . . . . . . . . 6\/0 6\/3<\/span><\/li>\n<li><span style=\"color: #000080;\"><span style=\"color: #000080;\"><span style=\"color: #000080;\">Veteranos &#8211; Pepe Fern\u00e1ndez &amp; Paco Ros . . . . . . . . . . . . 6\/0 6\/1<br \/>\n<\/span><\/span><\/span><\/p>\n<p><figure id=\"attachment_1660\" aria-describedby=\"caption-attachment-1660\" style=\"width: 225px\" class=\"wp-caption alignnone\"><a href=\"https:\/\/tenislastorres.com\/tenis\/wp-content\/uploads\/2015\/04\/Paco-Ros-y-Pepe-Fdez.jpg\"><img loading=\"lazy\" decoding=\"async\" class=\"wp-image-1660 size-medium\" src=\"https:\/\/tenislastorres.com\/tenis\/wp-content\/uploads\/2015\/04\/Paco-Ros-y-Pepe-Fdez-225x300.jpg\" alt=\"Paco Ros y Pepe Fdez\" width=\"225\" height=\"300\" srcset=\"https:\/\/tenislastorres.com\/tenis\/wp-content\/uploads\/2015\/04\/Paco-Ros-y-Pepe-Fdez-225x300.jpg 225w, https:\/\/tenislastorres.com\/tenis\/wp-content\/uploads\/2015\/04\/Paco-Ros-y-Pepe-Fdez-768x1024.jpg 768w, https:\/\/tenislastorres.com\/tenis\/wp-content\/uploads\/2015\/04\/Paco-Ros-y-Pepe-Fdez.jpg 1944w\" sizes=\"auto, (max-width: 225px) 100vw, 225px\" \/><\/a><figcaption id=\"caption-attachment-1660\" class=\"wp-caption-text\">Paco Ros y Pepe Fdez (Veteranos+50 a\u00f1os)<\/figcaption><\/figure><\/li>\n<li><span style=\"color: #000080;\">1\u00aa A &#8211; Dani Ca\u00f1ete &amp; Eduardo Ballesta . . . . . . . . . . . . . 6\/1 6\/4<\/span><\/li>\n<li><span style=\"color: #000080;\">3\u00aa A &#8211; Rafa Werner &amp; Juan Mart\u00ednez . . . . . . . . . . . . . . . 6\/0 6\/1\u00a0<\/span><\/li>\n<li><span style=\"color: #000080;\">Veteranos &#8211; Eustaquio Cascales &amp; Jes\u00fas Barquilla . . . 6\/3 6\/2<\/span><\/li>\n<li><span style=\"color: #000080;\">3\u00aa A &#8211; Roberto Carlos Esp. &amp; David Mar\u00edn . . . . . . . . . . .6\/1 6\/3<\/span><\/li>\n<li><span style=\"color: #000080;\">2\u00aa B &#8211; Juli\u00e1n Ceacero &amp; Jos\u00e9 A. Contreras . . . . . . . . . . 4\/6 6\/4 6\/4<\/span><\/li>\n<li><span style=\"color: #000080;\">2\u00ba A &#8211; \u00a0Pedro Jos\u00e9 Ortu\u00f1o &amp; Jes\u00fas G\u00f3mez. . . . . . . . . . 7\/5 1\/6 6\/3<\/span><\/li>\n<li><span style=\"color: #000080;\">Master &#8211; Abel Garc\u00eda &amp; Paco Ruiz . . . . . . . . . . . . . . . . . 6\/1 6\/1<\/span><\/li>\n<li><span style=\"color: #000080;\">2\u00aa B &#8211; Isidoro Jes\u00fas Casanova &amp; Antonio Almagro . . . . 4\/6 6\/4 7\/5<\/span><\/li>\n<li><span style=\"color: #000080;\">3\u00aa A &#8211; Olegario Breis &amp; David \u00a0Samper . . . . . . . . . . . . . .6\/2 6\/1<\/span><\/li>\n<li><span style=\"color: #000080;\">3\u00aa A &#8211; Juan Jos\u00e9 S\u00e1nchez &amp; Gregorio Mar\u00edn . . . . . . . . . .6\/1 6\/2<\/span><\/li>\n<li><span style=\"color: #000080;\">Veteranos &#8211; Jos\u00e9 Carlos Samper &amp; Mariano Samper . . 3\/6 6\/2 6\/0<\/span><\/li>\n<li><span style=\"color: #000080;\">3\u00aa B &#8211; Sergio Belda &amp; Juan Carlos Jim\u00e9nez . . . . . . . . . .6\/2 6\/1<\/span><\/li>\n<li><span style=\"color: #000080;\">3\u00aa B &#8211; Miguel Molina &amp; Sergio Belda . . . . . . . . . . . . . . . . 6\/2 3\/6 6\/2<\/span><\/li>\n<li><span style=\"color: #000080;\">Honor &#8211; Pascual Mero\u00f1o &amp; Nacho Aliaga . . . . . . . . . . . . 6\/2 6\/2<\/span><\/li>\n<li><span style=\"color: #000080;\">Master &#8211; Abel Garc\u00eda &amp; Justo Mu\u00f1oz . . . . . . . . . . . . . . . .7\/6 6\/4<\/span>\n<p><figure id=\"attachment_1420\" aria-describedby=\"caption-attachment-1420\" style=\"width: 255px\" class=\"wp-caption alignnone\"><a href=\"https:\/\/tenislastorres.com\/tenis\/wp-content\/uploads\/2014\/08\/Abel-y-Justo.jpg\"><img loading=\"lazy\" decoding=\"async\" class=\"wp-image-1420\" src=\"https:\/\/tenislastorres.com\/tenis\/wp-content\/uploads\/2014\/08\/Abel-y-Justo-225x300.jpg\" alt=\"Abel y Justo\" width=\"255\" height=\"340\" srcset=\"https:\/\/tenislastorres.com\/tenis\/wp-content\/uploads\/2014\/08\/Abel-y-Justo-225x300.jpg 225w, https:\/\/tenislastorres.com\/tenis\/wp-content\/uploads\/2014\/08\/Abel-y-Justo-768x1024.jpg 768w, https:\/\/tenislastorres.com\/tenis\/wp-content\/uploads\/2014\/08\/Abel-y-Justo.jpg 1920w\" sizes=\"auto, (max-width: 255px) 100vw, 255px\" \/><\/a><figcaption id=\"caption-attachment-1420\" class=\"wp-caption-text\">Abel Garc\u00eda y Justo Mu\u00f1oz (cat. Master)<\/figcaption><\/figure><\/li>\n<li><span style=\"color: #000080;\">Veteranos &#8211; Jos\u00e9 Carlos Samper &amp; Jes\u00fas Barquilla . . . . . . . 6\/2 6\/2<\/span><\/li>\n<li><span style=\"color: #000080;\">1\u00aa B &#8211; Jos\u00e9 Ignacio Mtez. &amp; Jos\u00e9 Luis Leante . . . . . . . . . . . . 6\/4 6\/1<\/span><\/li>\n<li><span style=\"color: #000080;\">Master &#8211; Fco. Gin\u00e9s Iniesta &amp; Paco Planes . . . . . . . . . . . . . . 5\/7 7\/6 6\/3<\/span><\/li>\n<li><span style=\"color: #000080;\">1\u00aa B &#8211; Gin\u00e9s Pern\u00edas &amp; Agust\u00edn C\u00e1novas . . . . . . . . . . . . . . . . 6\/1 6\/4<\/span><\/li>\n<li><span style=\"color: #000080;\">2\u00aa B &#8211; Javier Ortiz &amp; Antonio Almagro . . . . . . . . . . . . . . . . . . .6\/2 6\/3<\/span><\/li>\n<li><span style=\"color: #000080;\">Honor &#8211; Juan Salvador P\u00e1rraga &amp; Jos\u00e9 Carlos Rico . . . . . . . 6\/3 6\/1<\/span><\/li>\n<li><span style=\"color: #000080;\">Veteranos &#8211; Jos\u00e9 Barquero &amp; Roque Guill\u00e9n . . . . . . . . . . . . . 7\/6 6\/1<\/span><\/li>\n<li><span style=\"color: #000080;\">2\u00aa A &#8211; Joaqu\u00edn Moreno &amp; Gin\u00e9s Hidalgo . . . . . . . . . . . . . . . . . 6\/3 6\/2<\/span><\/li>\n<li><span style=\"color: #000080;\">Honor &#8211; Sergio Romero &amp; Dani T\u00e9var . . . . . . . . . . . . . . . . . . 6\/3 7\/6<\/span><\/li>\n<li><span style=\"color: #000080;\">2\u00aa A &#8211; Dani Mart\u00ednez &amp; Pedro Angel Sales . . . . . . . . . . . . . . . 6\/2 6\/1<\/span><\/li>\n<li><span style=\"color: #000080;\">Honor &#8211; Juan Salvador P\u00e1rraga &amp; Antonio Fuentes . . . . . . . . 6\/3 6\/2<\/span><\/li>\n<li><span style=\"color: #000080;\">1\u00aa B &#8211; Lorenzo Jim\u00e9nez &amp; Silvio A. Carrillo . . . . . . . . . . . . . . .6\/2 6\/0<\/span><\/li>\n<li><span style=\"color: #000080;\">1\u00aa A &#8211; V\u00edctor Roncero &amp; Fco. Jos\u00e9 Pujante . . . . . . . . . . . . . . .6\/0 6\/2<\/span><\/li>\n<li><span style=\"color: #000080;\">1\u00aa B &#8211; Jos\u00e9 Ignacio Mtez. &amp; Francisco Hern\u00e1ndez . . . . . . . . .6\/4 4\/6 6\/4<\/span><\/li>\n<li><span style=\"color: #000080;\">Master &#8211; Alfonso Gamb\u00edn &amp; Jos\u00e9 Tom\u00e1s Blaya . . . . . . . . . . . 6\/4 4\/6 6\/3<\/span><\/li>\n<li><span style=\"color: #000080;\">1\u00aa A &#8211; Jes\u00fas Miguel Caravaca &amp; Antonio Fco. Mart\u00ednez . . . . . 6\/0 6\/3<\/span><\/li>\n<li><span style=\"color: #000080;\">Master &#8211; Justo Mu\u00f1oz &amp; Rom\u00e1n Mart\u00ed . . . . . . . . . . . . . . . . . . .7\/6 (6) 6\/3<\/span><\/li>\n<li><span style=\"color: #000080;\">Honor &#8211; Angel Abell\u00e1n &amp; Dani T\u00e9var . . . . . . . . . . . . . . . . . . . . 7\/6 (3) 7\/6 (0)<\/span><\/li>\n<li><span style=\"color: #000080;\"><span style=\"color: #000080;\">3\u00aa A &#8211; Roberto Carlos Espinosa &amp; Jos\u00e9 Tom\u00e1s Capel . . . . . \u00a06\/3 6\/1<\/span><\/span>\n<p><figure id=\"attachment_1676\" aria-describedby=\"caption-attachment-1676\" style=\"width: 278px\" class=\"wp-caption alignnone\"><a href=\"https:\/\/tenislastorres.com\/tenis\/wp-content\/uploads\/2015\/04\/Capel-y-Roberto.jpg\"><img loading=\"lazy\" decoding=\"async\" class=\"wp-image-1676\" src=\"https:\/\/tenislastorres.com\/tenis\/wp-content\/uploads\/2015\/04\/Capel-y-Roberto-225x300.jpg\" alt=\"Capel y Roberto\" width=\"278\" height=\"367\" \/><\/a><figcaption id=\"caption-attachment-1676\" class=\"wp-caption-text\">Jos\u00e9 Tom\u00e1s Capel y Roberto Carlos Espinosa (3\u00aaA)<\/figcaption><\/figure><\/li>\n<li><span style=\"color: #000080;\">Veteranos &#8211; Jos\u00e9 Barquero &amp; Paco Ros . . . . . . . . . . . \u00a06\/1 6\/2<\/span><\/li>\n<li><span style=\"color: #000080;\">3\u00aa A &#8211; Juan Antonio Esparza &amp; Jos\u00e9 Tom\u00e1s Capel . . . \u00a06\/1 6\/3<\/span><\/li>\n<li><span style=\"color: #000080;\">Honor &#8211; Juan Salvador P\u00e1rraga &amp; Nacho Aliaga . . . . . \u00a06\/3 6\/2<\/span><\/li>\n<li><span style=\"color: #000080;\">Honor &#8211; Dani T\u00e9var &amp; Pepe Mart\u00ednez \u00a0. . . . . . . . . . . . . . 6\/3 6\/1<\/span><\/li>\n<li><span style=\"color: #000080;\">1\u00aa B &#8211; Silvio A. Carrillo &amp; Jos\u00e9 Ignacio Mart\u00ednez . . . . . . 2\/6 6\/3 6\/4<\/span><\/li>\n<li><span style=\"color: #000080;\">Veteranos &#8211; Mariano Samper &amp; Luis Fern\u00e1ndez . . . . . \u00a06\/4 1\/6 7\/6<\/span><\/li>\n<li><span style=\"color: #000080;\">1\u00aa B &#8211; Francisco Hern\u00e1ndez &amp; Antonio Luque . . . . . . . 6\/0 6\/1<\/span><\/li>\n<li><span style=\"color: #000080;\">3\u00aa A &#8211; Juan Antonio Esparza &amp; Juan Jos\u00e9 S\u00e1nchez . . .4\/6 6\/4 6\/3<\/span><\/li>\n<li><span style=\"color: #000080;\">1\u00aa A &#8211; Jes\u00fas Miguel Caravaca &amp; Jorge Pe\u00f1as . . . . . . . .6\/1 6\/4<\/span><\/li>\n<li><span style=\"color: #000080;\">Master &#8211; Abel Garc\u00eda &amp; Jos\u00e9 Tom\u00e1s Blaya . . . . . . . . . . 6\/0 4\/6 6\/2<\/span><\/li>\n<\/ol>\n","protected":false},"excerpt":{"rendered":"<p>Resultados de partidos de liga de tenis jugados durante el mes de Abril&#8217;15, por orden de llegada a la organizaci\u00f3n: Master &#8211; Paco Ruiz &amp; Fco. Gin\u00e9s Iniesta . . . . . . . . . . . . 6\/2 7\/5 1\u00aa A &#8211; Jos\u00e9 Antonio D\u00f3lera &amp; Fco. Javier Alc\u00e1zar . . . &hellip; <a href=\"https:\/\/tenislastorres.com\/tenis\/2015\/04\/resultados-liga-tenis-abril15\/\" class=\"more-link\">Seguir leyendo <span class=\"screen-reader-text\">Resultados liga Tenis &#8211; Abril&#8217;15<\/span> <span class=\"meta-nav\">&rarr;<\/span><\/a><\/p>\n","protected":false},"author":2,"featured_media":0,"comment_status":"closed","ping_status":"closed","sticky":false,"template":"","format":"standard","meta":{"footnotes":""},"categories":[13,3],"tags":[],"class_list":["post-1650","post","type-post","status-publish","format-standard","hentry","category-liga-2014-2015","category-noticias"],"_links":{"self":[{"href":"https:\/\/tenislastorres.com\/tenis\/wp-json\/wp\/v2\/posts\/1650","targetHints":{"allow":["GET"]}}],"collection":[{"href":"https:\/\/tenislastorres.com\/tenis\/wp-json\/wp\/v2\/posts"}],"about":[{"href":"https:\/\/tenislastorres.com\/tenis\/wp-json\/wp\/v2\/types\/post"}],"author":[{"embeddable":true,"href":"https:\/\/tenislastorres.com\/tenis\/wp-json\/wp\/v2\/users\/2"}],"replies":[{"embeddable":true,"href":"https:\/\/tenislastorres.com\/tenis\/wp-json\/wp\/v2\/comments?post=1650"}],"version-history":[{"count":10,"href":"https:\/\/tenislastorres.com\/tenis\/wp-json\/wp\/v2\/posts\/1650\/revisions"}],"predecessor-version":[{"id":1687,"href":"https:\/\/tenislastorres.com\/tenis\/wp-json\/wp\/v2\/posts\/1650\/revisions\/1687"}],"wp:attachment":[{"href":"https:\/\/tenislastorres.com\/tenis\/wp-json\/wp\/v2\/media?parent=1650"}],"wp:term":[{"taxonomy":"category","embeddable":true,"href":"https:\/\/tenislastorres.com\/tenis\/wp-json\/wp\/v2\/categories?post=1650"},{"taxonomy":"post_tag","embeddable":true,"href":"https:\/\/tenislastorres.com\/tenis\/wp-json\/wp\/v2\/tags?post=1650"}],"curies":[{"name":"wp","href":"https:\/\/api.w.org\/{rel}","templated":true}]}}