{"id":1644,"date":"2015-03-29T22:38:25","date_gmt":"2015-03-29T20:38:25","guid":{"rendered":"http:\/\/tenislastorres.com\/tenis\/?p=1644"},"modified":"2025-07-31T08:52:22","modified_gmt":"2025-07-31T07:52:22","slug":"la-a-tenis-las-torres-vence-al-c-d-hac-del-alamo","status":"publish","type":"post","link":"https:\/\/tenislastorres.com\/tenis\/2015\/03\/la-a-tenis-las-torres-vence-al-c-d-hac-del-alamo\/","title":{"rendered":"La Asoc. Tenis Las Torres vence al C.D. Hac. del Alamo"},"content":{"rendered":"<p><span style=\"color: #0000ff;\">El equipo absoluto de la <strong>Asociaci\u00f3n de Tenis Las Torres<\/strong>\u00a0<strong>(ATT)<\/strong> se ha impuesto al C.D. Hac. del Alamo por 5 a 2, en el encuentro disputado en las pistas del tenis del Polideportivo Municipal de Las Torres de Cotillas, el pasado s\u00e1bado, 21 de marzo, \u00a0correspondiente a la 3\u00aa jornada de la Liga Interclubes que organiza la CMTA.<\/span><br \/>\n<span style=\"color: #0000ff;\">Se han jugado 5 partidos individuales, imponi\u00e9ndose los torre\u00f1os en 4 de ellos, adem\u00e1s de uno de los dos dobles disputados. Clara superioridad del equipo local, que con esta victoria iguala la derrota sufrida en la primera jornada en el C.Tenis Cordillera.<\/span><br \/>\n<span style=\"color: #0000ff;\">Los enfrentamientos y resultados han sido los siguentes:<\/span><br \/>\n<span style=\"color: #0000ff;\"><em><strong>Individuales:<br \/>\n<\/strong><\/em>Jos\u00e9 Carlos Rico (ATT) &amp; <strong>Rub\u00e9n Verd\u00fa<\/strong> . . . . . . . 3\/6 0\/6<\/span><br \/>\n<span style=\"color: #0000ff;\"><strong>Justo Mu\u00f1oz<\/strong> (ATT) &amp; Francisco S\u00e1nchez . . . . . .6\/3 6\/1<\/span><br \/>\n<span style=\"color: #0000ff;\"><strong>Jos\u00e9 Luis G\u00f3mez<\/strong> (ATT) &amp; Rub\u00e9n Candela . . . . . 6\/2 6\/2<\/span><br \/>\n<span style=\"color: #0000ff;\"><strong>Luis Fdez. Corbal\u00e1n<\/strong> (ATT) &amp; Francisco Garc\u00eda. . 3\/6 6\/2 6\/3<\/span><br \/>\n<span style=\"color: #0000ff;\"><strong>Jos\u00e9 Manuel Parejo<\/strong> (ATT) &amp; Jos\u00e9 Ant. Roca . . \u00a0. 6\/0 6\/0<\/span><\/p>\n<p><span style=\"color: #0000ff;\"><strong><em>Dobles:<br \/>\nJusto Mu\u00f1oz\/Jos\u00e9 C. Rico &amp; (no present) . . . . .. \u00a0. <\/em><\/strong><em>.6\/0 6\/0<\/em><strong><em><br \/>\n<\/em><\/strong><em>Parejo\/Granados (ATT)<\/em><strong><em> &amp; Candela\/Fco. S\u00e1nchez. . .<\/em><\/strong><em> 6\/4 5\/7 4\/6<\/em><\/span><\/p>\n<p><span style=\"color: #0000ff;\">La pr\u00f3xima jornada se disputar\u00e1 el 18 de abril, s\u00e1bado, a las 4 de la tarde, contra el Olimpic Club en el Polideportivo Municipal de Las Torres, con el objetivo puesto en las 4 primeras posiciones de la clasificaci\u00f3n que da opci\u00f3n a jugar la siguiente fase.<\/span><\/p>\n<p>&nbsp;<\/p>\n<p>&nbsp;<\/p>\n","protected":false},"excerpt":{"rendered":"<p>El equipo absoluto de la Asociaci\u00f3n de Tenis Las Torres\u00a0(ATT) se ha impuesto al C.D. Hac. del Alamo por 5 a 2, en el encuentro disputado en las pistas del tenis del Polideportivo Municipal de Las Torres de Cotillas, el pasado s\u00e1bado, 21 de marzo, \u00a0correspondiente a la 3\u00aa jornada de la Liga Interclubes que &hellip; <a href=\"https:\/\/tenislastorres.com\/tenis\/2015\/03\/la-a-tenis-las-torres-vence-al-c-d-hac-del-alamo\/\" class=\"more-link\">Seguir leyendo <span class=\"screen-reader-text\">La Asoc. Tenis Las Torres vence al C.D. Hac. del Alamo<\/span> <span class=\"meta-nav\">&rarr;<\/span><\/a><\/p>\n","protected":false},"author":2,"featured_media":0,"comment_status":"closed","ping_status":"closed","sticky":false,"template":"","format":"standard","meta":{"footnotes":""},"categories":[3],"tags":[],"class_list":["post-1644","post","type-post","status-publish","format-standard","hentry","category-noticias"],"_links":{"self":[{"href":"https:\/\/tenislastorres.com\/tenis\/wp-json\/wp\/v2\/posts\/1644","targetHints":{"allow":["GET"]}}],"collection":[{"href":"https:\/\/tenislastorres.com\/tenis\/wp-json\/wp\/v2\/posts"}],"about":[{"href":"https:\/\/tenislastorres.com\/tenis\/wp-json\/wp\/v2\/types\/post"}],"author":[{"embeddable":true,"href":"https:\/\/tenislastorres.com\/tenis\/wp-json\/wp\/v2\/users\/2"}],"replies":[{"embeddable":true,"href":"https:\/\/tenislastorres.com\/tenis\/wp-json\/wp\/v2\/comments?post=1644"}],"version-history":[{"count":5,"href":"https:\/\/tenislastorres.com\/tenis\/wp-json\/wp\/v2\/posts\/1644\/revisions"}],"predecessor-version":[{"id":1658,"href":"https:\/\/tenislastorres.com\/tenis\/wp-json\/wp\/v2\/posts\/1644\/revisions\/1658"}],"wp:attachment":[{"href":"https:\/\/tenislastorres.com\/tenis\/wp-json\/wp\/v2\/media?parent=1644"}],"wp:term":[{"taxonomy":"category","embeddable":true,"href":"https:\/\/tenislastorres.com\/tenis\/wp-json\/wp\/v2\/categories?post=1644"},{"taxonomy":"post_tag","embeddable":true,"href":"https:\/\/tenislastorres.com\/tenis\/wp-json\/wp\/v2\/tags?post=1644"}],"curies":[{"name":"wp","href":"https:\/\/api.w.org\/{rel}","templated":true}]}}