{"id":1630,"date":"2015-03-15T10:26:52","date_gmt":"2015-03-15T08:26:52","guid":{"rendered":"http:\/\/tenislastorres.com\/tenis\/?p=1630"},"modified":"2025-07-31T08:52:52","modified_gmt":"2025-07-31T07:52:52","slug":"resultados-liga-tenis-marzo15","status":"publish","type":"post","link":"https:\/\/tenislastorres.com\/tenis\/2015\/03\/resultados-liga-tenis-marzo15\/","title":{"rendered":"Resultados Liga Tenis &#8211; Marzo&#8217;15"},"content":{"rendered":"<p><span style=\"color: #800000;\"><strong>Resultados de los partidos de la Liga de Tenis disputados durante el mes de Marzo&#8217;15, por orden de llegada a la organizaci\u00f3n:<\/strong><\/span><\/p>\n<ol>\n<li><span style=\"color: #000080;\">Honor &#8211; Jos\u00e9 Carlos Rico &amp; Dani T\u00e9var . . . . . . . . . . . . . . . . 6\/2 6\/4<\/span><\/li>\n<li><span style=\"color: #000080;\">3\u00aa A &#8211; Rafa Werner &amp; Olegario Breis . . . . . . . . . . . . . . . . . . \u00a06\/2 7\/5<\/span><\/li>\n<li><span style=\"color: #000080;\">Master &#8211; Rom\u00e1n Mart\u00ed &amp; Jos\u00e9 Tom\u00e1s Blaya . . . . . . . . . . . . . 6\/4 6\/2<\/span><\/li>\n<li><span style=\"color: #000080;\">Veteranos &#8211; Jos\u00e9 Luis Mendoza &amp; Eustaquio Cascales . . . . 6\/1 6\/4<\/span><\/li>\n<li><span style=\"color: #000080;\">3\u00aa B &#8211; Miguel Molina &amp; Juan Carlos Jim\u00e9nez . . . . . . . . . . . . . 7\/5 6\/1<\/span><\/li>\n<li><span style=\"color: #000080;\">Master &#8211; Rom\u00e1n Mart\u00ed &amp; Paco Planes . . . . . . . . . . . . . . . . . . 6\/3 6\/3<\/span><\/li>\n<li><span style=\"color: #000080;\">2\u00aa A &#8211; Jos\u00e9 L\u00f3pez Balibrea &amp; Juli\u00e1n G\u00f3mez . . . . . . . . . . . . . .6\/3 6\/2<\/span><\/li>\n<li><span style=\"color: #000080;\">1\u00aa A &#8211; C\u00e9sar Ortega &amp; Fco. Javier Molt\u00f3 . . . . . . . . . . . . . . . . .7\/5 6\/3<\/span><\/li>\n<li><span style=\"color: #000080;\">Master &#8211; Fco. Gin\u00e9s Iniesta &amp; Alfonso Gamb\u00edn \u00a0. . . . . . . . . . . 6\/1 6\/4<\/span><\/li>\n<li><span style=\"color: #000080;\">Veteranos &#8211; Eustaquio Cascales &amp; Mariano Samper . . . . . . .7\/5 6\/2<\/span><\/li>\n<li><span style=\"color: #000080;\">1\u00aa A &#8211; Pablo Leante &amp; Fco. Javier Molt\u00f3 . . . . . . . . . . . . . . . . ..7\/5 6\/3<\/span><\/li>\n<li><span style=\"color: #000080;\">Veteranos &#8211; Jos\u00e9 Barquero &amp; Jos\u00e9 Carlos Samper . . . . . . . .6\/7 6\/3 6\/3<\/span><\/li>\n<li><span style=\"color: #000080;\">2\u00aa B &#8211; Isidoro Jes\u00fas Casanova &amp; Antonio Mart\u00ednez . . . . . . . . .7\/5 6\/2<\/span><\/li>\n<li><span style=\"color: #000080;\">2\u00aa B &#8211; Javier Ortiz &amp; Jos\u00e9 Antonio Contreras . . . . . . . . . . . . . 6\/4 6\/2<\/span><\/li>\n<li><span style=\"color: #000080;\">1\u00aa A &#8211; Jos\u00e9 Antonio Fuentes &amp; Jorge Pe\u00f1as . . . . . . . . . . . . . . 6\/0 6\/0<\/span><\/li>\n<li><span style=\"color: #000080;\">1\u00aa B &#8211; Gin\u00e9s Pern\u00edas &amp; Antonio Luque . . . . . . . . . . . . . . . . . . .6\/1 6\/3<\/span><\/li>\n<li><span style=\"color: #000080;\">1\u00aa B &#8211; Gin\u00e9s Pern\u00edas &amp; Jos\u00e9 Luis Leante . . . . . . . . . . . . . . . . 6\/2 6\/2<\/span><\/li>\n<li><span style=\"color: #000080;\">3\u00aa A &#8211; Juan Antonio Esparza &amp; Juan Mtez. Romero . . . . . . . . 6\/2 6\/1<\/span><\/li>\n<li><span style=\"color: #000080;\">1\u00aa B &#8211; Carlos Sandoval &amp; Eduardo Ballesta . . . . . . . . . . . . . . 6\/4 3\/6 7\/6<\/span><\/li>\n<li><span style=\"color: #000080;\">1\u00aa B &#8211; Dani Ca\u00f1ete &amp; Agust\u00edn C\u00e1novas . . . . . . . . . . . . . . . . . .6\/0 6\/0<\/span><\/li>\n<li><span style=\"color: #000080;\">Veteranos &#8211; Paco Ros &amp; Jes\u00fas D\u00f3lera . . . . . . . . . . . . . . . . . .7\/5 3\/6 6\/2<\/span><\/li>\n<li><span style=\"color: #000080;\">Veteranos &#8211; Jos\u00e9 Luis Mendoza &amp; Jos\u00e9 Carlos Samper . . . . 6\/0 6\/3<\/span><\/li>\n<li><span style=\"color: #000080;\">Master &#8211; Justo Mu\u00f1oz &amp; Antonio Barquero . . . . . . . . . . . . . . . 6\/2 6\/7 6\/3<\/span><\/li>\n<li><span style=\"color: #000080;\">3\u00aa B &#8211; Juan Carlos Jim\u00e9nez &amp; Javier Pujol . . . . . . . . . . . . . . . 4\/6 6\/4 7\/5<\/span><\/li>\n<li><span style=\"color: #000080;\">3\u00aa A &#8211; Juan Jos\u00e9 S\u00e1nchez &amp; Pablo Cerd\u00e1 . . . . . . . . . . . . . . . \u00a06\/4 6\/3<\/span><\/li>\n<li><span style=\"color: #000080;\">Veteranos &#8211; Roque Guill\u00e9n &amp; Luis Fern\u00e1ndez . . . . . . . . . . . . .6\/0 6\/3<\/span><\/li>\n<li><span style=\"color: #000080;\">2\u00aa A &#8211; Sergio Mart\u00ed &amp; Joaqu\u00edn Moreno . . . . . . . . . . . . . . . . . . . 6\/3 6\/3<\/span><\/li>\n<li><span style=\"color: #000080;\">2\u00aa A &#8211; Sergio Mart\u00ed &amp; Fulgencio Vicente . . . . . . . . . . . . . . . . . .6\/3 3\/6 6\/4<\/span><\/li>\n<li><span style=\"color: #000080;\">2\u00aa B &#8211; Jos\u00e9 Antonio Contreras &amp; Isidoro Jes\u00fas Casanova . . .6\/1 2\/6 6\/3<\/span><\/li>\n<li><span style=\"color: #000080;\">Veteranos &#8211; Luis Fern\u00e1ndez &amp; Jos\u00e9 Barquero . . . . . . . . . . . . 7\/5 7\/5<\/span><\/li>\n<li><span style=\"color: #000080;\">3\u00aa B &#8211; Paco Mtez. Bravo &amp; Miguel Molina . . . . . . . . . . . . . . . . .6\/2 6\/2<\/span><\/li>\n<li><span style=\"color: #000080;\">3\u00aa A &#8211; David Mar\u00edn &amp; Gregorio Mar\u00edn . . . . . . . . . . . . . . . . . . . . .6\/3 6\/4<\/span><\/li>\n<li><span style=\"color: #000080;\"><span style=\"color: #000080;\">Master &#8211; Rom\u00e1n Mart\u00ed &amp; C\u00e1ndido Osorio . . . . . . . . . . . . . . . . .7\/6 (7) 6\/3<br \/>\n<\/span><\/span><\/p>\n<p><figure id=\"attachment_1633\" aria-describedby=\"caption-attachment-1633\" style=\"width: 261px\" class=\"wp-caption alignnone\"><a href=\"https:\/\/tenislastorres.com\/tenis\/wp-content\/uploads\/2015\/03\/Roman-y-C\u00e1ndido.jpg\"><img loading=\"lazy\" decoding=\"async\" class=\"wp-image-1633 size-full\" src=\"https:\/\/tenislastorres.com\/tenis\/wp-content\/uploads\/2015\/03\/Roman-y-C\u00e1ndido.jpg\" alt=\"Roman y C\u00e1ndido\" width=\"261\" height=\"195\" \/><\/a><figcaption id=\"caption-attachment-1633\" class=\"wp-caption-text\">Rom\u00e1n Mart\u00ed y C\u00e1ndido Osorio<\/figcaption><\/figure><\/li>\n<li><span style=\"color: #000080;\">2\u00aa B &#8211; Julio L\u00f3pez &amp; Juli\u00e1n Ceacero . . . . . . . . . . . . . . . . . . . . 6\/2 6\/2<\/span><\/li>\n<li><span style=\"color: #000080;\">3\u00aa A &#8211; Jos\u00e9 Manuel Parejo &amp; David Mar\u00edn . . . . . . . . . . . . . . . . 7\/5 6\/2<\/span><\/li>\n<li><span style=\"color: #000080;\">Master &#8211; Alfonso Gamb\u00edn &amp; Antonio Barquero . . . . . . . . . . . . \u00a06\/0 6\/3<\/span><\/li>\n<li><span style=\"color: #000080;\">Master &#8211; Manolo Navarro &amp; Justo Mu\u00f1oz . . . . . . . . . . . . . . . . \u00a06\/4 5\/7 6\/1<\/span><\/li>\n<li><span style=\"color: #000080;\">Honor &#8211; Angel Abell\u00e1n &amp; Antonio Fuentes . . . . . . . . . . . . . . . . 6\/1 6\/4<\/span><\/li>\n<li><span style=\"color: #000080;\">1\u00aa A &#8211; Fco. Javier Alc\u00e1zar &amp; Fco. Pujante . . . . . . . . . . . . . . . . 7\/5 6\/1<\/span><\/li>\n<li><span style=\"color: #000080;\">Honor &#8211; Antonio Fuentes &amp; Pepe Mart\u00ednez . . . . . . . . . . . . . . . 6\/2 6\/1<\/span><\/li>\n<li><span style=\"color: #000080;\">1\u00aa B &#8211; Pepe Vicente &amp; Gin\u00e9s Pern\u00edas . . . . . . . . . . . . . . . . . . . 7\/5 6\/4<\/span><\/li>\n<li><span style=\"color: #000080;\">Honor &#8211; Pepe Mart\u00ednez &amp; Jos\u00e9 Carlos Rico . . . . . . . . . . . . . . 7\/6 (4) 7\/5<\/span><\/li>\n<li><span style=\"color: #000080;\">Master &#8211; Fco. Gin\u00e9s &amp; Jos\u00e9 Tom\u00e1s . . . . . . . . . . . . . . . . . . . . 6\/3 7\/6<\/span><\/li>\n<li><span style=\"color: #000080;\">1\u00aa A &#8211; C\u00e9sar Ortega &amp; Ant. Fco. Mart\u00ednez . . . . . . . . . . . . . . . .5\/7 6\/4 6\/3<\/span><\/li>\n<li><span style=\"color: #000080;\">3\u00aa A &#8211; Rafa Werner &amp; David Samper . . . . . . . . . . . . . . . . . . . .6\/2 6\/2<\/span><\/li>\n<li><span style=\"color: #000080;\">1\u00aa A &#8211; Pablo Leante &amp; Jos\u00e9 Antonio D\u00f3lera . . . . . . . . . . . . . . .4\/6 6\/4 6\/4<\/span><\/li>\n<li><span style=\"color: #000080;\">1\u00aa A &#8211; Luis Fern\u00e1ndez &amp; Jorge Pe\u00f1as . . . . . . . . . . . . . . . . . . .6\/3 6\/0<\/span><\/li>\n<li><span style=\"color: #000080;\">1\u00aa A &#8211; Luis Fern\u00e1ndez &amp; Fco. Jos\u00e9 Breis . . . . . . . . . . . . . . . . 6\/2 6\/0<\/span><\/li>\n<li><span style=\"color: #000080;\">Honor &#8211; Nacho Aliaga &amp; Angel Abell\u00e1n . . . . . . . . . . . . . . . . . . \u00a06\/4 6\/1<\/span><\/li>\n<li><span style=\"color: #000080;\">Master &#8211; Paco Ruiz &amp; Alfonso Gamb\u00edn. . . . . . . . . . . . . . . . . . 6\/4 3\/6 7\/5<\/span><\/li>\n<li><span style=\"color: #000080;\">Honor &#8211; Nacho Aliaga &amp; Sergio Romero . . . . . . . . . . . . . . . . .7\/5 3\/6 6\/3<\/span><\/li>\n<li><span style=\"color: #000080;\">Master &#8211; Rom\u00e1n Mart\u00ed &amp; Jos\u00e9 Antonio Gil . . . . . . . . . . . . . . . .6\/4 7\/6<\/span><\/li>\n<li><span style=\"color: #000080;\">2\u00aa A &#8211; Daniel Mart\u00ednez &amp; Juan Carlos P\u00e9rez . . . . . . . . . . . . . .7\/6 6\/2<\/span><\/li>\n<li><span style=\"color: #000080;\">Master &#8211; Abel Garc\u00eda &amp; C\u00e1ndido Osorio . . . . . . . . . . . . . . . . . 6\/4 6\/2<\/span><\/li>\n<li><span style=\"color: #000080;\">Master &#8211; Abel Garc\u00eda &amp; Paco Planes . . . . . . . . . . . . . . . . . . . .6\/2 6\/0<\/span><\/li>\n<li><span style=\"color: #000080;\">1\u00aa B &#8211; Dani Ca\u00f1ete &amp; Carlos Sandoval . . . . . . . . . . . . . . . . . . 6\/3 6\/7 6\/1<\/span><\/li>\n<li><span style=\"color: #000080;\">2\u00aa B &#8211; Alberto Castillo &amp; Jos\u00e9 Gamb\u00edn . . . . . . . . . . . . . . . . . . .6\/4 7\/6<\/span><\/li>\n<li><span style=\"color: #000080;\">Honor &#8211; Angel Abell\u00e1n &amp; Sergio Romero . . . . . . . . . . . . . . . . . 6\/2 6\/3<\/span><\/li>\n<li><span style=\"color: #000080;\">Veteranos &#8211; Jos\u00e9 Luis Mendoza &amp; Luis Fern\u00e1ndez L\u00f3pez . . . 6\/4 6\/2<\/span><\/li>\n<li><span style=\"color: #000080;\">2\u00aa B &#8211; Antonio Almagro &amp; Pedro Cabrera . . . . . . . . . . . . . . . . .6\/3 6\/0<\/span><\/li>\n<li><span style=\"color: #000080;\">2\u00aa A &#8211; Fulgencio Vicente &amp; Gin\u00e9s Hidalgo . . . . . . . . . . . . . . . . .6\/3 6\/0<\/span><\/li>\n<li><span style=\"color: #000080;\">1\u00aa A &#8211; Fco. Javier Alc\u00e1zar &amp; Fco. Jos\u00e9 Breis . . . . . . . . . . .. . . .6\/4 6\/3<\/span>\n<p><figure id=\"attachment_1093\" aria-describedby=\"caption-attachment-1093\" style=\"width: 584px\" class=\"wp-caption alignnone\"><a href=\"https:\/\/tenislastorres.com\/tenis\/wp-content\/uploads\/2014\/03\/Fco.Javier-Alc\u00e1zar.jpg\"><img loading=\"lazy\" decoding=\"async\" class=\"wp-image-1093 size-large\" src=\"https:\/\/tenislastorres.com\/tenis\/wp-content\/uploads\/2014\/03\/Fco.Javier-Alc\u00e1zar-768x1024.jpg\" alt=\"Fco.Javier Alc\u00e1zar\" width=\"584\" height=\"779\" srcset=\"https:\/\/tenislastorres.com\/tenis\/wp-content\/uploads\/2014\/03\/Fco.Javier-Alc\u00e1zar-768x1024.jpg 768w, https:\/\/tenislastorres.com\/tenis\/wp-content\/uploads\/2014\/03\/Fco.Javier-Alc\u00e1zar-225x300.jpg 225w, https:\/\/tenislastorres.com\/tenis\/wp-content\/uploads\/2014\/03\/Fco.Javier-Alc\u00e1zar.jpg 1920w\" sizes=\"auto, (max-width: 584px) 100vw, 584px\" \/><\/a><figcaption id=\"caption-attachment-1093\" class=\"wp-caption-text\">Fco. Javier Alc\u00e1zar (1\u00aa B)<\/figcaption><\/figure><\/li>\n<\/ol>\n","protected":false},"excerpt":{"rendered":"<p>Resultados de los partidos de la Liga de Tenis disputados durante el mes de Marzo&#8217;15, por orden de llegada a la organizaci\u00f3n: Honor &#8211; Jos\u00e9 Carlos Rico &amp; Dani T\u00e9var . . . . . . . . . . . . . . . . 6\/2 6\/4 3\u00aa A &#8211; Rafa Werner &amp; Olegario &hellip; <a href=\"https:\/\/tenislastorres.com\/tenis\/2015\/03\/resultados-liga-tenis-marzo15\/\" class=\"more-link\">Seguir leyendo <span class=\"screen-reader-text\">Resultados Liga Tenis &#8211; Marzo&#8217;15<\/span> <span class=\"meta-nav\">&rarr;<\/span><\/a><\/p>\n","protected":false},"author":2,"featured_media":0,"comment_status":"closed","ping_status":"closed","sticky":false,"template":"","format":"standard","meta":{"footnotes":""},"categories":[13,3],"tags":[],"class_list":["post-1630","post","type-post","status-publish","format-standard","hentry","category-liga-2014-2015","category-noticias"],"_links":{"self":[{"href":"https:\/\/tenislastorres.com\/tenis\/wp-json\/wp\/v2\/posts\/1630","targetHints":{"allow":["GET"]}}],"collection":[{"href":"https:\/\/tenislastorres.com\/tenis\/wp-json\/wp\/v2\/posts"}],"about":[{"href":"https:\/\/tenislastorres.com\/tenis\/wp-json\/wp\/v2\/types\/post"}],"author":[{"embeddable":true,"href":"https:\/\/tenislastorres.com\/tenis\/wp-json\/wp\/v2\/users\/2"}],"replies":[{"embeddable":true,"href":"https:\/\/tenislastorres.com\/tenis\/wp-json\/wp\/v2\/comments?post=1630"}],"version-history":[{"count":10,"href":"https:\/\/tenislastorres.com\/tenis\/wp-json\/wp\/v2\/posts\/1630\/revisions"}],"predecessor-version":[{"id":1648,"href":"https:\/\/tenislastorres.com\/tenis\/wp-json\/wp\/v2\/posts\/1630\/revisions\/1648"}],"wp:attachment":[{"href":"https:\/\/tenislastorres.com\/tenis\/wp-json\/wp\/v2\/media?parent=1630"}],"wp:term":[{"taxonomy":"category","embeddable":true,"href":"https:\/\/tenislastorres.com\/tenis\/wp-json\/wp\/v2\/categories?post=1630"},{"taxonomy":"post_tag","embeddable":true,"href":"https:\/\/tenislastorres.com\/tenis\/wp-json\/wp\/v2\/tags?post=1630"}],"curies":[{"name":"wp","href":"https:\/\/api.w.org\/{rel}","templated":true}]}}