{"id":1619,"date":"2015-02-07T12:35:10","date_gmt":"2015-02-07T10:35:10","guid":{"rendered":"http:\/\/tenislastorres.com\/tenis\/?p=1619"},"modified":"2025-07-31T08:52:52","modified_gmt":"2025-07-31T07:52:52","slug":"resultados-liga-tenis-febrero15","status":"publish","type":"post","link":"https:\/\/tenislastorres.com\/tenis\/2015\/02\/resultados-liga-tenis-febrero15\/","title":{"rendered":"Resultados Liga Tenis &#8211; Febrero&#8217;15"},"content":{"rendered":"<p><span style=\"color: #000080;\"><em><strong>Resultados de partidos de la Liga de Tenis, disputados durante el mes de Febrero&#8217;15<\/strong><\/em><\/span><\/p>\n<ol>\n<li><span style=\"color: #000080;\">1\u00aa B &#8211; Andr\u00e9s Camacho &amp; Jos\u00e9 Serna . . . . . . . . . . . . \u00a06\/3 6\/1<\/span><\/li>\n<li><span style=\"color: #000080;\">3\u00aa A &#8211; Juan Ant. Esparza &amp; Rafa Werner . . . . . . . . . . . 6\/0 6\/0 lesi\u00f3n Werner<\/span><\/li>\n<li><span style=\"color: #000080;\">3\u00aa B &#8211; Alejandro Pozuelo &amp; Paco Mtez Bravo . . . . . . . . 6\/0 6\/3<\/span><\/li>\n<li><span style=\"color: #000080;\">Veteranos &#8211; Mariano Samper &amp; Pepe Fdez. . . . . . . . . . 6\/2 6\/2<\/span><\/li>\n<li><span style=\"color: #000080;\">1\u00aa B &#8211; Francisco Hdez. &amp; Silvio Carrillo . . . . . . . . . . . . . 6\/3 6\/2<\/span><\/li>\n<li><span style=\"color: #000080;\">1\u00aa B &#8211; Jos\u00e9 Ignacio Mtez &amp; Andr\u00e9s Camacho . . . . . . . . 6\/2 3\/6 6\/1<\/span><\/li>\n<li><span style=\"color: #000080;\">2\u00aa A &#8211; Dani Mart\u00ednez &amp; Gin\u00e9s Hidalgo . . . . . . . . . . . . . . .6\/4 6\/3<\/span><\/li>\n<li><span style=\"color: #000080;\">2\u00aa A &#8211;\u00a0Dani Mart\u00ednez &amp; Jes\u00fas G\u00f3mez . . . . . . . . . . . . . . \u00a06\/0 4\/6 7\/6<\/span><\/li>\n<li><span style=\"color: #000080;\">1\u00aa B &#8211; Eduardo Ballesta &amp; Agust\u00edn C\u00e1novas . . . . . . . . . 6\/4 4\/6 6\/4<\/span><br \/>\n<a href=\"https:\/\/tenislastorres.com\/tenis\/wp-content\/uploads\/2013\/09\/Eduardo-Ballesta.jpg\"><br \/>\n<\/a><\/p>\n<p><figure id=\"attachment_723\" aria-describedby=\"caption-attachment-723\" style=\"width: 300px\" class=\"wp-caption alignnone\"><a href=\"https:\/\/tenislastorres.com\/tenis\/wp-content\/uploads\/2013\/09\/Eduardo-Ballesta.jpg\"><img loading=\"lazy\" decoding=\"async\" class=\"wp-image-723 size-medium\" src=\"https:\/\/tenislastorres.com\/tenis\/wp-content\/uploads\/2013\/09\/Eduardo-Ballesta-300x270.jpg\" alt=\"Eduardo Ballesta\" width=\"300\" height=\"270\" srcset=\"https:\/\/tenislastorres.com\/tenis\/wp-content\/uploads\/2013\/09\/Eduardo-Ballesta-300x270.jpg 300w, https:\/\/tenislastorres.com\/tenis\/wp-content\/uploads\/2013\/09\/Eduardo-Ballesta-1024x921.jpg 1024w, https:\/\/tenislastorres.com\/tenis\/wp-content\/uploads\/2013\/09\/Eduardo-Ballesta-333x300.jpg 333w\" sizes=\"auto, (max-width: 300px) 100vw, 300px\" \/><\/a><figcaption id=\"caption-attachment-723\" class=\"wp-caption-text\">Eduardo Ballesta (1\u00aa B)<\/figcaption><\/figure><\/li>\n<li><span style=\"color: #000080;\">1\u00aa A &#8211; Jorge Radrig\u00e1n &amp; Fco. Jos\u00e9 Pujante . . . . . . . . . . 6\/2 6\/2<\/span><\/li>\n<li><span style=\"color: #000080;\">3\u00aa B &#8211; Sergio Belda &amp; Alejandro Pozuelo . . . . . . . . . . . . 6\/3 3\/6 6\/4<\/span><\/li>\n<li><span style=\"color: #000080;\">Honor &#8211; Jos\u00e9 Carlos Rico &amp; Nacho Aliaga . . . . . . . . . . . 0\/6 6\/1 7\/5<\/span><\/li>\n<li><span style=\"color: #000080;\">2\u00aa B &#8211; Alberto Castillo &amp; Gregorio Mart\u00ednez . . . . . . . . . . .5\/7 6\/0 6\/4<\/span><\/li>\n<li><span style=\"color: #000080;\">1\u00aa B &#8211; Jos\u00e9 Antonio Fuentes &amp; Fco. Jos\u00e9 Breis . . . . . . . 4\/6 6\/4 6\/2<\/span><\/li>\n<li><span style=\"color: #000080;\">3\u00aa B &#8211; Juan Pedro Mart\u00ednez &amp; Sergio Belda . . . . . . . . . . 5\/7 6\/2 6\/2<\/span><\/li>\n<li><span style=\"color: #000080;\">3\u00aa A &#8211; Jos\u00e9 Manuel Parejo &amp; Juan Zapata . . . . . . . . . . . .6\/0 6\/1<\/span><\/li>\n<li><span style=\"color: #000080;\">Master &#8211; Fco. Gin\u00e9s Iniesta &amp; Sergio L\u00f3pez . . . . . . . . . . 6\/2 6\/1<\/span><\/li>\n<li><span style=\"color: #000080;\">Honor &#8211; Nacho Aliaga &amp; Antonio Fuentes . . . . . . . . . . . . 6\/1 6\/3<\/span><\/li>\n<li><span style=\"color: #000080;\">1\u00aa B &#8211; Lorenzo Jim\u00e9nez &amp; Gin\u00e9s Pern\u00edas . . . . . . . . . . . . 6\/2 6\/2<\/span><\/li>\n<li><span style=\"color: #000080;\">1\u00aa B &#8211; Silvio A. Carrillo &amp; Jos\u00e9 Luis Leante . . . . . . . . . . . 6\/3 6\/0<\/span><\/li>\n<li><span style=\"color: #000080;\">2\u00aa A &#8211; Jos\u00e9 L\u00f3pez &amp; Pedro Angel Sales . . . . . . . . . . . . . \u00a06\/2 2\/6 7\/5<\/span><\/li>\n<li><span style=\"color: #000080;\">1\u00aa A &#8211; Fco. Jos\u00e9 Pujante &amp; Jos\u00e9 Ant. Fuentes . . . . . . . . \u00a06\/3 6\/3<\/span><\/li>\n<li><span style=\"color: #000080;\">1\u00aa B &#8211; Lorenzo Jim\u00e9nez &amp; Pepe Vicente . . . . . . . . . . . . . 6\/2 6\/1<\/span><\/li>\n<li><span style=\"color: #000080;\">2\u00aa B &#8211; Javi Ortiz &amp; Jos\u00e9 Gamb\u00edn . . . . . . . . . . . . . . . . . . . \u00a06\/4 6\/3<\/span>\n<p><figure id=\"attachment_1201\" aria-describedby=\"caption-attachment-1201\" style=\"width: 225px\" class=\"wp-caption alignnone\"><a href=\"https:\/\/tenislastorres.com\/tenis\/wp-content\/uploads\/2014\/05\/Javi-Ortiz1.jpg\"><img loading=\"lazy\" decoding=\"async\" class=\"wp-image-1201 size-medium\" src=\"https:\/\/tenislastorres.com\/tenis\/wp-content\/uploads\/2014\/05\/Javi-Ortiz1-225x300.jpg\" alt=\"Javi Ortiz\" width=\"225\" height=\"300\" srcset=\"https:\/\/tenislastorres.com\/tenis\/wp-content\/uploads\/2014\/05\/Javi-Ortiz1-225x300.jpg 225w, https:\/\/tenislastorres.com\/tenis\/wp-content\/uploads\/2014\/05\/Javi-Ortiz1-768x1024.jpg 768w, https:\/\/tenislastorres.com\/tenis\/wp-content\/uploads\/2014\/05\/Javi-Ortiz1.jpg 1920w\" sizes=\"auto, (max-width: 225px) 100vw, 225px\" \/><\/a><figcaption id=\"caption-attachment-1201\" class=\"wp-caption-text\">Javier Ortiz (2\u00aa B)<\/figcaption><\/figure><\/li>\n<li><span style=\"color: #000080;\">2\u00aa B &#8211; Pedro Cabrera &amp; Jos\u00e9 Ant. Contreras . . . . . . . . \u00a06\/3 6\/4<\/span><\/li>\n<li><span style=\"color: #000080;\">1\u00aa A &#8211; V\u00edctor Roncero &amp; Pablo Leante . . . . . . . . . . . . . . 6\/2 7\/6 (6)<\/span><\/li>\n<li><span style=\"color: #000080;\">2\u00aa A &#8211; Fugencio Vicente &amp; Juli\u00e1n G\u00f3mez . . . . . . . . . . . . 6\/3 2\/6 6\/1<\/span><\/li>\n<li><span style=\"color: #000080;\">1\u00aa B &#8211; Jos\u00e9 Serna &amp; Antonio Luque . . . . . . . . . . . . . . . . 6\/4 6\/1<\/span><\/li>\n<li><span style=\"color: #000080;\">Veteranos &#8211; Jes\u00fas Bermejo &amp; Jes\u00fas Barquilla . . . . . . . .6\/1 6\/1<\/span><\/li>\n<li><span style=\"color: #000080;\">1\u00aa B &#8211; Dani Ca\u00f1ete &amp; Pepe Vicente . . . . . . . . . . . . . . . . 6\/3 3\/6 6\/1<\/span><\/li>\n<li><span style=\"color: #000080;\">1\u00aa A &#8211; Jos\u00e9 Antonio Fuentes &amp; C\u00e9sar Ortega . . . . . . . . .6\/0 6\/1<\/span><\/li>\n<li><span style=\"color: #000080;\">1\u00aa A &#8211; Antonio Fco. Mtez. &amp; Fco. Jos\u00e9 Breis . . . . . . . . . .6\/1 6\/4<\/span><\/li>\n<li><span style=\"color: #000080;\">3\u00aa A &#8211; Roberto Carlos Espinosa &amp; Juan Zapata . . . . . . . 6\/2 6\/1<\/span><\/li>\n<li><span style=\"color: #000080;\">Honor &#8211; Nacho Aliaga &amp; Dani T\u00e9var . . . . . . . . . . . . . . . . .6\/3 6\/2<\/span><\/li>\n<li><span style=\"color: #000080;\">Honor &#8211; Dani T\u00e9var &amp; Antonio Fuentes . . . . . . . . . . . . . . 6\/2 1\/0 (r)<\/span><\/li>\n<li><span style=\"color: #000080;\">3\u00aa B &#8211; Javier Pujol &amp; Miguel Molina . . . . . . . . . . . . . . . . . \u00a07\/5 1\/6 6\/4<\/span><\/li>\n<li><span style=\"color: #000080;\">3\u00aa A &#8211; Jos\u00e9 Tom\u00e1s Capel &amp; Gregorio Mar\u00edn . . . . . . . . . . \u00a06\/0 6\/2<\/span><\/li>\n<li><span style=\"color: #000080;\">Master &#8211; Rom\u00e1n Mart\u00ed &amp; Paco Ruiz . . . . . . . . . . . . . . . . . 6\/4 6\/4<\/span><\/li>\n<li><span style=\"color: #000080;\">Veteranos &#8211; Jes\u00fas Bermejo &amp; Mariano Samper \u00a0. . . . . . . 6\/2 6\/0<\/span><\/li>\n<li><span style=\"color: #000080;\">Master &#8211; Manolo Navarro &amp; Jos\u00e9 Antonio Gil . . . . . . . . . . \u00a06\/1 6\/0<\/span><\/li>\n<li><span style=\"color: #000080;\">Veteranos &#8211; Jes\u00fas Barquilla &amp; Pepe Fern\u00e1ndez . . . . . . . .6\/2 6\/2<\/span><\/li>\n<li><span style=\"color: #000080;\">1\u00aa B &#8211; Andr\u00e9s Camacho &amp; Jos\u00e9 Luis Leante . . . . . . . . . . \u00a06\/2 6\/0<\/span><\/li>\n<li><span style=\"color: #000080;\">3\u00aa B &#8211; Javier Pujol &amp; Jorge Sales . . . . . . . . . . . . . . . . . . . .6\/0 6\/7 6\/0<\/span><\/li>\n<li><span style=\"color: #000080;\">1\u00aa A &#8211; V\u00edctor Roncero &amp; Jos\u00e9 Antonio D\u00f3lera . . . . . . . . . . \u00a06\/4 6\/4<\/span><\/li>\n<li><span style=\"color: #000080;\">3\u00aa B &#8211; Miguel Molina &amp; Jorge Sales . . . . . . . . . . . . . . . . . \u00a0. 6\/1 6\/0<\/span><\/li>\n<li><span style=\"color: #000080;\">3\u00aa A &#8211; Jos\u00e9 Manuel Parejo &amp; Jos\u00e9 Tom\u00e1s Capel . . . . . . . . 7\/6 6\/3<\/span><\/li>\n<li><span style=\"color: #000080;\">1\u00aa B &#8211; Carlos Sandoval &amp; Agust\u00edn C\u00e1novas . . . . . . . . . . . . 6\/4 3\/6 6\/4<\/span><\/li>\n<li><span style=\"color: #000080;\">1\u00aa A &#8211; Antonio Fco. Mtez &amp; Jorge Pe\u00f1as . . . . . . . . . . . . . . \u00a06\/3 6\/2<\/span><\/li>\n<li><span style=\"color: #000080;\">Master &#8211; Jos\u00e9 Antonio Gil &amp; Antonio Barquero . . . . . . . . . . 6\/3 6\/3<\/span><\/li>\n<li><span style=\"color: #000080;\">3\u00aa A &#8211; Roberto Carlos Espinosa &amp; Juan Mtez. Romero . . . 6\/0 6\/1<\/span><\/li>\n<li><span style=\"color: #000080;\">1\u00aa B &#8211; Fco. Hern\u00e1ndez &amp; Jos\u00e9 Luis Leante . . . . . . . . . . . . \u00a06\/1 6\/1<\/span><\/li>\n<\/ol>\n","protected":false},"excerpt":{"rendered":"<p>Resultados de partidos de la Liga de Tenis, disputados durante el mes de Febrero&#8217;15 1\u00aa B &#8211; Andr\u00e9s Camacho &amp; Jos\u00e9 Serna . . . . . . . . . . . . \u00a06\/3 6\/1 3\u00aa A &#8211; Juan Ant. Esparza &amp; Rafa Werner . . . . . . . . . . &hellip; <a href=\"https:\/\/tenislastorres.com\/tenis\/2015\/02\/resultados-liga-tenis-febrero15\/\" class=\"more-link\">Seguir leyendo <span class=\"screen-reader-text\">Resultados Liga Tenis &#8211; Febrero&#8217;15<\/span> <span class=\"meta-nav\">&rarr;<\/span><\/a><\/p>\n","protected":false},"author":2,"featured_media":0,"comment_status":"closed","ping_status":"closed","sticky":false,"template":"","format":"standard","meta":{"footnotes":""},"categories":[13,3],"tags":[],"class_list":["post-1619","post","type-post","status-publish","format-standard","hentry","category-liga-2014-2015","category-noticias"],"_links":{"self":[{"href":"https:\/\/tenislastorres.com\/tenis\/wp-json\/wp\/v2\/posts\/1619","targetHints":{"allow":["GET"]}}],"collection":[{"href":"https:\/\/tenislastorres.com\/tenis\/wp-json\/wp\/v2\/posts"}],"about":[{"href":"https:\/\/tenislastorres.com\/tenis\/wp-json\/wp\/v2\/types\/post"}],"author":[{"embeddable":true,"href":"https:\/\/tenislastorres.com\/tenis\/wp-json\/wp\/v2\/users\/2"}],"replies":[{"embeddable":true,"href":"https:\/\/tenislastorres.com\/tenis\/wp-json\/wp\/v2\/comments?post=1619"}],"version-history":[{"count":7,"href":"https:\/\/tenislastorres.com\/tenis\/wp-json\/wp\/v2\/posts\/1619\/revisions"}],"predecessor-version":[{"id":1629,"href":"https:\/\/tenislastorres.com\/tenis\/wp-json\/wp\/v2\/posts\/1619\/revisions\/1629"}],"wp:attachment":[{"href":"https:\/\/tenislastorres.com\/tenis\/wp-json\/wp\/v2\/media?parent=1619"}],"wp:term":[{"taxonomy":"category","embeddable":true,"href":"https:\/\/tenislastorres.com\/tenis\/wp-json\/wp\/v2\/categories?post=1619"},{"taxonomy":"post_tag","embeddable":true,"href":"https:\/\/tenislastorres.com\/tenis\/wp-json\/wp\/v2\/tags?post=1619"}],"curies":[{"name":"wp","href":"https:\/\/api.w.org\/{rel}","templated":true}]}}