{"id":1590,"date":"2015-01-03T21:06:09","date_gmt":"2015-01-03T19:06:09","guid":{"rendered":"http:\/\/tenislastorres.com\/tenis\/?p=1590"},"modified":"2025-07-31T08:52:53","modified_gmt":"2025-07-31T07:52:53","slug":"resultados-partidos-tenis-jugados-en-enero15","status":"publish","type":"post","link":"https:\/\/tenislastorres.com\/tenis\/2015\/01\/resultados-partidos-tenis-jugados-en-enero15\/","title":{"rendered":"Resultados liga tenis Enero&#8217;15"},"content":{"rendered":"<p><span style=\"color: #800000;\"><strong>Resultados de partidos de la liga de Tenis jugados durante el mes de Enero&#8217;15, por orden de llegada a la organizaci\u00f3n:<\/strong><\/span><\/p>\n<ol>\n<li><span style=\"color: #000080;\">1\u00aa A &#8211; Jes\u00fas Miguel Caravaca &amp; Fco. Javier Molt\u00f3 . . . . . . . . . . . . . 6\/3 7\/6 (10)<\/span><\/li>\n<li><span style=\"color: #000080;\">1\u00aa B &#8211; Francisco Hern\u00e1ndez &amp; Eduardo Ballesta . . . . . . . . . . . . . . 6\/4 6\/0<\/span><\/li>\n<li><span style=\"color: #000080;\">Veteranos &#8211; Jos\u00e9 Barquero &amp; Eustaquio Cascales . . . . . . . . . . . . .6\/2 4\/6 6\/3<\/span><\/li>\n<li><span style=\"color: #000080;\">1\u00aa A &#8211; Jorge Radrig\u00e1n &amp; Jos\u00e9 Antonio Fuentes . . . . . . . . . . . . . . . . 6\/1 6\/2<\/span><\/li>\n<li><span style=\"color: #000080;\">1\u00aa A &#8211; Jorge Pe\u00f1as &amp; Fco. Jos\u00e9 Pujante . . . . . . . . . . . . . . . . . . . . . 6\/4 6\/1<\/span><\/li>\n<li><span style=\"color: #000080;\">1\u00aa A &#8211; Jes\u00fas Miguel Caravaca &amp; Fco. Javier Alc\u00e1zar . . . . . . . . . . . . 6\/3 6\/3<\/span><\/li>\n<li><span style=\"color: #000080;\">Honor &#8211; Alejandro S\u00e1nchez &amp; Sergio Romero . . . . . . . . . . . . . . . . . 6\/1 6\/2<\/span><\/li>\n<li><span style=\"color: #000080;\">1\u00aa A &#8211; Fco. Jos\u00e9 Breis &amp; Fco. Jos\u00e9 Pujante . . . . . . . . . . . . . . . . . . . 3\/6 7\/5 6\/2<\/span><\/li>\n<li><span style=\"color: #000080;\">Veteranos &#8211; Jes\u00fas Bermejo &amp; Jos\u00e9 Barquero . . . . . . . . . . . . . . . . .. 6\/4 6\/1<\/span><\/li>\n<li><span style=\"color: #000080;\">Veteranos &#8211; Jes\u00fas Barquilla &amp; Paco Ros . . . . . . . . . . . . . . . . . . . . . 6\/3 7\/5<\/span><\/li>\n<li><span style=\"color: #000080;\">1\u00aa B &#8211; Pepe Vicente &amp; Antonio Luque . . . . . . . . . . . . . . . . . . . . . . . . 6\/0 6\/2<\/span><\/li>\n<li><span style=\"color: #000080;\">Veteranos &#8211; Luis Fern\u00e1ndez &amp; Jos\u00e9 Carlos Samper . . . . . . . . . . . . 4\/6 6\/4 6\/3<\/span><\/li>\n<li><span style=\"color: #000080;\">Honor &#8211; Alejandro S\u00e1nchez &amp; Antonio Fuentes . . . . . . . . . . . . . . . . .6\/0 6\/4<\/span><\/li>\n<li><span style=\"color: #000080;\">1\u00aa B &#8211; Jos\u00e9 Ignacio Mart\u00ednez &amp; Pepe Vicente . . . . . . . . . . . . . . . . . . \u00a06\/2 6\/1<\/span><\/li>\n<li><span style=\"color: #000080;\">1\u00aa A &#8211; Luis Fern\u00e1ndez Corb. &amp; Fco. Jos\u00e9 Pujante . . . . . . . . . . . . . . .6\/3 6\/1<\/span><\/li>\n<li><span style=\"color: #000080;\">3\u00aa A &#8211; Jos\u00e9 Tom\u00e1s Capel &amp; Pablo Cerd\u00e1 . . . . . . . . . . . . . . . . . . . . . .6\/1 6\/0<\/span><\/li>\n<li><span style=\"color: #000080;\">Veteranos &#8211; Pepe Fuentes &amp; Jes\u00fas Barquilla . . . . . . . . . . . . . . . . . . \u00a06\/1 7\/6<\/span><\/li>\n<li><span style=\"color: #000080;\">3\u00aa B &#8211; Dani G\u00f3mez &amp; Javi Pujol . . . . . . . . . . . . . . . . . . . . . . . . . . . . . 6\/1 6\/1<\/span><\/li>\n<li><span style=\"color: #000080;\">2\u00aa A &#8211; Manuel Mart\u00ednez &amp; Juli\u00e1n G\u00f3mez . . . . . . . . . . . . . . . . . . . . . . . 6\/4 3\/6 6\/2<\/span><\/li>\n<li><span style=\"color: #000080;\">1\u00aa A &#8211; Jos\u00e9 Antonio \u00a0D\u00f3lera &amp; Jos\u00e9 Antonio Fuentes . . . . . . . . . . . . . 6\/4 7\/5<\/span><\/li>\n<li><span style=\"color: #000080;\">3\u00aa A &#8211; Juan Zapata &amp; Gregorio Mar\u00edn . . . . . . . . . . . . . . . . . . . . . . . . . . 6\/1 7\/5<\/span><\/li>\n<li><span style=\"color: #000080;\">1\u00aa A &#8211; Jorge Radrig\u00e1n &amp; Antonio Fco. Mart\u00ednez . . . . . . . . . . . . . . . . . .6\/3 6\/4<\/span><\/li>\n<li><span style=\"color: #000080;\">3\u00aa A &#8211; Roberto Carlos Espinosa &amp; David Samper . . . . . . . . . . . . . . . \u00a06\/0 6\/1<\/span><\/li>\n<li><span style=\"color: #000080;\">3\u00aa B &#8211; Juan Pedro Mart\u00ednez &amp; Paco Mart\u00ednez . . . . . . . . . . . . . . . . . . . 6\/1 6\/0<\/span><\/li>\n<li><span style=\"color: #000080;\">3\u00aa B &#8211; Daniel G\u00f3mez &amp; Juan Carlos Jim\u00e9nez . . . . . . . . . . . . . . . . . . . 6\/1 6\/0<\/span><\/li>\n<li><span style=\"color: #000080;\">Master &#8211; Manolon Navarro &amp; Paco Planes . . . . . . . . . . . . . . . . . . . . .. 6\/3 6\/1<\/span><\/li>\n<li><span style=\"color: #000080;\">3\u00aa A &#8211; Juan Jos\u00e9 S\u00e1nchez &amp; David Mar\u00edn . . . . . . . . . . . . . . . . . . . . . . .6\/3 7\/5<\/span><\/li>\n<li><span style=\"color: #000080;\">Honor &#8211; Alejandro S\u00e1nchez &amp; Angel Abell\u00e1n . . . . . . . . . . . . . . . . . . . . 6\/1 6\/1<\/span><\/li>\n<li><span style=\"color: #000080;\">Honor &#8211; Pascual Mero\u00f1o &amp; Jos\u00e9 Luis G\u00f3mez . . . . . . . . . . . . . . . . . . . 4\/6 6\/0 6\/3<\/span><\/li>\n<li><span style=\"color: #000080;\">3\u00aa A &#8211; Juan Jos\u00e9 S\u00e1nchez &amp; Olegario Breis . . . . . . . . . . . . . . . . . . . . .6\/4 6\/2<\/span><\/li>\n<li><span style=\"color: #000080;\">1\u00aa B &#8211; Jos\u00e9 Ignacio &amp; Jos\u00e9 Serna . . . . . . . . . . . . . . . . . . . . . . . . . . . . .6\/1 6\/1<\/span><\/li>\n<li><span style=\"color: #000080;\">1\u00aa A &#8211; V\u00edctor Roncero &amp; C\u00e9sar Ortega . . . . . . . . . . . . . . . . . . . . . . . . . 6\/3 1\/6 7\/5<\/span><\/li>\n<li><span style=\"color: #000080;\">1\u00aa A &#8211; Antonio Fco. Mart\u00ednez &amp; Fco. Jos\u00e9 Pujante . . . . . . . . . . . . . . . . 6\/1 6\/3<\/span><\/li>\n<li><span style=\"color: #000080;\">Veteranos &#8211; Jes\u00fas Bermejo &amp; Jos\u00e9 Luis Mendoza . . . . . . . . . . . . . . . 6\/4 6\/3<\/span><\/li>\n<li><span style=\"color: #000080;\">Veteranos &#8211; Roque Guill\u00e9n &amp; Jos\u00e9 Carlos Samper . . . . . . . . . . . . . . . 7\/5 2\/6 6\/3<\/span><\/li>\n<li><span style=\"color: #000080;\">1\u00aa A &#8211; Fco. Javier Alc\u00e1zar &amp; Pablo Leante . . . . . . . . . . . . . . . . . . . . . . 6\/4 6\/4<\/span><\/li>\n<li><span style=\"color: #000080;\">Honor &#8211; Bartolo Ot\u00e1lora &amp; Pascual Mero\u00f1o . . . . . . . . . . . . . . . . . . . . . \u00a06\/1 6\/1<\/span><\/li>\n<li><span style=\"color: #000080;\">2\u00aa A &#8211; Fulgencio Vicente &amp; Joaqu\u00edn Moreno . . . . . . . . . . . . . . . . . . . . . .6\/0 6\/4<\/span><\/li>\n<li><span style=\"color: #000080;\">Veteranos &#8211; Luis Fern\u00e1ndez &amp; Paco Ros . . . . . . . . . . . . . . . . . . . . . . . 6\/0 6\/0<\/span><\/li>\n<li><span style=\"color: #000080;\">1\u00aa A &#8211; Jes\u00fas Miguel Caravaca &amp; Jos\u00e9 Antonio D\u00f3lera . . . . . . . . . . . . . .4\/6 7\/6 (4) 6\/2<\/span><\/li>\n<li><span style=\"color: #000080;\">Honor &#8211; Jos\u00e9 Carlos Rico &amp; Antonio Fuentes . . . . . . . . . . . . . . . . . . . . 6\/4 4\/6 6\/2<\/span><\/li>\n<li><span style=\"color: #000080;\"><span style=\"color: #000080;\"><span style=\"color: #000080;\">1\u00aa B &#8211; Pepe Vicente &amp; Agust\u00edn C\u00e1novas . . . . . . . . . . . . . . . . . . . . . . . . 6\/0 7\/6<br \/>\n<\/span><\/span><\/span><\/p>\n<p><figure id=\"attachment_1606\" aria-describedby=\"caption-attachment-1606\" style=\"width: 230px\" class=\"wp-caption alignnone\"><a href=\"https:\/\/tenislastorres.com\/tenis\/wp-content\/uploads\/2015\/01\/Pepe-VicenteI.jpg\"><img loading=\"lazy\" decoding=\"async\" class=\"wp-image-1606\" src=\"https:\/\/tenislastorres.com\/tenis\/wp-content\/uploads\/2015\/01\/Pepe-VicenteI-230x300.jpg\" alt=\"DIGITAL CAMERA\" width=\"230\" height=\"300\" srcset=\"https:\/\/tenislastorres.com\/tenis\/wp-content\/uploads\/2015\/01\/Pepe-VicenteI-230x300.jpg 230w, https:\/\/tenislastorres.com\/tenis\/wp-content\/uploads\/2015\/01\/Pepe-VicenteI-785x1024.jpg 785w, https:\/\/tenislastorres.com\/tenis\/wp-content\/uploads\/2015\/01\/Pepe-VicenteI.jpg 1364w\" sizes=\"auto, (max-width: 230px) 100vw, 230px\" \/><\/a><figcaption id=\"caption-attachment-1606\" class=\"wp-caption-text\">Pepe Vicente (1\u00aa B)\u00a0<\/figcaption><\/figure><\/li>\n<li><span style=\"color: #000080;\">Master &#8211; Manolo Navarro &amp; C\u00e1ndido Osorio . . . . . . . . . . . . . . . . . . 3\/6 6\/1 7\/5<\/span><\/li>\n<li><span style=\"color: #000080;\">2\u00aa B &#8211; Juli\u00e1n Ceacero &amp; Gregorio Mart\u00ednez . . . . . . . . . . . . . . . . . . . 6\/4 1\/6 6\/0<\/span><\/li>\n<li><span style=\"color: #000080;\">2\u00aa A &#8211; Sergio Mart\u00ed &amp; Pedro Jos\u00e9 Ortu\u00f1o . . . . . . . . . . . . . . . . . . . . . 6\/1 6\/0<\/span><\/li>\n<li><span style=\"color: #000080;\">2\u00aa A &#8211; Juan Carlos P\u00e9rez &amp; Jes\u00fas G\u00f3mez . . . . . . . . . . . . . . . . . . . .6\/2 6\/1<\/span><\/li>\n<li><span style=\"color: #000080;\">2\u00aa A &#8211; Juli\u00e1n G\u00f3mez &amp; Pedro Jos\u00e9 Ortu\u00f1o . . . . . . . . . . . . . . . . . . . .6\/3 6\/4<\/span><\/li>\n<li><span style=\"color: #000080;\">3\u00aa A &#8211; Roberto Carlos Espinosa &amp; Rafa Werner . . . . . . . . . . . . . . . 6\/1 6\/2<\/span><\/li>\n<li><span style=\"color: #000080;\">1\u00aa B &#8211; Silvio A. Carrillo &amp; Eduardo Ballesta . . . . . . . . . . . . . . . . . . . \u00a06\/0 6\/1<\/span><\/li>\n<li><span style=\"color: #000080;\">3\u00aa A &#8211; Juan Jos\u00e9 S\u00e1nchez &amp; Juan Mtez. Romero . . . . . . . . . . . . . . .6\/1 6\/0<\/span><\/li>\n<li><span style=\"color: #000080;\">Master &#8211; Alfonso Gamb\u00edn &amp; Rom\u00e1n Mart\u00ed . . . . . . . . . . . . . . . . . . . . . 6\/7 6\/1 6\/1<\/span><\/li>\n<li><span style=\"color: #000080;\">Master &#8211; Alfonso Gamb\u00edn &amp; Sergio L\u00f3pez . . . . . . . . . . . . . . . . . . . . .6\/2 6\/1<\/span><\/li>\n<li><span style=\"color: #000080;\">2\u00aa A &#8211; Joaqu\u00edn Moreno &amp; Juli\u00e1n G\u00f3mez . . . . . . . . . . . . . . . . . . . . . . .3\/6 6\/3 6\/2<\/span><\/li>\n<li><span style=\"color: #000080;\">1\u00aa B &#8211; Andr\u00e9s Camacho &amp; Fco. Hern\u00e1ndez And\u00fagar . . . . . . . . . . . . 6\/3 6\/4<\/span><\/li>\n<li><span style=\"color: #000080;\">2\u00aa B &#8211; Onofre Gonz\u00e1lez &amp; Gregorio Mart\u00ednez . . . . . . . . . . . . . . . . . . \u00a06\/1 6\/2<\/span><\/li>\n<li><span style=\"color: #000080;\">1\u00aa A &#8211; Jes\u00fas Miguel Caravaca &amp; Fco. Jos\u00e9 Pujante . . . . . . . . . . . . . \u00a06\/0 6\/1<\/span><\/li>\n<li><span style=\"color: #000080;\">Master &#8211; Fco. Gin\u00e9s Iniesta &amp; Antonio Barquero . . . . . . . . . . . . . . . . 7\/6 2\/6 6\/2<\/span>\n<p><figure id=\"attachment_1014\" aria-describedby=\"caption-attachment-1014\" style=\"width: 300px\" class=\"wp-caption alignnone\"><a href=\"https:\/\/tenislastorres.com\/tenis\/wp-content\/uploads\/2014\/01\/Fco.Gin\u00e9s-Iniesta.jpg\"><img loading=\"lazy\" decoding=\"async\" class=\"wp-image-1014 size-medium\" src=\"https:\/\/tenislastorres.com\/tenis\/wp-content\/uploads\/2014\/01\/Fco.Gin\u00e9s-Iniesta-300x200.jpg\" alt=\"Fco.Gin\u00e9s Iniesta\" width=\"300\" height=\"200\" srcset=\"https:\/\/tenislastorres.com\/tenis\/wp-content\/uploads\/2014\/01\/Fco.Gin\u00e9s-Iniesta-300x200.jpg 300w, https:\/\/tenislastorres.com\/tenis\/wp-content\/uploads\/2014\/01\/Fco.Gin\u00e9s-Iniesta-449x300.jpg 449w, https:\/\/tenislastorres.com\/tenis\/wp-content\/uploads\/2014\/01\/Fco.Gin\u00e9s-Iniesta.jpg 640w\" sizes=\"auto, (max-width: 300px) 100vw, 300px\" \/><\/a><figcaption id=\"caption-attachment-1014\" class=\"wp-caption-text\">Fco. Gin\u00e9s Iniesta (Master)<\/figcaption><\/figure><\/li>\n<li><span style=\"color: #000080;\">1\u00aa B &#8211; Silvio A. Carrillo &amp; Andr\u00e9s Camacho . . . . . . . . . . . . . . . . . . . 6\/3 6\/1<\/span><\/li>\n<li><span style=\"color: #000080;\">Veteranos &#8211; Roque Guill\u00e9n &amp; Eustaquio Cascales . . . . . . . . . . . . . \u00a06\/1 6\/1<\/span><\/li>\n<li><span style=\"color: #000080;\">3\u00aa B &#8211; Eduardo L\u00f3pez &amp; Jos\u00e9 Mar\u00eda Garc\u00eda . . . . . . . . . . . . . . . . . . . 6\/2 6\/1<\/span><\/li>\n<li><span style=\"color: #000080;\">1\u00aa B &#8211; Pepe Vicente &amp; Eduardo Ballesta . . . . . . . . . . . . . . . . . . . . . .0\/6 6\/2 6\/3<\/span><\/li>\n<li><span style=\"color: #000080;\">Veteranos &#8211; Giorgio Rognoni &amp; Paco Ros . . . . . . . . . . . . . . . . . . . . .6\/2 7\/5<\/span><\/li>\n<li><span style=\"color: #000080;\">Veteranos &#8211; Jes\u00fas Barquilla &amp; Jes\u00fas D\u00f3lera . . . . . . . . . . . . . . . . . . \u00a06\/1 6\/2<\/span><\/li>\n<li><span style=\"color: #000080;\">2\u00aa B &#8211; Juli\u00e1n Ceacero &amp; Antonio Almagro . . . . . . . . . . . . . . . . . . . . . 6\/4 2\/6 6\/4<\/span><\/li>\n<li><span style=\"color: #000080;\">3\u00aa B &#8211; Sergio Belda &amp; Eduardo L\u00f3pez . . . . . . . . . . .\u00f1 . . . . . . . . . . . .7\/6 6\/4<\/span><\/li>\n<li><span style=\"color: #000080;\">Honor &#8211; Angel Abell\u00e1n &amp; Jos\u00e9 Carlos Rico . . . . . . . . . . . . . . . . . . . . 6\/1 6\/4<\/span>\n<p><figure id=\"attachment_1026\" aria-describedby=\"caption-attachment-1026\" style=\"width: 300px\" class=\"wp-caption alignnone\"><a href=\"https:\/\/tenislastorres.com\/tenis\/wp-content\/uploads\/2014\/01\/Angel-Abell\u00e1n.jpg\"><img loading=\"lazy\" decoding=\"async\" class=\"wp-image-1026 size-medium\" src=\"https:\/\/tenislastorres.com\/tenis\/wp-content\/uploads\/2014\/01\/Angel-Abell\u00e1n-300x270.jpg\" alt=\"Angel Abell\u00e1n\" width=\"300\" height=\"270\" srcset=\"https:\/\/tenislastorres.com\/tenis\/wp-content\/uploads\/2014\/01\/Angel-Abell\u00e1n-300x270.jpg 300w, https:\/\/tenislastorres.com\/tenis\/wp-content\/uploads\/2014\/01\/Angel-Abell\u00e1n-1024x921.jpg 1024w, https:\/\/tenislastorres.com\/tenis\/wp-content\/uploads\/2014\/01\/Angel-Abell\u00e1n-333x300.jpg 333w\" sizes=\"auto, (max-width: 300px) 100vw, 300px\" \/><\/a><figcaption id=\"caption-attachment-1026\" class=\"wp-caption-text\">Angel Abell\u00e1n (Honor)<\/figcaption><\/figure><\/li>\n<\/ol>\n","protected":false},"excerpt":{"rendered":"<p>Resultados de partidos de la liga de Tenis jugados durante el mes de Enero&#8217;15, por orden de llegada a la organizaci\u00f3n: 1\u00aa A &#8211; Jes\u00fas Miguel Caravaca &amp; Fco. Javier Molt\u00f3 . . . . . . . . . . . . . 6\/3 7\/6 (10) 1\u00aa B &#8211; Francisco Hern\u00e1ndez &amp; Eduardo Ballesta &hellip; <a href=\"https:\/\/tenislastorres.com\/tenis\/2015\/01\/resultados-partidos-tenis-jugados-en-enero15\/\" class=\"more-link\">Seguir leyendo <span class=\"screen-reader-text\">Resultados liga tenis Enero&#8217;15<\/span> <span class=\"meta-nav\">&rarr;<\/span><\/a><\/p>\n","protected":false},"author":2,"featured_media":0,"comment_status":"closed","ping_status":"closed","sticky":false,"template":"","format":"standard","meta":{"footnotes":""},"categories":[13,3],"tags":[],"class_list":["post-1590","post","type-post","status-publish","format-standard","hentry","category-liga-2014-2015","category-noticias"],"_links":{"self":[{"href":"https:\/\/tenislastorres.com\/tenis\/wp-json\/wp\/v2\/posts\/1590","targetHints":{"allow":["GET"]}}],"collection":[{"href":"https:\/\/tenislastorres.com\/tenis\/wp-json\/wp\/v2\/posts"}],"about":[{"href":"https:\/\/tenislastorres.com\/tenis\/wp-json\/wp\/v2\/types\/post"}],"author":[{"embeddable":true,"href":"https:\/\/tenislastorres.com\/tenis\/wp-json\/wp\/v2\/users\/2"}],"replies":[{"embeddable":true,"href":"https:\/\/tenislastorres.com\/tenis\/wp-json\/wp\/v2\/comments?post=1590"}],"version-history":[{"count":14,"href":"https:\/\/tenislastorres.com\/tenis\/wp-json\/wp\/v2\/posts\/1590\/revisions"}],"predecessor-version":[{"id":1610,"href":"https:\/\/tenislastorres.com\/tenis\/wp-json\/wp\/v2\/posts\/1590\/revisions\/1610"}],"wp:attachment":[{"href":"https:\/\/tenislastorres.com\/tenis\/wp-json\/wp\/v2\/media?parent=1590"}],"wp:term":[{"taxonomy":"category","embeddable":true,"href":"https:\/\/tenislastorres.com\/tenis\/wp-json\/wp\/v2\/categories?post=1590"},{"taxonomy":"post_tag","embeddable":true,"href":"https:\/\/tenislastorres.com\/tenis\/wp-json\/wp\/v2\/tags?post=1590"}],"curies":[{"name":"wp","href":"https:\/\/api.w.org\/{rel}","templated":true}]}}