{"id":1225,"date":"2014-05-14T17:23:45","date_gmt":"2014-05-14T15:23:45","guid":{"rendered":"http:\/\/tenislastorres.com\/tenis\/?p=1225"},"modified":"2025-07-31T08:52:53","modified_gmt":"2025-07-31T07:52:53","slug":"dani-canete-hace-doblete-en-el-c-t-la-carolina-jaen","status":"publish","type":"post","link":"https:\/\/tenislastorres.com\/tenis\/2014\/05\/dani-canete-hace-doblete-en-el-c-t-la-carolina-jaen\/","title":{"rendered":"Dani Ca\u00f1ete hace \u00abdoblete\u00bb en el C.T. La Carolina (Ja\u00e9n)"},"content":{"rendered":"<p style=\"text-align: justify;\">La joven promesa del tenis murciano, <strong>Daniel Ca\u00f1ete<\/strong>, y participante en la 2\u00aa categor\u00eda, grupo B, de la Liga de Tenis de Las Torres de Cotillas, ha salido en loor de elogios al conseguir\u00a0hacer \u00abdoblete\u00bb con los t\u00edtulos en las categor\u00edas <strong>Infantil y Cadete<\/strong>, tras disputarse la quinta prueba puntuable para el circuito de Nivel 2 (Promoci\u00f3n) en el 2014, organizada por el <strong>C.T. La Carolina<\/strong> (Ja\u00e9n).<\/p>\n<p><img loading=\"lazy\" decoding=\"async\" src=\"http:\/\/4.bp.blogspot.com\/-xX6GgasVYOU\/U15MaNkM0OI\/AAAAAAAAGsI\/ZFxp6fIRHG4\/s1600\/20140426_185541.jpg\" alt=\"\" width=\"586\" height=\"820\" \/> <span style=\"color: #ff0000;\">Dani Ca\u00f1ete con su rival de Semifinales<\/span><\/p>\n<p style=\"text-align: justify;\">En la categor\u00eda infantil se impuso en la final al baezano <strong>Fabi\u00e1n Lozano<\/strong>, siendo semifinalistas Carlos Madr\u00edd de Ubeda, y el cordob\u00e9s Angel Herreros. En categor\u00eda cadete, el tenista afincado en Las Torres de Cotillas,<strong> Dani Ca\u00f1ete<\/strong>, venci\u00f3 al jienense <strong>Jorge Ure\u00f1a<\/strong>, quedando en semifinales el granadino Alvaro Montes y el ruse\u00f1o Placer Berzosa. En alev\u00edn, el cazorle\u00f1o <strong>Diego G\u00f3mez<\/strong>, se impuso en al final al granadino <strong>Dylan Diaz<\/strong>. <a href=\"https:\/\/tenislastorres.com\/tenis\/wp-content\/uploads\/2014\/05\/Dani-Ca\u00f1ete.jpg\"><img loading=\"lazy\" decoding=\"async\" class=\"alignnone  wp-image-1226\" src=\"https:\/\/tenislastorres.com\/tenis\/wp-content\/uploads\/2014\/05\/Dani-Ca\u00f1ete-225x300.jpg\" alt=\"Dani Ca\u00f1ete\" width=\"419\" height=\"604\" \/><\/a><\/p>\n<p style=\"text-align: justify;\">Desde la Asociaci\u00f3n de Tenis felicitamos al joven tenista por sus triunfos, al mismo tiempo que le animamos a que siga su l\u00ednea ascendente, con el prop\u00f3sito de verle muy pronto en lo m\u00e1s alto del tenis. Enhorabuena.<\/p>\n","protected":false},"excerpt":{"rendered":"<p>La joven promesa del tenis murciano, Daniel Ca\u00f1ete, y participante en la 2\u00aa categor\u00eda, grupo B, de la Liga de Tenis de Las Torres de Cotillas, ha salido en loor de elogios al conseguir\u00a0hacer \u00abdoblete\u00bb con los t\u00edtulos en las categor\u00edas Infantil y Cadete, tras disputarse la quinta prueba puntuable para el circuito de Nivel &hellip; <a href=\"https:\/\/tenislastorres.com\/tenis\/2014\/05\/dani-canete-hace-doblete-en-el-c-t-la-carolina-jaen\/\" class=\"more-link\">Seguir leyendo <span class=\"screen-reader-text\">Dani Ca\u00f1ete hace \u00abdoblete\u00bb en el C.T. La Carolina (Ja\u00e9n)<\/span> <span class=\"meta-nav\">&rarr;<\/span><\/a><\/p>\n","protected":false},"author":2,"featured_media":0,"comment_status":"closed","ping_status":"closed","sticky":false,"template":"","format":"standard","meta":{"footnotes":""},"categories":[3],"tags":[],"class_list":["post-1225","post","type-post","status-publish","format-standard","hentry","category-noticias"],"_links":{"self":[{"href":"https:\/\/tenislastorres.com\/tenis\/wp-json\/wp\/v2\/posts\/1225","targetHints":{"allow":["GET"]}}],"collection":[{"href":"https:\/\/tenislastorres.com\/tenis\/wp-json\/wp\/v2\/posts"}],"about":[{"href":"https:\/\/tenislastorres.com\/tenis\/wp-json\/wp\/v2\/types\/post"}],"author":[{"embeddable":true,"href":"https:\/\/tenislastorres.com\/tenis\/wp-json\/wp\/v2\/users\/2"}],"replies":[{"embeddable":true,"href":"https:\/\/tenislastorres.com\/tenis\/wp-json\/wp\/v2\/comments?post=1225"}],"version-history":[{"count":3,"href":"https:\/\/tenislastorres.com\/tenis\/wp-json\/wp\/v2\/posts\/1225\/revisions"}],"predecessor-version":[{"id":1235,"href":"https:\/\/tenislastorres.com\/tenis\/wp-json\/wp\/v2\/posts\/1225\/revisions\/1235"}],"wp:attachment":[{"href":"https:\/\/tenislastorres.com\/tenis\/wp-json\/wp\/v2\/media?parent=1225"}],"wp:term":[{"taxonomy":"category","embeddable":true,"href":"https:\/\/tenislastorres.com\/tenis\/wp-json\/wp\/v2\/categories?post=1225"},{"taxonomy":"post_tag","embeddable":true,"href":"https:\/\/tenislastorres.com\/tenis\/wp-json\/wp\/v2\/tags?post=1225"}],"curies":[{"name":"wp","href":"https:\/\/api.w.org\/{rel}","templated":true}]}}